{"id":1633,"date":"2009-01-21T15:37:00","date_gmt":"2009-01-21T15:37:00","guid":{"rendered":"https:\/\/www.oidossucios.com\/site\/2009\/01\/21\/portada-de-u2-es-un-plagio\/"},"modified":"2009-01-21T15:37:00","modified_gmt":"2009-01-21T15:37:00","slug":"portada-de-u2-es-un-plagio","status":"publish","type":"post","link":"https:\/\/www.oidossucios.com\/site\/portada-de-u2-es-un-plagio\/","title":{"rendered":"Portada de U2 es un plagio"},"content":{"rendered":"<p>La banda U2, que ha estado produciendo su nuevo disco &#8220;No Line On The Horizon&#8221;, y alist\u00e1ndolo para su salida al mercado, ha sido acusada de utilizar la misma imagen que la de un disco del artista Taylor Deupree, titulado &#8220;Specification. Fifteen&#8221;(2006).<\/p>\n<p>La imagen que ilustra ambas portadas est\u00e1 basada en una fotograf\u00eda del artista japon\u00e9s Hiroshi Sugimoto. Deupree escribi\u00f3 en su blog y a la prensa que U2 no hizo la investigaci\u00f3n adecuada para seleccionar su portada, aclarando que la imagen que usan para su nuevo disco es una copia exacta a la de su \u00e1lbum &#8220;Specification.Fifteen&#8221;.<\/p>\n<p>Taylor Deupree dijo tambi\u00e9n que no cree que esta disputa deba llegar al terreno legal, pero espera que U2 cambie el arte de su disco lo antes posible. La nueva producci\u00f3n de U2 &#8220;No Line On The Horizon&#8221;, ser\u00e1 lanzada el pr\u00f3ximo 2 de marzo.<\/p>\n","protected":false},"excerpt":{"rendered":"<p>El m\u00fasico norteamericano Taylor Deupree, acus\u00f3 a U2 de copiar la portada de uno de sus discos, para usarla en su nueva producci\u00f3n<\/p>\n","protected":false},"author":4,"featured_media":100001629,"comment_status":"open","ping_status":"open","sticky":false,"template":"","format":"standard","meta":{"_jetpack_memberships_contains_paid_content":false,"footnotes":""},"categories":[250],"tags":[],"class_list":["post-1633","post","type-post","status-publish","format-standard","has-post-thumbnail","hentry","category-noticias"],"jetpack_featured_media_url":"https:\/\/www.oidossucios.com\/site\/wp-content\/uploads\/2009\/01\/1629.jpg","yoast_head":"<!-- This site is optimized with the Yoast SEO plugin v14.0.4 - https:\/\/yoast.com\/wordpress\/plugins\/seo\/ -->\n<title>Portada de U2 es un plagio - OidosSucios.Com<\/title>\n<meta name=\"description\" content=\"La banda se presentar\u00e1 el 5 de abril en el Quilmes Rock Festival, en el Estadio River Plate de Buenos Aires\" \/>\n<meta name=\"robots\" content=\"index, follow\" \/>\n<meta name=\"googlebot\" content=\"index, follow, max-snippet:-1, max-image-preview:large, max-video-preview:-1\" \/>\n<meta name=\"bingbot\" content=\"index, follow, max-snippet:-1, max-image-preview:large, max-video-preview:-1\" \/>\n<link rel=\"canonical\" href=\"https:\/\/www.oidossucios.com\/site\/portada-de-u2-es-un-plagio\/\" \/>\n<meta property=\"og:locale\" content=\"es_ES\" \/>\n<meta property=\"og:type\" content=\"article\" \/>\n<meta property=\"og:title\" content=\"Portada de U2 es un plagio - OidosSucios.Com\" \/>\n<meta property=\"og:description\" content=\"La banda se presentar\u00e1 el 5 de abril en el Quilmes Rock Festival, en el Estadio River Plate de Buenos Aires\" \/>\n<meta property=\"og:url\" content=\"https:\/\/www.oidossucios.com\/site\/portada-de-u2-es-un-plagio\/\" \/>\n<meta property=\"og:site_name\" content=\"OidosSucios.Com\" \/>\n<meta property=\"article:published_time\" content=\"2009-01-21T15:37:00+00:00\" \/>\n<meta property=\"og:image\" content=\"https:\/\/www.oidossucios.com\/site\/wp-content\/uploads\/2009\/01\/1629.jpg\" \/>\n\t<meta property=\"og:image:width\" content=\"290\" \/>\n\t<meta property=\"og:image:height\" content=\"100\" \/>\n<meta name=\"twitter:card\" content=\"summary_large_image\" \/>\n<meta name=\"twitter:creator\" content=\"@oidossucios\" \/>\n<script type=\"application\/ld+json\" class=\"yoast-schema-graph\">{\"@context\":\"https:\/\/schema.org\",\"@graph\":[{\"@type\":\"WebSite\",\"@id\":\"https:\/\/www.oidossucios.com\/site\/#website\",\"url\":\"https:\/\/www.oidossucios.com\/site\/\",\"name\":\"OidosSucios.Com\",\"description\":\"M\\u00fasica, conciertos, discos\",\"potentialAction\":[{\"@type\":\"SearchAction\",\"target\":\"https:\/\/www.oidossucios.com\/site\/?s={search_term_string}\",\"query-input\":\"required name=search_term_string\"}],\"inLanguage\":\"es\"},{\"@type\":\"ImageObject\",\"@id\":\"https:\/\/www.oidossucios.com\/site\/portada-de-u2-es-un-plagio\/#primaryimage\",\"inLanguage\":\"es\",\"url\":\"https:\/\/www.oidossucios.com\/site\/wp-content\/uploads\/2009\/01\/1629.jpg\",\"width\":290,\"height\":100},{\"@type\":\"WebPage\",\"@id\":\"https:\/\/www.oidossucios.com\/site\/portada-de-u2-es-un-plagio\/#webpage\",\"url\":\"https:\/\/www.oidossucios.com\/site\/portada-de-u2-es-un-plagio\/\",\"name\":\"Portada de U2 es un plagio - OidosSucios.Com\",\"isPartOf\":{\"@id\":\"https:\/\/www.oidossucios.com\/site\/#website\"},\"primaryImageOfPage\":{\"@id\":\"https:\/\/www.oidossucios.com\/site\/portada-de-u2-es-un-plagio\/#primaryimage\"},\"datePublished\":\"2009-01-21T15:37:00+00:00\",\"dateModified\":\"2009-01-21T15:37:00+00:00\",\"author\":{\"@id\":\"https:\/\/www.oidossucios.com\/site\/#\/schema\/person\/24559eeb76bf83a63296fb072393a688\"},\"description\":\"La banda se presentar\\u00e1 el 5 de abril en el Quilmes Rock Festival, en el Estadio River Plate de Buenos Aires\",\"inLanguage\":\"es\",\"potentialAction\":[{\"@type\":\"ReadAction\",\"target\":[\"https:\/\/www.oidossucios.com\/site\/portada-de-u2-es-un-plagio\/\"]}]},{\"@type\":[\"Person\"],\"@id\":\"https:\/\/www.oidossucios.com\/site\/#\/schema\/person\/24559eeb76bf83a63296fb072393a688\",\"name\":\"Oidossucios\",\"image\":{\"@type\":\"ImageObject\",\"@id\":\"https:\/\/www.oidossucios.com\/site\/#personlogo\",\"inLanguage\":\"es\",\"url\":\"https:\/\/secure.gravatar.com\/avatar\/74fcb480f42f1a33e50a0b6e6369a3f907be2e43dc84fa5f76c66e9c22b4a5ab?s=96&d=mm&r=g\",\"caption\":\"Oidossucios\"},\"sameAs\":[\"https:\/\/twitter.com\/oidossucios\"]}]}<\/script>\n<!-- \/ Yoast SEO plugin. -->","jetpack_sharing_enabled":true,"_links":{"self":[{"href":"https:\/\/www.oidossucios.com\/site\/wp-json\/wp\/v2\/posts\/1633","targetHints":{"allow":["GET"]}}],"collection":[{"href":"https:\/\/www.oidossucios.com\/site\/wp-json\/wp\/v2\/posts"}],"about":[{"href":"https:\/\/www.oidossucios.com\/site\/wp-json\/wp\/v2\/types\/post"}],"author":[{"embeddable":true,"href":"https:\/\/www.oidossucios.com\/site\/wp-json\/wp\/v2\/users\/4"}],"replies":[{"embeddable":true,"href":"https:\/\/www.oidossucios.com\/site\/wp-json\/wp\/v2\/comments?post=1633"}],"version-history":[{"count":0,"href":"https:\/\/www.oidossucios.com\/site\/wp-json\/wp\/v2\/posts\/1633\/revisions"}],"wp:featuredmedia":[{"embeddable":true,"href":"https:\/\/www.oidossucios.com\/site\/wp-json\/wp\/v2\/media\/100001629"}],"wp:attachment":[{"href":"https:\/\/www.oidossucios.com\/site\/wp-json\/wp\/v2\/media?parent=1633"}],"wp:term":[{"taxonomy":"category","embeddable":true,"href":"https:\/\/www.oidossucios.com\/site\/wp-json\/wp\/v2\/categories?post=1633"},{"taxonomy":"post_tag","embeddable":true,"href":"https:\/\/www.oidossucios.com\/site\/wp-json\/wp\/v2\/tags?post=1633"}],"curies":[{"name":"wp","href":"https:\/\/api.w.org\/{rel}","templated":true}]}}