{"id":1653,"date":"2009-02-03T23:31:00","date_gmt":"2009-02-03T23:31:00","guid":{"rendered":"https:\/\/www.oidossucios.com\/site\/2009\/02\/03\/phil-rudd-se-va-de-ac-dc\/"},"modified":"2009-02-03T23:31:00","modified_gmt":"2009-02-03T23:31:00","slug":"phil-rudd-se-va-de-ac-dc","status":"publish","type":"post","link":"https:\/\/www.oidossucios.com\/site\/phil-rudd-se-va-de-ac-dc\/","title":{"rendered":"Phil Rudd se va de AC\/DC"},"content":{"rendered":"<p>AC\/DC confirm\u00f3 la salida de la banda de su baterista Phil Rudd, quien dejar\u00e1 el grupo cuando terminen su actual gira norteamericana. La noticia fue difundida por Melissa Roxford,  manager de atenci\u00f3n al cliente de Sony Music. El sustituto de Rudd ser\u00e1 Chris Slade, que actualmente formaba parte de la agrupaci\u00f3n MSG, mejor conocida como Michael Schenker Group.<\/p>\n<p>La raz\u00f3n por la que Rudd se separar\u00e1 de AC\/DC es su necesidad de descansar del mundo de la m\u00fasica, en el cual ya no se sent\u00eda c\u00f3modo, inform\u00f3 Melissa Roxford. Phil Rudd ingres\u00f3 a la banda en 1975 y se mantuvo hasta 1983, cuando la muerte del ex-vocalista, Bon Scott, lo llev\u00f3 a salir temporalmente. Volvi\u00f3 al grupo en 1994, y desde ese entonces ha permanecido en la alineaci\u00f3n.<\/p>\n<p>Los planes de AC\/DC no se ver\u00e1n alterados por el cambio de baterista. Su gira europea comenzar\u00e1 en febrero tal como se hab\u00eda pautado.<\/p>\n","protected":false},"excerpt":{"rendered":"<p>El baterista de la banda AC\/DC se separar\u00e1 del grupo en los pr\u00f3ximos d\u00edas, apenas termine su gira norteamericana<\/p>\n","protected":false},"author":4,"featured_media":100001649,"comment_status":"open","ping_status":"open","sticky":false,"template":"","format":"standard","meta":{"_jetpack_memberships_contains_paid_content":false,"footnotes":""},"categories":[250],"tags":[584],"class_list":["post-1653","post","type-post","status-publish","format-standard","has-post-thumbnail","hentry","category-noticias","tag-kiss"],"jetpack_featured_media_url":"https:\/\/www.oidossucios.com\/site\/wp-content\/uploads\/2009\/02\/1649.jpg","yoast_head":"<!-- This site is optimized with the Yoast SEO plugin v14.0.4 - https:\/\/yoast.com\/wordpress\/plugins\/seo\/ -->\n<title>Phil Rudd se va de AC\/DC - OidosSucios.Com<\/title>\n<meta name=\"description\" content=\"La legendaria banda pisar\u00e1 suelo venezolano de la mano de Solid Show Producciones para una \u00fanica presentaci\u00f3n el jueves 16 de abril.\" \/>\n<meta name=\"robots\" content=\"index, follow\" \/>\n<meta name=\"googlebot\" content=\"index, follow, max-snippet:-1, max-image-preview:large, max-video-preview:-1\" \/>\n<meta name=\"bingbot\" content=\"index, follow, max-snippet:-1, max-image-preview:large, max-video-preview:-1\" \/>\n<link rel=\"canonical\" href=\"https:\/\/www.oidossucios.com\/site\/phil-rudd-se-va-de-ac-dc\/\" \/>\n<meta property=\"og:locale\" content=\"es_ES\" \/>\n<meta property=\"og:type\" content=\"article\" \/>\n<meta property=\"og:title\" content=\"Phil Rudd se va de AC\/DC - OidosSucios.Com\" \/>\n<meta property=\"og:description\" content=\"La legendaria banda pisar\u00e1 suelo venezolano de la mano de Solid Show Producciones para una \u00fanica presentaci\u00f3n el jueves 16 de abril.\" \/>\n<meta property=\"og:url\" content=\"https:\/\/www.oidossucios.com\/site\/phil-rudd-se-va-de-ac-dc\/\" \/>\n<meta property=\"og:site_name\" content=\"OidosSucios.Com\" \/>\n<meta property=\"article:published_time\" content=\"2009-02-03T23:31:00+00:00\" \/>\n<meta property=\"og:image\" content=\"https:\/\/www.oidossucios.com\/site\/wp-content\/uploads\/2009\/02\/1649.jpg\" \/>\n\t<meta property=\"og:image:width\" content=\"290\" \/>\n\t<meta property=\"og:image:height\" content=\"100\" \/>\n<meta name=\"twitter:card\" content=\"summary_large_image\" \/>\n<meta name=\"twitter:creator\" content=\"@oidossucios\" \/>\n<script type=\"application\/ld+json\" class=\"yoast-schema-graph\">{\"@context\":\"https:\/\/schema.org\",\"@graph\":[{\"@type\":\"WebSite\",\"@id\":\"https:\/\/www.oidossucios.com\/site\/#website\",\"url\":\"https:\/\/www.oidossucios.com\/site\/\",\"name\":\"OidosSucios.Com\",\"description\":\"M\\u00fasica, conciertos, discos\",\"potentialAction\":[{\"@type\":\"SearchAction\",\"target\":\"https:\/\/www.oidossucios.com\/site\/?s={search_term_string}\",\"query-input\":\"required name=search_term_string\"}],\"inLanguage\":\"es\"},{\"@type\":\"ImageObject\",\"@id\":\"https:\/\/www.oidossucios.com\/site\/phil-rudd-se-va-de-ac-dc\/#primaryimage\",\"inLanguage\":\"es\",\"url\":\"https:\/\/www.oidossucios.com\/site\/wp-content\/uploads\/2009\/02\/1649.jpg\",\"width\":290,\"height\":100},{\"@type\":\"WebPage\",\"@id\":\"https:\/\/www.oidossucios.com\/site\/phil-rudd-se-va-de-ac-dc\/#webpage\",\"url\":\"https:\/\/www.oidossucios.com\/site\/phil-rudd-se-va-de-ac-dc\/\",\"name\":\"Phil Rudd se va de AC\/DC - OidosSucios.Com\",\"isPartOf\":{\"@id\":\"https:\/\/www.oidossucios.com\/site\/#website\"},\"primaryImageOfPage\":{\"@id\":\"https:\/\/www.oidossucios.com\/site\/phil-rudd-se-va-de-ac-dc\/#primaryimage\"},\"datePublished\":\"2009-02-03T23:31:00+00:00\",\"dateModified\":\"2009-02-03T23:31:00+00:00\",\"author\":{\"@id\":\"https:\/\/www.oidossucios.com\/site\/#\/schema\/person\/24559eeb76bf83a63296fb072393a688\"},\"description\":\"La legendaria banda pisar\\u00e1 suelo venezolano de la mano de Solid Show Producciones para una \\u00fanica presentaci\\u00f3n el jueves 16 de abril.\",\"inLanguage\":\"es\",\"potentialAction\":[{\"@type\":\"ReadAction\",\"target\":[\"https:\/\/www.oidossucios.com\/site\/phil-rudd-se-va-de-ac-dc\/\"]}]},{\"@type\":[\"Person\"],\"@id\":\"https:\/\/www.oidossucios.com\/site\/#\/schema\/person\/24559eeb76bf83a63296fb072393a688\",\"name\":\"Oidossucios\",\"image\":{\"@type\":\"ImageObject\",\"@id\":\"https:\/\/www.oidossucios.com\/site\/#personlogo\",\"inLanguage\":\"es\",\"url\":\"https:\/\/secure.gravatar.com\/avatar\/74fcb480f42f1a33e50a0b6e6369a3f907be2e43dc84fa5f76c66e9c22b4a5ab?s=96&d=mm&r=g\",\"caption\":\"Oidossucios\"},\"sameAs\":[\"https:\/\/twitter.com\/oidossucios\"]}]}<\/script>\n<!-- \/ Yoast SEO plugin. -->","jetpack_sharing_enabled":true,"_links":{"self":[{"href":"https:\/\/www.oidossucios.com\/site\/wp-json\/wp\/v2\/posts\/1653","targetHints":{"allow":["GET"]}}],"collection":[{"href":"https:\/\/www.oidossucios.com\/site\/wp-json\/wp\/v2\/posts"}],"about":[{"href":"https:\/\/www.oidossucios.com\/site\/wp-json\/wp\/v2\/types\/post"}],"author":[{"embeddable":true,"href":"https:\/\/www.oidossucios.com\/site\/wp-json\/wp\/v2\/users\/4"}],"replies":[{"embeddable":true,"href":"https:\/\/www.oidossucios.com\/site\/wp-json\/wp\/v2\/comments?post=1653"}],"version-history":[{"count":0,"href":"https:\/\/www.oidossucios.com\/site\/wp-json\/wp\/v2\/posts\/1653\/revisions"}],"wp:featuredmedia":[{"embeddable":true,"href":"https:\/\/www.oidossucios.com\/site\/wp-json\/wp\/v2\/media\/100001649"}],"wp:attachment":[{"href":"https:\/\/www.oidossucios.com\/site\/wp-json\/wp\/v2\/media?parent=1653"}],"wp:term":[{"taxonomy":"category","embeddable":true,"href":"https:\/\/www.oidossucios.com\/site\/wp-json\/wp\/v2\/categories?post=1653"},{"taxonomy":"post_tag","embeddable":true,"href":"https:\/\/www.oidossucios.com\/site\/wp-json\/wp\/v2\/tags?post=1653"}],"curies":[{"name":"wp","href":"https:\/\/api.w.org\/{rel}","templated":true}]}}