{"id":1672,"date":"2009-02-17T00:26:00","date_gmt":"2009-02-17T00:26:00","guid":{"rendered":"https:\/\/www.oidossucios.com\/site\/2009\/02\/17\/limp-bizkit-entra-a-estudios-a-grabar\/"},"modified":"2009-02-17T00:26:00","modified_gmt":"2009-02-17T00:26:00","slug":"limp-bizkit-entra-a-estudios-a-grabar","status":"publish","type":"post","link":"https:\/\/www.oidossucios.com\/site\/limp-bizkit-entra-a-estudios-a-grabar\/","title":{"rendered":"Limp Bizkit entra a estudios a grabar"},"content":{"rendered":"<p>Limp Bizkit anunci\u00f3 que regresa a los estudios y escenarios con su formaci\u00f3n original, despu\u00e9s de que el vocalista Fred Durst arreglara los conflictos que ten\u00eda con el guitarrista, Wes Borland. En un comunicado Fred Durst inform\u00f3 que la banda volver\u00e1 a su alineaci\u00f3n original y que entraron a estudios a grabar.<\/p>\n<p>El disco, que ser\u00e1 sucesor de &#8220;The Unquestionable Truth&#8221;(2005), no tiene a\u00fan una fecha de lanzamiento, s\u00f3lo se conoci\u00f3 que se espera finalizar antes de mediados de a\u00f1o, fecha en la cual la banda empezar\u00e1 su tour por Europa, los pa\u00edses B\u00e1lticos y norteam\u00e9rica. La agrupaci\u00f3n no dio a conocer el itinerario completo de su pr\u00f3xima gira, por lo cual a\u00fan se espera el anuncio de una visita a los pa\u00edses de latinoam\u00e9rica.<\/p>\n<p>Limp Bizkit tambi\u00e9n se presentar\u00e1 en junio en el Download Festival de Inglaterra, junto a koRn y otros grupos por confirmar.<\/p>\n","protected":false},"excerpt":{"rendered":"<p>La banda inform\u00f3 que se reunir\u00e1 para grabar un nuevo \u00e1lbum y hacer una gira con la alineaci\u00f3n original<\/p>\n","protected":false},"author":4,"featured_media":100001672,"comment_status":"open","ping_status":"open","sticky":false,"template":"","format":"standard","meta":{"_jetpack_memberships_contains_paid_content":false,"footnotes":""},"categories":[250],"tags":[],"class_list":["post-1672","post","type-post","status-publish","format-standard","has-post-thumbnail","hentry","category-noticias"],"jetpack_featured_media_url":"https:\/\/www.oidossucios.com\/site\/wp-content\/uploads\/2009\/02\/1672.jpg","yoast_head":"<!-- This site is optimized with the Yoast SEO plugin v14.0.4 - https:\/\/yoast.com\/wordpress\/plugins\/seo\/ -->\n<title>Limp Bizkit entra a estudios a grabar - OidosSucios.Com<\/title>\n<meta name=\"description\" content=\"La banda de ska venezolana tocar\u00e1 en el Festival Rec Beat, que se llevar\u00e1 a cabo durante los Carnavales de Brasil\" \/>\n<meta name=\"robots\" content=\"index, follow\" \/>\n<meta name=\"googlebot\" content=\"index, follow, max-snippet:-1, max-image-preview:large, max-video-preview:-1\" \/>\n<meta name=\"bingbot\" content=\"index, follow, max-snippet:-1, max-image-preview:large, max-video-preview:-1\" \/>\n<link rel=\"canonical\" href=\"https:\/\/www.oidossucios.com\/site\/limp-bizkit-entra-a-estudios-a-grabar\/\" \/>\n<meta property=\"og:locale\" content=\"es_ES\" \/>\n<meta property=\"og:type\" content=\"article\" \/>\n<meta property=\"og:title\" content=\"Limp Bizkit entra a estudios a grabar - OidosSucios.Com\" \/>\n<meta property=\"og:description\" content=\"La banda de ska venezolana tocar\u00e1 en el Festival Rec Beat, que se llevar\u00e1 a cabo durante los Carnavales de Brasil\" \/>\n<meta property=\"og:url\" content=\"https:\/\/www.oidossucios.com\/site\/limp-bizkit-entra-a-estudios-a-grabar\/\" \/>\n<meta property=\"og:site_name\" content=\"OidosSucios.Com\" \/>\n<meta property=\"article:published_time\" content=\"2009-02-17T00:26:00+00:00\" \/>\n<meta property=\"og:image\" content=\"https:\/\/www.oidossucios.com\/site\/wp-content\/uploads\/2009\/02\/1672.jpg\" \/>\n\t<meta property=\"og:image:width\" content=\"290\" \/>\n\t<meta property=\"og:image:height\" content=\"100\" \/>\n<meta name=\"twitter:card\" content=\"summary_large_image\" \/>\n<meta name=\"twitter:creator\" content=\"@oidossucios\" \/>\n<script type=\"application\/ld+json\" class=\"yoast-schema-graph\">{\"@context\":\"https:\/\/schema.org\",\"@graph\":[{\"@type\":\"WebSite\",\"@id\":\"https:\/\/www.oidossucios.com\/site\/#website\",\"url\":\"https:\/\/www.oidossucios.com\/site\/\",\"name\":\"OidosSucios.Com\",\"description\":\"M\\u00fasica, conciertos, discos\",\"potentialAction\":[{\"@type\":\"SearchAction\",\"target\":\"https:\/\/www.oidossucios.com\/site\/?s={search_term_string}\",\"query-input\":\"required name=search_term_string\"}],\"inLanguage\":\"es\"},{\"@type\":\"ImageObject\",\"@id\":\"https:\/\/www.oidossucios.com\/site\/limp-bizkit-entra-a-estudios-a-grabar\/#primaryimage\",\"inLanguage\":\"es\",\"url\":\"https:\/\/www.oidossucios.com\/site\/wp-content\/uploads\/2009\/02\/1672.jpg\",\"width\":290,\"height\":100},{\"@type\":\"WebPage\",\"@id\":\"https:\/\/www.oidossucios.com\/site\/limp-bizkit-entra-a-estudios-a-grabar\/#webpage\",\"url\":\"https:\/\/www.oidossucios.com\/site\/limp-bizkit-entra-a-estudios-a-grabar\/\",\"name\":\"Limp Bizkit entra a estudios a grabar - OidosSucios.Com\",\"isPartOf\":{\"@id\":\"https:\/\/www.oidossucios.com\/site\/#website\"},\"primaryImageOfPage\":{\"@id\":\"https:\/\/www.oidossucios.com\/site\/limp-bizkit-entra-a-estudios-a-grabar\/#primaryimage\"},\"datePublished\":\"2009-02-17T00:26:00+00:00\",\"dateModified\":\"2009-02-17T00:26:00+00:00\",\"author\":{\"@id\":\"https:\/\/www.oidossucios.com\/site\/#\/schema\/person\/24559eeb76bf83a63296fb072393a688\"},\"description\":\"La banda de ska venezolana tocar\\u00e1 en el Festival Rec Beat, que se llevar\\u00e1 a cabo durante los Carnavales de Brasil\",\"inLanguage\":\"es\",\"potentialAction\":[{\"@type\":\"ReadAction\",\"target\":[\"https:\/\/www.oidossucios.com\/site\/limp-bizkit-entra-a-estudios-a-grabar\/\"]}]},{\"@type\":[\"Person\"],\"@id\":\"https:\/\/www.oidossucios.com\/site\/#\/schema\/person\/24559eeb76bf83a63296fb072393a688\",\"name\":\"Oidossucios\",\"image\":{\"@type\":\"ImageObject\",\"@id\":\"https:\/\/www.oidossucios.com\/site\/#personlogo\",\"inLanguage\":\"es\",\"url\":\"https:\/\/secure.gravatar.com\/avatar\/74fcb480f42f1a33e50a0b6e6369a3f907be2e43dc84fa5f76c66e9c22b4a5ab?s=96&d=mm&r=g\",\"caption\":\"Oidossucios\"},\"sameAs\":[\"https:\/\/twitter.com\/oidossucios\"]}]}<\/script>\n<!-- \/ Yoast SEO plugin. -->","jetpack_sharing_enabled":true,"_links":{"self":[{"href":"https:\/\/www.oidossucios.com\/site\/wp-json\/wp\/v2\/posts\/1672","targetHints":{"allow":["GET"]}}],"collection":[{"href":"https:\/\/www.oidossucios.com\/site\/wp-json\/wp\/v2\/posts"}],"about":[{"href":"https:\/\/www.oidossucios.com\/site\/wp-json\/wp\/v2\/types\/post"}],"author":[{"embeddable":true,"href":"https:\/\/www.oidossucios.com\/site\/wp-json\/wp\/v2\/users\/4"}],"replies":[{"embeddable":true,"href":"https:\/\/www.oidossucios.com\/site\/wp-json\/wp\/v2\/comments?post=1672"}],"version-history":[{"count":0,"href":"https:\/\/www.oidossucios.com\/site\/wp-json\/wp\/v2\/posts\/1672\/revisions"}],"wp:featuredmedia":[{"embeddable":true,"href":"https:\/\/www.oidossucios.com\/site\/wp-json\/wp\/v2\/media\/100001672"}],"wp:attachment":[{"href":"https:\/\/www.oidossucios.com\/site\/wp-json\/wp\/v2\/media?parent=1672"}],"wp:term":[{"taxonomy":"category","embeddable":true,"href":"https:\/\/www.oidossucios.com\/site\/wp-json\/wp\/v2\/categories?post=1672"},{"taxonomy":"post_tag","embeddable":true,"href":"https:\/\/www.oidossucios.com\/site\/wp-json\/wp\/v2\/tags?post=1672"}],"curies":[{"name":"wp","href":"https:\/\/api.w.org\/{rel}","templated":true}]}}