{"id":1707,"date":"2009-03-17T23:50:00","date_gmt":"2009-03-17T23:50:00","guid":{"rendered":"https:\/\/www.oidossucios.com\/site\/2009\/03\/17\/mojo-pojo-y-verona-en-el-teatro\/"},"modified":"2009-03-17T23:50:00","modified_gmt":"2009-03-17T23:50:00","slug":"mojo-pojo-y-verona-en-el-teatro","status":"publish","type":"post","link":"https:\/\/www.oidossucios.com\/site\/mojo-pojo-y-verona-en-el-teatro\/","title":{"rendered":"Mojo Pojo y Verona en El Teatro"},"content":{"rendered":"<p>El s\u00e1bado 21 de marzo, la banda venezolana de rock progresivo Mojo Pojo, dar\u00e1 un concierto en el Teatro Bar. En ese mismo evento, la agrupaci\u00f3n compartir\u00e1 tarima con la agrupaci\u00f3n venezolana Verona. Ambas bandas realizar\u00e1n un show acompa\u00f1ado de im\u00e1genes y videos. Mojo Pojo tocar\u00e1 sus nuevas canciones, que forman parte de su m\u00e1s reciente trabajo, el cual ser\u00e1 lanzado oficialmente en los pr\u00f3ximos meses.<\/p>\n<p>Mojo Pojo est\u00e1 actualmente en la etapa final de masterizaci\u00f3n de su disco y preparando la grabaci\u00f3n de su primer videoclip. Verona, que ya ha publicado dos \u00e1lbumes, est\u00e1 trabajando en su pr\u00f3ximo sencillo promocional, que ser\u00e1 parte de su pr\u00f3xima producci\u00f3n discogr\u00e1fica. Este concierto ser\u00e1 el primero de Mojo Pojo en lo que va de este a\u00f1o, luego de que el a\u00f1o pasado recorrieron parte del interior del pa\u00eds, para realizar una serie de presentaciones. <\/p>\n<p>El evento se llevar\u00e1 a cabo el s\u00e1bado 21 a partir de las 10 de la noche, en El Teatro Bar, Las Mercedes, con un costo de 20 Bs.F en la entrada.<\/p>\n","protected":false},"excerpt":{"rendered":"<p>El s\u00e1bado 21 de marzo se presentar\u00e1 Mojo Pojo en El Teatro Bar, junto a la banda Verona de Punto Fijo.<\/p>\n","protected":false},"author":4,"featured_media":100001703,"comment_status":"open","ping_status":"open","sticky":false,"template":"","format":"standard","meta":{"_jetpack_memberships_contains_paid_content":false,"footnotes":""},"categories":[250],"tags":[],"class_list":["post-1707","post","type-post","status-publish","format-standard","has-post-thumbnail","hentry","category-noticias"],"jetpack_featured_media_url":"https:\/\/www.oidossucios.com\/site\/wp-content\/uploads\/2009\/03\/1703.jpg","yoast_head":"<!-- This site is optimized with the Yoast SEO plugin v14.0.4 - https:\/\/yoast.com\/wordpress\/plugins\/seo\/ -->\n<title>Mojo Pojo y Verona en El Teatro - OidosSucios.Com<\/title>\n<meta name=\"description\" content=\"Luego de varios a\u00f1os de receso, Elefreak volver\u00e1 a tocar en El Teatro Bar, este s\u00e1bado 14 de marzo\" \/>\n<meta name=\"robots\" content=\"index, follow\" \/>\n<meta name=\"googlebot\" content=\"index, follow, max-snippet:-1, max-image-preview:large, max-video-preview:-1\" \/>\n<meta name=\"bingbot\" content=\"index, follow, max-snippet:-1, max-image-preview:large, max-video-preview:-1\" \/>\n<link rel=\"canonical\" href=\"https:\/\/www.oidossucios.com\/site\/mojo-pojo-y-verona-en-el-teatro\/\" \/>\n<meta property=\"og:locale\" content=\"es_ES\" \/>\n<meta property=\"og:type\" content=\"article\" \/>\n<meta property=\"og:title\" content=\"Mojo Pojo y Verona en El Teatro - OidosSucios.Com\" \/>\n<meta property=\"og:description\" content=\"Luego de varios a\u00f1os de receso, Elefreak volver\u00e1 a tocar en El Teatro Bar, este s\u00e1bado 14 de marzo\" \/>\n<meta property=\"og:url\" content=\"https:\/\/www.oidossucios.com\/site\/mojo-pojo-y-verona-en-el-teatro\/\" \/>\n<meta property=\"og:site_name\" content=\"OidosSucios.Com\" \/>\n<meta property=\"article:published_time\" content=\"2009-03-17T23:50:00+00:00\" \/>\n<meta property=\"og:image\" content=\"https:\/\/www.oidossucios.com\/site\/wp-content\/uploads\/2009\/03\/1703.jpg\" \/>\n\t<meta property=\"og:image:width\" content=\"290\" \/>\n\t<meta property=\"og:image:height\" content=\"100\" \/>\n<meta name=\"twitter:card\" content=\"summary_large_image\" \/>\n<meta name=\"twitter:creator\" content=\"@oidossucios\" \/>\n<script type=\"application\/ld+json\" class=\"yoast-schema-graph\">{\"@context\":\"https:\/\/schema.org\",\"@graph\":[{\"@type\":\"WebSite\",\"@id\":\"https:\/\/www.oidossucios.com\/site\/#website\",\"url\":\"https:\/\/www.oidossucios.com\/site\/\",\"name\":\"OidosSucios.Com\",\"description\":\"M\\u00fasica, conciertos, discos\",\"potentialAction\":[{\"@type\":\"SearchAction\",\"target\":\"https:\/\/www.oidossucios.com\/site\/?s={search_term_string}\",\"query-input\":\"required name=search_term_string\"}],\"inLanguage\":\"es\"},{\"@type\":\"ImageObject\",\"@id\":\"https:\/\/www.oidossucios.com\/site\/mojo-pojo-y-verona-en-el-teatro\/#primaryimage\",\"inLanguage\":\"es\",\"url\":\"https:\/\/www.oidossucios.com\/site\/wp-content\/uploads\/2009\/03\/1703.jpg\",\"width\":290,\"height\":100},{\"@type\":\"WebPage\",\"@id\":\"https:\/\/www.oidossucios.com\/site\/mojo-pojo-y-verona-en-el-teatro\/#webpage\",\"url\":\"https:\/\/www.oidossucios.com\/site\/mojo-pojo-y-verona-en-el-teatro\/\",\"name\":\"Mojo Pojo y Verona en El Teatro - OidosSucios.Com\",\"isPartOf\":{\"@id\":\"https:\/\/www.oidossucios.com\/site\/#website\"},\"primaryImageOfPage\":{\"@id\":\"https:\/\/www.oidossucios.com\/site\/mojo-pojo-y-verona-en-el-teatro\/#primaryimage\"},\"datePublished\":\"2009-03-17T23:50:00+00:00\",\"dateModified\":\"2009-03-17T23:50:00+00:00\",\"author\":{\"@id\":\"https:\/\/www.oidossucios.com\/site\/#\/schema\/person\/24559eeb76bf83a63296fb072393a688\"},\"description\":\"Luego de varios a\\u00f1os de receso, Elefreak volver\\u00e1 a tocar en El Teatro Bar, este s\\u00e1bado 14 de marzo\",\"inLanguage\":\"es\",\"potentialAction\":[{\"@type\":\"ReadAction\",\"target\":[\"https:\/\/www.oidossucios.com\/site\/mojo-pojo-y-verona-en-el-teatro\/\"]}]},{\"@type\":[\"Person\"],\"@id\":\"https:\/\/www.oidossucios.com\/site\/#\/schema\/person\/24559eeb76bf83a63296fb072393a688\",\"name\":\"Oidossucios\",\"image\":{\"@type\":\"ImageObject\",\"@id\":\"https:\/\/www.oidossucios.com\/site\/#personlogo\",\"inLanguage\":\"es\",\"url\":\"https:\/\/secure.gravatar.com\/avatar\/74fcb480f42f1a33e50a0b6e6369a3f907be2e43dc84fa5f76c66e9c22b4a5ab?s=96&d=mm&r=g\",\"caption\":\"Oidossucios\"},\"sameAs\":[\"https:\/\/twitter.com\/oidossucios\"]}]}<\/script>\n<!-- \/ Yoast SEO plugin. -->","jetpack_sharing_enabled":true,"_links":{"self":[{"href":"https:\/\/www.oidossucios.com\/site\/wp-json\/wp\/v2\/posts\/1707","targetHints":{"allow":["GET"]}}],"collection":[{"href":"https:\/\/www.oidossucios.com\/site\/wp-json\/wp\/v2\/posts"}],"about":[{"href":"https:\/\/www.oidossucios.com\/site\/wp-json\/wp\/v2\/types\/post"}],"author":[{"embeddable":true,"href":"https:\/\/www.oidossucios.com\/site\/wp-json\/wp\/v2\/users\/4"}],"replies":[{"embeddable":true,"href":"https:\/\/www.oidossucios.com\/site\/wp-json\/wp\/v2\/comments?post=1707"}],"version-history":[{"count":0,"href":"https:\/\/www.oidossucios.com\/site\/wp-json\/wp\/v2\/posts\/1707\/revisions"}],"wp:featuredmedia":[{"embeddable":true,"href":"https:\/\/www.oidossucios.com\/site\/wp-json\/wp\/v2\/media\/100001703"}],"wp:attachment":[{"href":"https:\/\/www.oidossucios.com\/site\/wp-json\/wp\/v2\/media?parent=1707"}],"wp:term":[{"taxonomy":"category","embeddable":true,"href":"https:\/\/www.oidossucios.com\/site\/wp-json\/wp\/v2\/categories?post=1707"},{"taxonomy":"post_tag","embeddable":true,"href":"https:\/\/www.oidossucios.com\/site\/wp-json\/wp\/v2\/tags?post=1707"}],"curies":[{"name":"wp","href":"https:\/\/api.w.org\/{rel}","templated":true}]}}