{"id":1713,"date":"2009-03-20T22:32:00","date_gmt":"2009-03-20T22:32:00","guid":{"rendered":"https:\/\/www.oidossucios.com\/site\/2009\/03\/20\/metallica-prepara-gira-por-latinoamerica\/"},"modified":"2009-03-20T22:32:00","modified_gmt":"2009-03-20T22:32:00","slug":"metallica-prepara-gira-por-latinoamerica","status":"publish","type":"post","link":"https:\/\/www.oidossucios.com\/site\/metallica-prepara-gira-por-latinoamerica\/","title":{"rendered":"Metallica prepara gira por Latinoam\u00e9rica"},"content":{"rendered":"<p>Una productora de eventos brasilera se encuentra negociando con Metallica la posibilidad de realizar una gira por Suram\u00e9rica a partir de octubre de este a\u00f1o. Los shows incluir\u00edan una fecha en Sao Paulo (confirmada en un 95%), R\u00edo de Janeiro (confirmada en un 98%) m\u00e1s otra ciudad brasilera.<\/p>\n<p>Aunque no se encuentra confirmadas, se ha conversado la posibilidad de varias presentaciones en otros pa\u00edses latinoamericanos, como Chile, Argentina, Per\u00fa y Colombia. En Venezuela, varias empresas productoras tambi\u00e9n est\u00e1n interesadas en traer a la banda, aunque a\u00fan no hay ning\u00fan acuerdo oficial, tan s\u00f3lo est\u00e1n en conversaciones.<\/p>\n<p>En la p\u00e1gina web oficial de la banda, www.metallica.com, Metallica anunci\u00f3 su calendario de conciertos por Europa, el cual termina el 2 de agosto en el Reino Unido.<\/p>\n","protected":false},"excerpt":{"rendered":"<p>Aunque no hay fechas confirmadas, la banda podr\u00eda tocar en Latinoam\u00e9rica en el \u00faltimo trimestre del a\u00f1o.<\/p>\n","protected":false},"author":4,"featured_media":100001709,"comment_status":"open","ping_status":"open","sticky":false,"template":"","format":"standard","meta":{"_jetpack_memberships_contains_paid_content":false,"footnotes":""},"categories":[250],"tags":[149],"class_list":["post-1713","post","type-post","status-publish","format-standard","has-post-thumbnail","hentry","category-noticias","tag-metallica"],"jetpack_featured_media_url":"https:\/\/www.oidossucios.com\/site\/wp-content\/uploads\/2009\/03\/1709.jpg","yoast_head":"<!-- This site is optimized with the Yoast SEO plugin v14.0.4 - https:\/\/yoast.com\/wordpress\/plugins\/seo\/ -->\n<title>Metallica prepara gira por Latinoam\u00e9rica - OidosSucios.Com<\/title>\n<meta name=\"description\" content=\"M\u00f6tley Cr\u00fce anunci\u00f3 los detalles de su gira &quot;Cr\u00fce Fest 2: The White Trash Circus&quot;, y de su pr\u00f3ximo \u00e1lbum de estudio\" \/>\n<meta name=\"robots\" content=\"index, follow\" \/>\n<meta name=\"googlebot\" content=\"index, follow, max-snippet:-1, max-image-preview:large, max-video-preview:-1\" \/>\n<meta name=\"bingbot\" content=\"index, follow, max-snippet:-1, max-image-preview:large, max-video-preview:-1\" \/>\n<link rel=\"canonical\" href=\"https:\/\/www.oidossucios.com\/site\/metallica-prepara-gira-por-latinoamerica\/\" \/>\n<meta property=\"og:locale\" content=\"es_ES\" \/>\n<meta property=\"og:type\" content=\"article\" \/>\n<meta property=\"og:title\" content=\"Metallica prepara gira por Latinoam\u00e9rica - OidosSucios.Com\" \/>\n<meta property=\"og:description\" content=\"M\u00f6tley Cr\u00fce anunci\u00f3 los detalles de su gira &quot;Cr\u00fce Fest 2: The White Trash Circus&quot;, y de su pr\u00f3ximo \u00e1lbum de estudio\" \/>\n<meta property=\"og:url\" content=\"https:\/\/www.oidossucios.com\/site\/metallica-prepara-gira-por-latinoamerica\/\" \/>\n<meta property=\"og:site_name\" content=\"OidosSucios.Com\" \/>\n<meta property=\"article:published_time\" content=\"2009-03-20T22:32:00+00:00\" \/>\n<meta property=\"og:image\" content=\"https:\/\/www.oidossucios.com\/site\/wp-content\/uploads\/2009\/03\/1709.jpg\" \/>\n\t<meta property=\"og:image:width\" content=\"290\" \/>\n\t<meta property=\"og:image:height\" content=\"100\" \/>\n<meta name=\"twitter:card\" content=\"summary_large_image\" \/>\n<meta name=\"twitter:creator\" content=\"@oidossucios\" \/>\n<script type=\"application\/ld+json\" class=\"yoast-schema-graph\">{\"@context\":\"https:\/\/schema.org\",\"@graph\":[{\"@type\":\"WebSite\",\"@id\":\"https:\/\/www.oidossucios.com\/site\/#website\",\"url\":\"https:\/\/www.oidossucios.com\/site\/\",\"name\":\"OidosSucios.Com\",\"description\":\"M\\u00fasica, conciertos, discos\",\"potentialAction\":[{\"@type\":\"SearchAction\",\"target\":\"https:\/\/www.oidossucios.com\/site\/?s={search_term_string}\",\"query-input\":\"required name=search_term_string\"}],\"inLanguage\":\"es\"},{\"@type\":\"ImageObject\",\"@id\":\"https:\/\/www.oidossucios.com\/site\/metallica-prepara-gira-por-latinoamerica\/#primaryimage\",\"inLanguage\":\"es\",\"url\":\"https:\/\/www.oidossucios.com\/site\/wp-content\/uploads\/2009\/03\/1709.jpg\",\"width\":290,\"height\":100},{\"@type\":\"WebPage\",\"@id\":\"https:\/\/www.oidossucios.com\/site\/metallica-prepara-gira-por-latinoamerica\/#webpage\",\"url\":\"https:\/\/www.oidossucios.com\/site\/metallica-prepara-gira-por-latinoamerica\/\",\"name\":\"Metallica prepara gira por Latinoam\\u00e9rica - OidosSucios.Com\",\"isPartOf\":{\"@id\":\"https:\/\/www.oidossucios.com\/site\/#website\"},\"primaryImageOfPage\":{\"@id\":\"https:\/\/www.oidossucios.com\/site\/metallica-prepara-gira-por-latinoamerica\/#primaryimage\"},\"datePublished\":\"2009-03-20T22:32:00+00:00\",\"dateModified\":\"2009-03-20T22:32:00+00:00\",\"author\":{\"@id\":\"https:\/\/www.oidossucios.com\/site\/#\/schema\/person\/24559eeb76bf83a63296fb072393a688\"},\"description\":\"M\\u00f6tley Cr\\u00fce anunci\\u00f3 los detalles de su gira \\\"Cr\\u00fce Fest 2: The White Trash Circus\\\", y de su pr\\u00f3ximo \\u00e1lbum de estudio\",\"inLanguage\":\"es\",\"potentialAction\":[{\"@type\":\"ReadAction\",\"target\":[\"https:\/\/www.oidossucios.com\/site\/metallica-prepara-gira-por-latinoamerica\/\"]}]},{\"@type\":[\"Person\"],\"@id\":\"https:\/\/www.oidossucios.com\/site\/#\/schema\/person\/24559eeb76bf83a63296fb072393a688\",\"name\":\"Oidossucios\",\"image\":{\"@type\":\"ImageObject\",\"@id\":\"https:\/\/www.oidossucios.com\/site\/#personlogo\",\"inLanguage\":\"es\",\"url\":\"https:\/\/secure.gravatar.com\/avatar\/74fcb480f42f1a33e50a0b6e6369a3f907be2e43dc84fa5f76c66e9c22b4a5ab?s=96&d=mm&r=g\",\"caption\":\"Oidossucios\"},\"sameAs\":[\"https:\/\/twitter.com\/oidossucios\"]}]}<\/script>\n<!-- \/ Yoast SEO plugin. -->","jetpack_sharing_enabled":true,"_links":{"self":[{"href":"https:\/\/www.oidossucios.com\/site\/wp-json\/wp\/v2\/posts\/1713","targetHints":{"allow":["GET"]}}],"collection":[{"href":"https:\/\/www.oidossucios.com\/site\/wp-json\/wp\/v2\/posts"}],"about":[{"href":"https:\/\/www.oidossucios.com\/site\/wp-json\/wp\/v2\/types\/post"}],"author":[{"embeddable":true,"href":"https:\/\/www.oidossucios.com\/site\/wp-json\/wp\/v2\/users\/4"}],"replies":[{"embeddable":true,"href":"https:\/\/www.oidossucios.com\/site\/wp-json\/wp\/v2\/comments?post=1713"}],"version-history":[{"count":0,"href":"https:\/\/www.oidossucios.com\/site\/wp-json\/wp\/v2\/posts\/1713\/revisions"}],"wp:featuredmedia":[{"embeddable":true,"href":"https:\/\/www.oidossucios.com\/site\/wp-json\/wp\/v2\/media\/100001709"}],"wp:attachment":[{"href":"https:\/\/www.oidossucios.com\/site\/wp-json\/wp\/v2\/media?parent=1713"}],"wp:term":[{"taxonomy":"category","embeddable":true,"href":"https:\/\/www.oidossucios.com\/site\/wp-json\/wp\/v2\/categories?post=1713"},{"taxonomy":"post_tag","embeddable":true,"href":"https:\/\/www.oidossucios.com\/site\/wp-json\/wp\/v2\/tags?post=1713"}],"curies":[{"name":"wp","href":"https:\/\/api.w.org\/{rel}","templated":true}]}}