{"id":1717,"date":"2009-03-23T21:30:00","date_gmt":"2009-03-23T21:30:00","guid":{"rendered":"https:\/\/www.oidossucios.com\/site\/2009\/03\/23\/atkinson-sonara-su-disco-en-rock-en-n\/"},"modified":"2009-03-23T21:30:00","modified_gmt":"2009-03-23T21:30:00","slug":"atkinson-sonara-su-disco-en-rock-en-n","status":"publish","type":"post","link":"https:\/\/www.oidossucios.com\/site\/atkinson-sonara-su-disco-en-rock-en-n\/","title":{"rendered":"Atkinson sonar\u00e1 su disco en Rock en \u00d1"},"content":{"rendered":"<p>La banda caraque\u00f1a Atkinson ofrecer\u00e1 esta noche un listening session radial en Rock en \u00d1, en el que mostrar\u00e1n los temas de su nueva producci\u00f3n discogr\u00e1fica. Esto adem\u00e1s ser\u00e1 la primera ocasi\u00f3n en que un programa radial dedique una hora de transmisi\u00f3n a mostrar los temas de un disco que a\u00fan no ha sido lanzado a la venta.<\/p>\n<p>La banda Atkinson est\u00e1 conformada por Wincho Schaffer (ex-bajista de Sentimiento Muerto, P.A.N. y Sur Carabela), Rafael Cadavieco (ex- baterista de Zapato 3 y Holocausto) y Erick Aldrey (Le Pic\u00f3). La agrupaci\u00f3n grab\u00f3 el \u00e1lbum en el estudio Sala de M\u00e1quinas.<\/p>\n<p>Rock en \u00d1, presentar\u00e1 a Atkison hoy lunes 23 de marzo, a las 10 de la noche, por LA MEGA. El espacio, conducido por Ver\u00f3nica G\u00f3mez y producido por la Fundaci\u00f3n Nuevasbandas, es transmitido en conjunto para Caracas, Valencia, Coro, Pto Fijo, Barinas, Acarigua, M\u00e9rida y San Crist\u00f3bal. Para otras zonas del pa\u00eds, el program podr\u00e1 ser escuchado a trav\u00e9s de la p\u00e1gina web de LA MEGA, www.lamegaestacion.com.<\/p>\n<p>Atkinson se presentar\u00e1 adem\u00e1s en dos locales de Caracas, el mi\u00e9rcoles 25 de marzo, en Bar 205, Centro San Ignacio, y el jueves 26 de marzo, en La Culata Bar (antigua Mosca y Mantis Pub).<\/p>\n","protected":false},"excerpt":{"rendered":"<p>La banda caraque\u00f1a Atkison mostrar\u00e1 su nuevo disco en el programa Rock en \u00d1, de La Mega Estaci\u00f3n<\/p>\n","protected":false},"author":4,"featured_media":100001713,"comment_status":"open","ping_status":"open","sticky":false,"template":"","format":"standard","meta":{"_jetpack_memberships_contains_paid_content":false,"footnotes":""},"categories":[250],"tags":[149],"class_list":["post-1717","post","type-post","status-publish","format-standard","has-post-thumbnail","hentry","category-noticias","tag-metallica"],"jetpack_featured_media_url":"https:\/\/www.oidossucios.com\/site\/wp-content\/uploads\/2009\/03\/1713.jpg","yoast_head":"<!-- This site is optimized with the Yoast SEO plugin v14.0.4 - https:\/\/yoast.com\/wordpress\/plugins\/seo\/ -->\n<title>Atkinson sonar\u00e1 su disco en Rock en \u00d1 - OidosSucios.Com<\/title>\n<meta name=\"description\" content=\"Aunque no hay fechas confirmadas, la banda podr\u00eda tocar en Latinoam\u00e9rica en el \u00faltimo trimestre del a\u00f1o.\" \/>\n<meta name=\"robots\" content=\"index, follow\" \/>\n<meta name=\"googlebot\" content=\"index, follow, max-snippet:-1, max-image-preview:large, max-video-preview:-1\" \/>\n<meta name=\"bingbot\" content=\"index, follow, max-snippet:-1, max-image-preview:large, max-video-preview:-1\" \/>\n<link rel=\"canonical\" href=\"https:\/\/www.oidossucios.com\/site\/atkinson-sonara-su-disco-en-rock-en-n\/\" \/>\n<meta property=\"og:locale\" content=\"es_ES\" \/>\n<meta property=\"og:type\" content=\"article\" \/>\n<meta property=\"og:title\" content=\"Atkinson sonar\u00e1 su disco en Rock en \u00d1 - OidosSucios.Com\" \/>\n<meta property=\"og:description\" content=\"Aunque no hay fechas confirmadas, la banda podr\u00eda tocar en Latinoam\u00e9rica en el \u00faltimo trimestre del a\u00f1o.\" \/>\n<meta property=\"og:url\" content=\"https:\/\/www.oidossucios.com\/site\/atkinson-sonara-su-disco-en-rock-en-n\/\" \/>\n<meta property=\"og:site_name\" content=\"OidosSucios.Com\" \/>\n<meta property=\"article:published_time\" content=\"2009-03-23T21:30:00+00:00\" \/>\n<meta property=\"og:image\" content=\"https:\/\/www.oidossucios.com\/site\/wp-content\/uploads\/2009\/03\/1713.jpg\" \/>\n\t<meta property=\"og:image:width\" content=\"290\" \/>\n\t<meta property=\"og:image:height\" content=\"100\" \/>\n<meta name=\"twitter:card\" content=\"summary_large_image\" \/>\n<meta name=\"twitter:creator\" content=\"@oidossucios\" \/>\n<script type=\"application\/ld+json\" class=\"yoast-schema-graph\">{\"@context\":\"https:\/\/schema.org\",\"@graph\":[{\"@type\":\"WebSite\",\"@id\":\"https:\/\/www.oidossucios.com\/site\/#website\",\"url\":\"https:\/\/www.oidossucios.com\/site\/\",\"name\":\"OidosSucios.Com\",\"description\":\"M\\u00fasica, conciertos, discos\",\"potentialAction\":[{\"@type\":\"SearchAction\",\"target\":\"https:\/\/www.oidossucios.com\/site\/?s={search_term_string}\",\"query-input\":\"required name=search_term_string\"}],\"inLanguage\":\"es\"},{\"@type\":\"ImageObject\",\"@id\":\"https:\/\/www.oidossucios.com\/site\/atkinson-sonara-su-disco-en-rock-en-n\/#primaryimage\",\"inLanguage\":\"es\",\"url\":\"https:\/\/www.oidossucios.com\/site\/wp-content\/uploads\/2009\/03\/1713.jpg\",\"width\":290,\"height\":100},{\"@type\":\"WebPage\",\"@id\":\"https:\/\/www.oidossucios.com\/site\/atkinson-sonara-su-disco-en-rock-en-n\/#webpage\",\"url\":\"https:\/\/www.oidossucios.com\/site\/atkinson-sonara-su-disco-en-rock-en-n\/\",\"name\":\"Atkinson sonar\\u00e1 su disco en Rock en \\u00d1 - OidosSucios.Com\",\"isPartOf\":{\"@id\":\"https:\/\/www.oidossucios.com\/site\/#website\"},\"primaryImageOfPage\":{\"@id\":\"https:\/\/www.oidossucios.com\/site\/atkinson-sonara-su-disco-en-rock-en-n\/#primaryimage\"},\"datePublished\":\"2009-03-23T21:30:00+00:00\",\"dateModified\":\"2009-03-23T21:30:00+00:00\",\"author\":{\"@id\":\"https:\/\/www.oidossucios.com\/site\/#\/schema\/person\/24559eeb76bf83a63296fb072393a688\"},\"description\":\"Aunque no hay fechas confirmadas, la banda podr\\u00eda tocar en Latinoam\\u00e9rica en el \\u00faltimo trimestre del a\\u00f1o.\",\"inLanguage\":\"es\",\"potentialAction\":[{\"@type\":\"ReadAction\",\"target\":[\"https:\/\/www.oidossucios.com\/site\/atkinson-sonara-su-disco-en-rock-en-n\/\"]}]},{\"@type\":[\"Person\"],\"@id\":\"https:\/\/www.oidossucios.com\/site\/#\/schema\/person\/24559eeb76bf83a63296fb072393a688\",\"name\":\"Oidossucios\",\"image\":{\"@type\":\"ImageObject\",\"@id\":\"https:\/\/www.oidossucios.com\/site\/#personlogo\",\"inLanguage\":\"es\",\"url\":\"https:\/\/secure.gravatar.com\/avatar\/74fcb480f42f1a33e50a0b6e6369a3f907be2e43dc84fa5f76c66e9c22b4a5ab?s=96&d=mm&r=g\",\"caption\":\"Oidossucios\"},\"sameAs\":[\"https:\/\/twitter.com\/oidossucios\"]}]}<\/script>\n<!-- \/ Yoast SEO plugin. -->","jetpack_sharing_enabled":true,"_links":{"self":[{"href":"https:\/\/www.oidossucios.com\/site\/wp-json\/wp\/v2\/posts\/1717","targetHints":{"allow":["GET"]}}],"collection":[{"href":"https:\/\/www.oidossucios.com\/site\/wp-json\/wp\/v2\/posts"}],"about":[{"href":"https:\/\/www.oidossucios.com\/site\/wp-json\/wp\/v2\/types\/post"}],"author":[{"embeddable":true,"href":"https:\/\/www.oidossucios.com\/site\/wp-json\/wp\/v2\/users\/4"}],"replies":[{"embeddable":true,"href":"https:\/\/www.oidossucios.com\/site\/wp-json\/wp\/v2\/comments?post=1717"}],"version-history":[{"count":0,"href":"https:\/\/www.oidossucios.com\/site\/wp-json\/wp\/v2\/posts\/1717\/revisions"}],"wp:featuredmedia":[{"embeddable":true,"href":"https:\/\/www.oidossucios.com\/site\/wp-json\/wp\/v2\/media\/100001713"}],"wp:attachment":[{"href":"https:\/\/www.oidossucios.com\/site\/wp-json\/wp\/v2\/media?parent=1717"}],"wp:term":[{"taxonomy":"category","embeddable":true,"href":"https:\/\/www.oidossucios.com\/site\/wp-json\/wp\/v2\/categories?post=1717"},{"taxonomy":"post_tag","embeddable":true,"href":"https:\/\/www.oidossucios.com\/site\/wp-json\/wp\/v2\/tags?post=1717"}],"curies":[{"name":"wp","href":"https:\/\/api.w.org\/{rel}","templated":true}]}}