{"id":1720,"date":"2009-03-25T13:18:00","date_gmt":"2009-03-25T13:18:00","guid":{"rendered":"https:\/\/www.oidossucios.com\/site\/2009\/03\/25\/cubocabeza-en-el-compilado-espanol-refugio-creativo\/"},"modified":"2009-03-25T13:18:00","modified_gmt":"2009-03-25T13:18:00","slug":"cubocabeza-en-el-compilado-espanol-refugio-creativo","status":"publish","type":"post","link":"https:\/\/www.oidossucios.com\/site\/cubocabeza-en-el-compilado-espanol-refugio-creativo\/","title":{"rendered":"Cubocabeza en el compilado espa\u00f1ol &#8220;Refugio Creativo&#8221;"},"content":{"rendered":"<p>La p\u00e1gina web espa\u00f1ola Deyecla (www.deyecla.com), edit\u00f3 su primer compilado, bajo el t\u00edtulo &#8220;Refugio Creativo Vol.1: Copyleft en Deyecla.com&#8221;, en el cual se encuentra la canci\u00f3n &#8220;Seco&#8221;de la banda venezolana Cubocabeza. <\/p>\n<p>Este compilado contiene 17 temas de diferentes grupos o solistas, de pa\u00edses como Espa\u00f1a, Venezuela, Argentina, Reino Unido y M\u00e9xico,  acompa\u00f1ado del arte dise\u00f1ado por variados artistas gr\u00e1ficos. El compilado distribuy\u00f3 un dise\u00f1ador gr\u00e1fico para cada banda, para realizar el arte correspondiente a su estilo. <\/p>\n<p>Cubocabeza, que cuenta con 6 a\u00f1os de formada, ha compartido tarima con agrupaciones nacionales e internacionales como Strung Out (Estados Unidos) y El Gran Silencio (M\u00e9xico), entre otros. Actualmente su alineaci\u00f3n est\u00e1 conformada por Carlos &#8220;Charly&#8221;Quintero (Voces\/Guitarra), Juan Carlos Paz (Bajo) y Javier Gede\u00f3n (Guitarra). La banda se encuentra audicionando bateristas.<\/p>\n","protected":false},"excerpt":{"rendered":"<p>El compilado espa\u00f1ol &#8220;Refugio Creativo Vol.1: Copyleft en Deyecla.com&#8221;incluye la canci\u00f3n titulada &#8220;Seco&#8221;, de la banda nacional Cubocabeza<\/p>\n","protected":false},"author":4,"featured_media":100001716,"comment_status":"open","ping_status":"open","sticky":false,"template":"","format":"standard","meta":{"_jetpack_memberships_contains_paid_content":false,"footnotes":""},"categories":[250],"tags":[],"class_list":["post-1720","post","type-post","status-publish","format-standard","has-post-thumbnail","hentry","category-noticias"],"jetpack_featured_media_url":"https:\/\/www.oidossucios.com\/site\/wp-content\/uploads\/2009\/03\/1716.jpg","yoast_head":"<!-- This site is optimized with the Yoast SEO plugin v14.0.4 - https:\/\/yoast.com\/wordpress\/plugins\/seo\/ -->\n<title>Cubocabeza en el compilado espa\u00f1ol &quot;Refugio Creativo&quot; - OidosSucios.Com<\/title>\n<meta name=\"description\" content=\"El co-fundador de Woodstock, Michael Lang, anunci\u00f3 que est\u00e1 trabajando en el festival para este a\u00f1o, en el cual cumple su 40 aniversario\" \/>\n<meta name=\"robots\" content=\"index, follow\" \/>\n<meta name=\"googlebot\" content=\"index, follow, max-snippet:-1, max-image-preview:large, max-video-preview:-1\" \/>\n<meta name=\"bingbot\" content=\"index, follow, max-snippet:-1, max-image-preview:large, max-video-preview:-1\" \/>\n<link rel=\"canonical\" href=\"https:\/\/www.oidossucios.com\/site\/cubocabeza-en-el-compilado-espanol-refugio-creativo\/\" \/>\n<meta property=\"og:locale\" content=\"es_ES\" \/>\n<meta property=\"og:type\" content=\"article\" \/>\n<meta property=\"og:title\" content=\"Cubocabeza en el compilado espa\u00f1ol &quot;Refugio Creativo&quot; - OidosSucios.Com\" \/>\n<meta property=\"og:description\" content=\"El co-fundador de Woodstock, Michael Lang, anunci\u00f3 que est\u00e1 trabajando en el festival para este a\u00f1o, en el cual cumple su 40 aniversario\" \/>\n<meta property=\"og:url\" content=\"https:\/\/www.oidossucios.com\/site\/cubocabeza-en-el-compilado-espanol-refugio-creativo\/\" \/>\n<meta property=\"og:site_name\" content=\"OidosSucios.Com\" \/>\n<meta property=\"article:published_time\" content=\"2009-03-25T13:18:00+00:00\" \/>\n<meta property=\"og:image\" content=\"https:\/\/www.oidossucios.com\/site\/wp-content\/uploads\/2009\/03\/1716.jpg\" \/>\n\t<meta property=\"og:image:width\" content=\"290\" \/>\n\t<meta property=\"og:image:height\" content=\"100\" \/>\n<meta name=\"twitter:card\" content=\"summary_large_image\" \/>\n<meta name=\"twitter:creator\" content=\"@oidossucios\" \/>\n<script type=\"application\/ld+json\" class=\"yoast-schema-graph\">{\"@context\":\"https:\/\/schema.org\",\"@graph\":[{\"@type\":\"WebSite\",\"@id\":\"https:\/\/www.oidossucios.com\/site\/#website\",\"url\":\"https:\/\/www.oidossucios.com\/site\/\",\"name\":\"OidosSucios.Com\",\"description\":\"M\\u00fasica, conciertos, discos\",\"potentialAction\":[{\"@type\":\"SearchAction\",\"target\":\"https:\/\/www.oidossucios.com\/site\/?s={search_term_string}\",\"query-input\":\"required name=search_term_string\"}],\"inLanguage\":\"es\"},{\"@type\":\"ImageObject\",\"@id\":\"https:\/\/www.oidossucios.com\/site\/cubocabeza-en-el-compilado-espanol-refugio-creativo\/#primaryimage\",\"inLanguage\":\"es\",\"url\":\"https:\/\/www.oidossucios.com\/site\/wp-content\/uploads\/2009\/03\/1716.jpg\",\"width\":290,\"height\":100},{\"@type\":\"WebPage\",\"@id\":\"https:\/\/www.oidossucios.com\/site\/cubocabeza-en-el-compilado-espanol-refugio-creativo\/#webpage\",\"url\":\"https:\/\/www.oidossucios.com\/site\/cubocabeza-en-el-compilado-espanol-refugio-creativo\/\",\"name\":\"Cubocabeza en el compilado espa\\u00f1ol \\\"Refugio Creativo\\\" - OidosSucios.Com\",\"isPartOf\":{\"@id\":\"https:\/\/www.oidossucios.com\/site\/#website\"},\"primaryImageOfPage\":{\"@id\":\"https:\/\/www.oidossucios.com\/site\/cubocabeza-en-el-compilado-espanol-refugio-creativo\/#primaryimage\"},\"datePublished\":\"2009-03-25T13:18:00+00:00\",\"dateModified\":\"2009-03-25T13:18:00+00:00\",\"author\":{\"@id\":\"https:\/\/www.oidossucios.com\/site\/#\/schema\/person\/24559eeb76bf83a63296fb072393a688\"},\"description\":\"El co-fundador de Woodstock, Michael Lang, anunci\\u00f3 que est\\u00e1 trabajando en el festival para este a\\u00f1o, en el cual cumple su 40 aniversario\",\"inLanguage\":\"es\",\"potentialAction\":[{\"@type\":\"ReadAction\",\"target\":[\"https:\/\/www.oidossucios.com\/site\/cubocabeza-en-el-compilado-espanol-refugio-creativo\/\"]}]},{\"@type\":[\"Person\"],\"@id\":\"https:\/\/www.oidossucios.com\/site\/#\/schema\/person\/24559eeb76bf83a63296fb072393a688\",\"name\":\"Oidossucios\",\"image\":{\"@type\":\"ImageObject\",\"@id\":\"https:\/\/www.oidossucios.com\/site\/#personlogo\",\"inLanguage\":\"es\",\"url\":\"https:\/\/secure.gravatar.com\/avatar\/74fcb480f42f1a33e50a0b6e6369a3f907be2e43dc84fa5f76c66e9c22b4a5ab?s=96&d=mm&r=g\",\"caption\":\"Oidossucios\"},\"sameAs\":[\"https:\/\/twitter.com\/oidossucios\"]}]}<\/script>\n<!-- \/ Yoast SEO plugin. -->","jetpack_sharing_enabled":true,"_links":{"self":[{"href":"https:\/\/www.oidossucios.com\/site\/wp-json\/wp\/v2\/posts\/1720","targetHints":{"allow":["GET"]}}],"collection":[{"href":"https:\/\/www.oidossucios.com\/site\/wp-json\/wp\/v2\/posts"}],"about":[{"href":"https:\/\/www.oidossucios.com\/site\/wp-json\/wp\/v2\/types\/post"}],"author":[{"embeddable":true,"href":"https:\/\/www.oidossucios.com\/site\/wp-json\/wp\/v2\/users\/4"}],"replies":[{"embeddable":true,"href":"https:\/\/www.oidossucios.com\/site\/wp-json\/wp\/v2\/comments?post=1720"}],"version-history":[{"count":0,"href":"https:\/\/www.oidossucios.com\/site\/wp-json\/wp\/v2\/posts\/1720\/revisions"}],"wp:featuredmedia":[{"embeddable":true,"href":"https:\/\/www.oidossucios.com\/site\/wp-json\/wp\/v2\/media\/100001716"}],"wp:attachment":[{"href":"https:\/\/www.oidossucios.com\/site\/wp-json\/wp\/v2\/media?parent=1720"}],"wp:term":[{"taxonomy":"category","embeddable":true,"href":"https:\/\/www.oidossucios.com\/site\/wp-json\/wp\/v2\/categories?post=1720"},{"taxonomy":"post_tag","embeddable":true,"href":"https:\/\/www.oidossucios.com\/site\/wp-json\/wp\/v2\/tags?post=1720"}],"curies":[{"name":"wp","href":"https:\/\/api.w.org\/{rel}","templated":true}]}}