{"id":1731,"date":"2009-04-02T12:45:00","date_gmt":"2009-04-02T12:45:00","guid":{"rendered":"https:\/\/www.oidossucios.com\/site\/2009\/04\/02\/autopista-sur-pondra-gratuitamente-su-disco-en-internet\/"},"modified":"2009-04-02T12:45:00","modified_gmt":"2009-04-02T12:45:00","slug":"autopista-sur-pondra-gratuitamente-su-disco-en-internet","status":"publish","type":"post","link":"https:\/\/www.oidossucios.com\/site\/autopista-sur-pondra-gratuitamente-su-disco-en-internet\/","title":{"rendered":"Autopista Sur pondr\u00e1 gratuitamente su disco en internet"},"content":{"rendered":"<p>Hoy 1\u00ba de abril la banda venezolana Autopista Sur lanzar\u00e1 en internet su \u00faltimo disco &#8220;Caracas se quema&#8221;(2008). El \u00e1lbum est\u00e1 disponible en la p\u00e1gina fanzinatra.com, donde podr\u00e1 ser descargado libremente. Esta agrupaci\u00f3n, integrada por Hensli Rahn (voz y guitarra), Ku\u00e1masi Gonz\u00e1lez Vidal (voz y guitarra), Pablo Mora (bater\u00eda) y Luis Gerardo M\u00e9ndez (bajo), logr\u00f3 entrar en el Top 100 de la cartelera Pop Rock del Record Report con los temas &#8216;Dulce Luisa&#8217;, &#8216;Caracas se quema&#8217; y &#8216;Menos es m\u00e1s&#8217;, sencillos que forman parte de su LP debut.<\/p>\n<p>&#8220;Caracas se quema&#8221;, que fue lanzado en formato CD de manera independiente a mediados del 2008, estar\u00e1 disponible a partir de ahora en su formato digital, a trav\u00e9s de la revista fanzinatra.com, hecho que promocionar\u00e1n con una serie de presentaciones. Las fechas de sus conciertos son las siguientes:<\/p>\n<p>02 de abril &#8211; Moulin Rouge, Sabana Grande<br \/>16 de abril &#8211; El Teatro, Las Mercedes<br \/>17 de abril &#8211; Discovery Bar, El Rosal<\/p>\n<p>Para mayor informaci\u00f3n pueden visitar el perfil de la banda en la Comunidad de Bandas Diablitos Underwood, a trav\u00e9s del siguiente enlace <a href=\"http:\/\/bandas.oidossucios.com\/autopistasur\/\">http:\/\/bandas.oidossucios.com\/autopistasur\/<\/a><\/p>\n","protected":false},"excerpt":{"rendered":"<p>A trav\u00e9s de internet podr\u00e1 ser descargado su \u00e1lbum &#8220;Caracas se quema&#8221;<\/p>\n","protected":false},"author":4,"featured_media":100001727,"comment_status":"open","ping_status":"open","sticky":false,"template":"","format":"standard","meta":{"_jetpack_memberships_contains_paid_content":false,"footnotes":""},"categories":[250],"tags":[],"class_list":["post-1731","post","type-post","status-publish","format-standard","has-post-thumbnail","hentry","category-noticias"],"jetpack_featured_media_url":"https:\/\/www.oidossucios.com\/site\/wp-content\/uploads\/2009\/03\/1727.jpg","yoast_head":"<!-- This site is optimized with the Yoast SEO plugin v14.0.4 - https:\/\/yoast.com\/wordpress\/plugins\/seo\/ -->\n<title>Autopista Sur pondr\u00e1 gratuitamente su disco en internet - OidosSucios.Com<\/title>\n<meta name=\"description\" content=\"El ex-bajista de Metallica tocar\u00e1 este s\u00e1bado con el resto de la banda, en la ceremonia de Rock and Roll Hall of Fame\" \/>\n<meta name=\"robots\" content=\"index, follow\" \/>\n<meta name=\"googlebot\" content=\"index, follow, max-snippet:-1, max-image-preview:large, max-video-preview:-1\" \/>\n<meta name=\"bingbot\" content=\"index, follow, max-snippet:-1, max-image-preview:large, max-video-preview:-1\" \/>\n<link rel=\"canonical\" href=\"https:\/\/www.oidossucios.com\/site\/autopista-sur-pondra-gratuitamente-su-disco-en-internet\/\" \/>\n<meta property=\"og:locale\" content=\"es_ES\" \/>\n<meta property=\"og:type\" content=\"article\" \/>\n<meta property=\"og:title\" content=\"Autopista Sur pondr\u00e1 gratuitamente su disco en internet - OidosSucios.Com\" \/>\n<meta property=\"og:description\" content=\"El ex-bajista de Metallica tocar\u00e1 este s\u00e1bado con el resto de la banda, en la ceremonia de Rock and Roll Hall of Fame\" \/>\n<meta property=\"og:url\" content=\"https:\/\/www.oidossucios.com\/site\/autopista-sur-pondra-gratuitamente-su-disco-en-internet\/\" \/>\n<meta property=\"og:site_name\" content=\"OidosSucios.Com\" \/>\n<meta property=\"article:published_time\" content=\"2009-04-02T12:45:00+00:00\" \/>\n<meta property=\"og:image\" content=\"https:\/\/www.oidossucios.com\/site\/wp-content\/uploads\/2009\/03\/1727.jpg\" \/>\n\t<meta property=\"og:image:width\" content=\"290\" \/>\n\t<meta property=\"og:image:height\" content=\"100\" \/>\n<meta name=\"twitter:card\" content=\"summary_large_image\" \/>\n<meta name=\"twitter:creator\" content=\"@oidossucios\" \/>\n<script type=\"application\/ld+json\" class=\"yoast-schema-graph\">{\"@context\":\"https:\/\/schema.org\",\"@graph\":[{\"@type\":\"WebSite\",\"@id\":\"https:\/\/www.oidossucios.com\/site\/#website\",\"url\":\"https:\/\/www.oidossucios.com\/site\/\",\"name\":\"OidosSucios.Com\",\"description\":\"M\\u00fasica, conciertos, discos\",\"potentialAction\":[{\"@type\":\"SearchAction\",\"target\":\"https:\/\/www.oidossucios.com\/site\/?s={search_term_string}\",\"query-input\":\"required name=search_term_string\"}],\"inLanguage\":\"es\"},{\"@type\":\"ImageObject\",\"@id\":\"https:\/\/www.oidossucios.com\/site\/autopista-sur-pondra-gratuitamente-su-disco-en-internet\/#primaryimage\",\"inLanguage\":\"es\",\"url\":\"https:\/\/www.oidossucios.com\/site\/wp-content\/uploads\/2009\/03\/1727.jpg\",\"width\":290,\"height\":100},{\"@type\":\"WebPage\",\"@id\":\"https:\/\/www.oidossucios.com\/site\/autopista-sur-pondra-gratuitamente-su-disco-en-internet\/#webpage\",\"url\":\"https:\/\/www.oidossucios.com\/site\/autopista-sur-pondra-gratuitamente-su-disco-en-internet\/\",\"name\":\"Autopista Sur pondr\\u00e1 gratuitamente su disco en internet - OidosSucios.Com\",\"isPartOf\":{\"@id\":\"https:\/\/www.oidossucios.com\/site\/#website\"},\"primaryImageOfPage\":{\"@id\":\"https:\/\/www.oidossucios.com\/site\/autopista-sur-pondra-gratuitamente-su-disco-en-internet\/#primaryimage\"},\"datePublished\":\"2009-04-02T12:45:00+00:00\",\"dateModified\":\"2009-04-02T12:45:00+00:00\",\"author\":{\"@id\":\"https:\/\/www.oidossucios.com\/site\/#\/schema\/person\/24559eeb76bf83a63296fb072393a688\"},\"description\":\"El ex-bajista de Metallica tocar\\u00e1 este s\\u00e1bado con el resto de la banda, en la ceremonia de Rock and Roll Hall of Fame\",\"inLanguage\":\"es\",\"potentialAction\":[{\"@type\":\"ReadAction\",\"target\":[\"https:\/\/www.oidossucios.com\/site\/autopista-sur-pondra-gratuitamente-su-disco-en-internet\/\"]}]},{\"@type\":[\"Person\"],\"@id\":\"https:\/\/www.oidossucios.com\/site\/#\/schema\/person\/24559eeb76bf83a63296fb072393a688\",\"name\":\"Oidossucios\",\"image\":{\"@type\":\"ImageObject\",\"@id\":\"https:\/\/www.oidossucios.com\/site\/#personlogo\",\"inLanguage\":\"es\",\"url\":\"https:\/\/secure.gravatar.com\/avatar\/74fcb480f42f1a33e50a0b6e6369a3f907be2e43dc84fa5f76c66e9c22b4a5ab?s=96&d=mm&r=g\",\"caption\":\"Oidossucios\"},\"sameAs\":[\"https:\/\/twitter.com\/oidossucios\"]}]}<\/script>\n<!-- \/ Yoast SEO plugin. -->","jetpack_sharing_enabled":true,"_links":{"self":[{"href":"https:\/\/www.oidossucios.com\/site\/wp-json\/wp\/v2\/posts\/1731","targetHints":{"allow":["GET"]}}],"collection":[{"href":"https:\/\/www.oidossucios.com\/site\/wp-json\/wp\/v2\/posts"}],"about":[{"href":"https:\/\/www.oidossucios.com\/site\/wp-json\/wp\/v2\/types\/post"}],"author":[{"embeddable":true,"href":"https:\/\/www.oidossucios.com\/site\/wp-json\/wp\/v2\/users\/4"}],"replies":[{"embeddable":true,"href":"https:\/\/www.oidossucios.com\/site\/wp-json\/wp\/v2\/comments?post=1731"}],"version-history":[{"count":0,"href":"https:\/\/www.oidossucios.com\/site\/wp-json\/wp\/v2\/posts\/1731\/revisions"}],"wp:featuredmedia":[{"embeddable":true,"href":"https:\/\/www.oidossucios.com\/site\/wp-json\/wp\/v2\/media\/100001727"}],"wp:attachment":[{"href":"https:\/\/www.oidossucios.com\/site\/wp-json\/wp\/v2\/media?parent=1731"}],"wp:term":[{"taxonomy":"category","embeddable":true,"href":"https:\/\/www.oidossucios.com\/site\/wp-json\/wp\/v2\/categories?post=1731"},{"taxonomy":"post_tag","embeddable":true,"href":"https:\/\/www.oidossucios.com\/site\/wp-json\/wp\/v2\/tags?post=1731"}],"curies":[{"name":"wp","href":"https:\/\/api.w.org\/{rel}","templated":true}]}}