{"id":1736,"date":"2009-04-06T12:13:00","date_gmt":"2009-04-06T12:13:00","guid":{"rendered":"https:\/\/www.oidossucios.com\/site\/2009\/04\/06\/empiezan-las-inscripciones-para-el-intercolegial-nuevas-bandas-2009\/"},"modified":"2009-04-06T12:13:00","modified_gmt":"2009-04-06T12:13:00","slug":"empiezan-las-inscripciones-para-el-intercolegial-nuevas-bandas-2009","status":"publish","type":"post","link":"https:\/\/www.oidossucios.com\/site\/empiezan-las-inscripciones-para-el-intercolegial-nuevas-bandas-2009\/","title":{"rendered":"Empiezan las inscripciones para el Intercolegial Nuevas Bandas 2009"},"content":{"rendered":"<p>La Fundaci\u00f3n Nuevas Bandas anunci\u00f3 que se dar\u00e1 inicio al proceso de inscripci\u00f3n para participar en el  Intercolegial Nuevas Bandas 2009, que se realizar\u00e1 en mayo. El festival se dedica a promover y destacar a las agrupaciones musicales emergentes, que se presentar\u00e1n mostrando su propuesta en un evento los d\u00edas 6, 7, 8, 9 y 10 de mayo.<\/p>\n<p>Las bandas interesadas en participar en el festival de este a\u00f1o, podr\u00e1n inscribirse entre el 13 y el 17 de abril en la discotienda Esperanto, del Centro Comercial San Ignacio, entre las 2 pm y 6 pm. Los requisitos son los siguientes:<\/p>\n<p>Deben ser estudiantes de colegios del \u00e1rea capital.<br \/>Las bandas deben pertenecer al g\u00e9nero rock y sus variantes y subg\u00e9neros.<br \/>Los temas del grupo debe ser originales (s\u00f3lo se aceptar\u00e1 una versi\u00f3n) y el repertorio debe contar con 20 minutos de duraci\u00f3n, como m\u00ednimo.<br \/>Los m\u00fasicos no podr\u00e1n formar parte de m\u00e1s de una banda.<\/p>\n<p>Los datos para la inscripci\u00f3n son: nombre del grupo, g\u00e9nero que ejecuta, rider t\u00e9cnico (si cuenta con \u00e9l), carta aval de la instituci\u00f3n educativa que representa, nombres de los miembros de la agrupaci\u00f3n, apellidos, direcci\u00f3n, tel\u00e9fono y fotocopia de la c\u00e9dula. Al realizar el proceso de registro en el festival, la Fundaci\u00f3n Nuevas Bandas entregar\u00e1 una planilla de inscripci\u00f3n que deber\u00e1 ser llenada.<\/p>\n","protected":false},"excerpt":{"rendered":"<p>La Fundaci\u00f3n Nuevas Bandas dio a conocer la fecha de inicio del proceso de inscripci\u00f3n para el festival de este a\u00f1o.<\/p>\n","protected":false},"author":4,"featured_media":100001732,"comment_status":"open","ping_status":"open","sticky":false,"template":"","format":"standard","meta":{"_jetpack_memberships_contains_paid_content":false,"footnotes":""},"categories":[250],"tags":[206],"class_list":["post-1736","post","type-post","status-publish","format-standard","has-post-thumbnail","hentry","category-noticias","tag-nuevas-bandas"],"jetpack_featured_media_url":"https:\/\/www.oidossucios.com\/site\/wp-content\/uploads\/2009\/04\/1732.jpg","yoast_head":"<!-- This site is optimized with the Yoast SEO plugin v14.0.4 - https:\/\/yoast.com\/wordpress\/plugins\/seo\/ -->\n<title>Empiezan las inscripciones para el Intercolegial Nuevas Bandas 2009 - OidosSucios.Com<\/title>\n<meta name=\"description\" content=\"La banda de nu-metal permitir\u00e1 la descarga del sencillo promocional &quot;Veneno&quot;, de su nuevo \u00e1lbum\" \/>\n<meta name=\"robots\" content=\"index, follow\" \/>\n<meta name=\"googlebot\" content=\"index, follow, max-snippet:-1, max-image-preview:large, max-video-preview:-1\" \/>\n<meta name=\"bingbot\" content=\"index, follow, max-snippet:-1, max-image-preview:large, max-video-preview:-1\" \/>\n<link rel=\"canonical\" href=\"https:\/\/www.oidossucios.com\/site\/empiezan-las-inscripciones-para-el-intercolegial-nuevas-bandas-2009\/\" \/>\n<meta property=\"og:locale\" content=\"es_ES\" \/>\n<meta property=\"og:type\" content=\"article\" \/>\n<meta property=\"og:title\" content=\"Empiezan las inscripciones para el Intercolegial Nuevas Bandas 2009 - OidosSucios.Com\" \/>\n<meta property=\"og:description\" content=\"La banda de nu-metal permitir\u00e1 la descarga del sencillo promocional &quot;Veneno&quot;, de su nuevo \u00e1lbum\" \/>\n<meta property=\"og:url\" content=\"https:\/\/www.oidossucios.com\/site\/empiezan-las-inscripciones-para-el-intercolegial-nuevas-bandas-2009\/\" \/>\n<meta property=\"og:site_name\" content=\"OidosSucios.Com\" \/>\n<meta property=\"article:published_time\" content=\"2009-04-06T12:13:00+00:00\" \/>\n<meta property=\"og:image\" content=\"https:\/\/www.oidossucios.com\/site\/wp-content\/uploads\/2009\/04\/1732.jpg\" \/>\n\t<meta property=\"og:image:width\" content=\"290\" \/>\n\t<meta property=\"og:image:height\" content=\"100\" \/>\n<meta name=\"twitter:card\" content=\"summary_large_image\" \/>\n<meta name=\"twitter:creator\" content=\"@oidossucios\" \/>\n<script type=\"application\/ld+json\" class=\"yoast-schema-graph\">{\"@context\":\"https:\/\/schema.org\",\"@graph\":[{\"@type\":\"WebSite\",\"@id\":\"https:\/\/www.oidossucios.com\/site\/#website\",\"url\":\"https:\/\/www.oidossucios.com\/site\/\",\"name\":\"OidosSucios.Com\",\"description\":\"M\\u00fasica, conciertos, discos\",\"potentialAction\":[{\"@type\":\"SearchAction\",\"target\":\"https:\/\/www.oidossucios.com\/site\/?s={search_term_string}\",\"query-input\":\"required name=search_term_string\"}],\"inLanguage\":\"es\"},{\"@type\":\"ImageObject\",\"@id\":\"https:\/\/www.oidossucios.com\/site\/empiezan-las-inscripciones-para-el-intercolegial-nuevas-bandas-2009\/#primaryimage\",\"inLanguage\":\"es\",\"url\":\"https:\/\/www.oidossucios.com\/site\/wp-content\/uploads\/2009\/04\/1732.jpg\",\"width\":290,\"height\":100},{\"@type\":\"WebPage\",\"@id\":\"https:\/\/www.oidossucios.com\/site\/empiezan-las-inscripciones-para-el-intercolegial-nuevas-bandas-2009\/#webpage\",\"url\":\"https:\/\/www.oidossucios.com\/site\/empiezan-las-inscripciones-para-el-intercolegial-nuevas-bandas-2009\/\",\"name\":\"Empiezan las inscripciones para el Intercolegial Nuevas Bandas 2009 - OidosSucios.Com\",\"isPartOf\":{\"@id\":\"https:\/\/www.oidossucios.com\/site\/#website\"},\"primaryImageOfPage\":{\"@id\":\"https:\/\/www.oidossucios.com\/site\/empiezan-las-inscripciones-para-el-intercolegial-nuevas-bandas-2009\/#primaryimage\"},\"datePublished\":\"2009-04-06T12:13:00+00:00\",\"dateModified\":\"2009-04-06T12:13:00+00:00\",\"author\":{\"@id\":\"https:\/\/www.oidossucios.com\/site\/#\/schema\/person\/24559eeb76bf83a63296fb072393a688\"},\"description\":\"La banda de nu-metal permitir\\u00e1 la descarga del sencillo promocional \\\"Veneno\\\", de su nuevo \\u00e1lbum\",\"inLanguage\":\"es\",\"potentialAction\":[{\"@type\":\"ReadAction\",\"target\":[\"https:\/\/www.oidossucios.com\/site\/empiezan-las-inscripciones-para-el-intercolegial-nuevas-bandas-2009\/\"]}]},{\"@type\":[\"Person\"],\"@id\":\"https:\/\/www.oidossucios.com\/site\/#\/schema\/person\/24559eeb76bf83a63296fb072393a688\",\"name\":\"Oidossucios\",\"image\":{\"@type\":\"ImageObject\",\"@id\":\"https:\/\/www.oidossucios.com\/site\/#personlogo\",\"inLanguage\":\"es\",\"url\":\"https:\/\/secure.gravatar.com\/avatar\/74fcb480f42f1a33e50a0b6e6369a3f907be2e43dc84fa5f76c66e9c22b4a5ab?s=96&d=mm&r=g\",\"caption\":\"Oidossucios\"},\"sameAs\":[\"https:\/\/twitter.com\/oidossucios\"]}]}<\/script>\n<!-- \/ Yoast SEO plugin. -->","jetpack_sharing_enabled":true,"_links":{"self":[{"href":"https:\/\/www.oidossucios.com\/site\/wp-json\/wp\/v2\/posts\/1736","targetHints":{"allow":["GET"]}}],"collection":[{"href":"https:\/\/www.oidossucios.com\/site\/wp-json\/wp\/v2\/posts"}],"about":[{"href":"https:\/\/www.oidossucios.com\/site\/wp-json\/wp\/v2\/types\/post"}],"author":[{"embeddable":true,"href":"https:\/\/www.oidossucios.com\/site\/wp-json\/wp\/v2\/users\/4"}],"replies":[{"embeddable":true,"href":"https:\/\/www.oidossucios.com\/site\/wp-json\/wp\/v2\/comments?post=1736"}],"version-history":[{"count":0,"href":"https:\/\/www.oidossucios.com\/site\/wp-json\/wp\/v2\/posts\/1736\/revisions"}],"wp:featuredmedia":[{"embeddable":true,"href":"https:\/\/www.oidossucios.com\/site\/wp-json\/wp\/v2\/media\/100001732"}],"wp:attachment":[{"href":"https:\/\/www.oidossucios.com\/site\/wp-json\/wp\/v2\/media?parent=1736"}],"wp:term":[{"taxonomy":"category","embeddable":true,"href":"https:\/\/www.oidossucios.com\/site\/wp-json\/wp\/v2\/categories?post=1736"},{"taxonomy":"post_tag","embeddable":true,"href":"https:\/\/www.oidossucios.com\/site\/wp-json\/wp\/v2\/tags?post=1736"}],"curies":[{"name":"wp","href":"https:\/\/api.w.org\/{rel}","templated":true}]}}