{"id":1737,"date":"2009-04-07T01:15:00","date_gmt":"2009-04-07T01:15:00","guid":{"rendered":"https:\/\/www.oidossucios.com\/site\/2009\/04\/07\/cafe-tacuba-vuelve-a-caracas\/"},"modified":"2009-04-07T01:15:00","modified_gmt":"2009-04-07T01:15:00","slug":"cafe-tacuba-vuelve-a-caracas","status":"publish","type":"post","link":"https:\/\/www.oidossucios.com\/site\/cafe-tacuba-vuelve-a-caracas\/","title":{"rendered":"Caf\u00e9 Tacuba vuelve a Caracas"},"content":{"rendered":"<p>El s\u00e1bado 23 de mayo, la agrupaci\u00f3n mexicana Caf\u00e9 Tacuba se presentar\u00e1 en el Anfiteatro del Centro Sambil de Caracas en el marco de su gira aniversario, que lleva por nombre &#8220;20 a\u00f1os 20 ciudades&#8221;.<\/p>\n<p>El show ha sido promocionado por la productora Water Brother como &#8220;un concierto de alrededor de 4 horas de duraci\u00f3n para celebrar sus 20 a\u00f1os de carrera art\u00edstica en nuestro pa\u00eds.&#8221;<\/p>\n<p>&#8220;Quer\u00edamos pasar por lugares importantes para nosotros. Es algo representativo&#8221;, dijo el tecladista Emmanuel del Real sobre los lugares que visitar\u00e1n como parte de la gira. &#8220;Pod\u00edamos hacer algo m\u00e1s extenso, es cierto, pero quer\u00edamos hacer algo m\u00e1s contundente&#8221;, dijo, por su parte, el cantante Rub\u00e9n Albarr\u00e1n.<\/p>\n<p>Emmanuel del Real D\u00edaz (teclados, guitarra, voz), Jos\u00e9 Alfredo Rangel Arroyo (guitarra), Enrique Rangel Arroyo (bajo) y Rub\u00e9n Isaac Albarr\u00e1n Ortega ( Voz y guitarra),  \u00e9ste \u00faltimo conocido por sus m\u00faltiples cambios de nombres, ahora como Cone Cahuitl, har\u00e1n un paseo por los temas m\u00e1s conocidos de su carrera.<\/p>\n<p> La pre-venta de entradas ya arranc\u00f3 y  oscilan entre BsF 350 y BsF 600. Los interesados deben ingresar en www.tuticket.com<\/p>\n","protected":false},"excerpt":{"rendered":"<p>La agrupaci\u00f3n mexicana vuelve al pa\u00eds en el marco de la celebraci\u00f3n de su 20 aniversario.<\/p>\n","protected":false},"author":4,"featured_media":100001733,"comment_status":"open","ping_status":"open","sticky":false,"template":"","format":"standard","meta":{"_jetpack_memberships_contains_paid_content":false,"footnotes":""},"categories":[250],"tags":[591],"class_list":["post-1737","post","type-post","status-publish","format-standard","has-post-thumbnail","hentry","category-noticias","tag-cafe-tacuba"],"jetpack_featured_media_url":"https:\/\/www.oidossucios.com\/site\/wp-content\/uploads\/2009\/04\/1733.jpg","yoast_head":"<!-- This site is optimized with the Yoast SEO plugin v14.0.4 - https:\/\/yoast.com\/wordpress\/plugins\/seo\/ -->\n<title>Caf\u00e9 Tacuba vuelve a Caracas - OidosSucios.Com<\/title>\n<meta name=\"description\" content=\"La banda brit\u00e1nica lanzar\u00e1 una remasterizaci\u00f3n de sus cl\u00e1sicos m\u00e1s importantes y lanzar\u00e1 una caja especial de colecci\u00f3n\" \/>\n<meta name=\"robots\" content=\"index, follow\" \/>\n<meta name=\"googlebot\" content=\"index, follow, max-snippet:-1, max-image-preview:large, max-video-preview:-1\" \/>\n<meta name=\"bingbot\" content=\"index, follow, max-snippet:-1, max-image-preview:large, max-video-preview:-1\" \/>\n<link rel=\"canonical\" href=\"https:\/\/www.oidossucios.com\/site\/cafe-tacuba-vuelve-a-caracas\/\" \/>\n<meta property=\"og:locale\" content=\"es_ES\" \/>\n<meta property=\"og:type\" content=\"article\" \/>\n<meta property=\"og:title\" content=\"Caf\u00e9 Tacuba vuelve a Caracas - OidosSucios.Com\" \/>\n<meta property=\"og:description\" content=\"La banda brit\u00e1nica lanzar\u00e1 una remasterizaci\u00f3n de sus cl\u00e1sicos m\u00e1s importantes y lanzar\u00e1 una caja especial de colecci\u00f3n\" \/>\n<meta property=\"og:url\" content=\"https:\/\/www.oidossucios.com\/site\/cafe-tacuba-vuelve-a-caracas\/\" \/>\n<meta property=\"og:site_name\" content=\"OidosSucios.Com\" \/>\n<meta property=\"article:published_time\" content=\"2009-04-07T01:15:00+00:00\" \/>\n<meta property=\"og:image\" content=\"https:\/\/www.oidossucios.com\/site\/wp-content\/uploads\/2009\/04\/1733.jpg\" \/>\n\t<meta property=\"og:image:width\" content=\"290\" \/>\n\t<meta property=\"og:image:height\" content=\"100\" \/>\n<meta name=\"twitter:card\" content=\"summary_large_image\" \/>\n<meta name=\"twitter:creator\" content=\"@oidossucios\" \/>\n<script type=\"application\/ld+json\" class=\"yoast-schema-graph\">{\"@context\":\"https:\/\/schema.org\",\"@graph\":[{\"@type\":\"WebSite\",\"@id\":\"https:\/\/www.oidossucios.com\/site\/#website\",\"url\":\"https:\/\/www.oidossucios.com\/site\/\",\"name\":\"OidosSucios.Com\",\"description\":\"M\\u00fasica, conciertos, discos\",\"potentialAction\":[{\"@type\":\"SearchAction\",\"target\":\"https:\/\/www.oidossucios.com\/site\/?s={search_term_string}\",\"query-input\":\"required name=search_term_string\"}],\"inLanguage\":\"es\"},{\"@type\":\"ImageObject\",\"@id\":\"https:\/\/www.oidossucios.com\/site\/cafe-tacuba-vuelve-a-caracas\/#primaryimage\",\"inLanguage\":\"es\",\"url\":\"https:\/\/www.oidossucios.com\/site\/wp-content\/uploads\/2009\/04\/1733.jpg\",\"width\":290,\"height\":100},{\"@type\":\"WebPage\",\"@id\":\"https:\/\/www.oidossucios.com\/site\/cafe-tacuba-vuelve-a-caracas\/#webpage\",\"url\":\"https:\/\/www.oidossucios.com\/site\/cafe-tacuba-vuelve-a-caracas\/\",\"name\":\"Caf\\u00e9 Tacuba vuelve a Caracas - OidosSucios.Com\",\"isPartOf\":{\"@id\":\"https:\/\/www.oidossucios.com\/site\/#website\"},\"primaryImageOfPage\":{\"@id\":\"https:\/\/www.oidossucios.com\/site\/cafe-tacuba-vuelve-a-caracas\/#primaryimage\"},\"datePublished\":\"2009-04-07T01:15:00+00:00\",\"dateModified\":\"2009-04-07T01:15:00+00:00\",\"author\":{\"@id\":\"https:\/\/www.oidossucios.com\/site\/#\/schema\/person\/24559eeb76bf83a63296fb072393a688\"},\"description\":\"La banda brit\\u00e1nica lanzar\\u00e1 una remasterizaci\\u00f3n de sus cl\\u00e1sicos m\\u00e1s importantes y lanzar\\u00e1 una caja especial de colecci\\u00f3n\",\"inLanguage\":\"es\",\"potentialAction\":[{\"@type\":\"ReadAction\",\"target\":[\"https:\/\/www.oidossucios.com\/site\/cafe-tacuba-vuelve-a-caracas\/\"]}]},{\"@type\":[\"Person\"],\"@id\":\"https:\/\/www.oidossucios.com\/site\/#\/schema\/person\/24559eeb76bf83a63296fb072393a688\",\"name\":\"Oidossucios\",\"image\":{\"@type\":\"ImageObject\",\"@id\":\"https:\/\/www.oidossucios.com\/site\/#personlogo\",\"inLanguage\":\"es\",\"url\":\"https:\/\/secure.gravatar.com\/avatar\/74fcb480f42f1a33e50a0b6e6369a3f907be2e43dc84fa5f76c66e9c22b4a5ab?s=96&d=mm&r=g\",\"caption\":\"Oidossucios\"},\"sameAs\":[\"https:\/\/twitter.com\/oidossucios\"]}]}<\/script>\n<!-- \/ Yoast SEO plugin. -->","jetpack_sharing_enabled":true,"_links":{"self":[{"href":"https:\/\/www.oidossucios.com\/site\/wp-json\/wp\/v2\/posts\/1737","targetHints":{"allow":["GET"]}}],"collection":[{"href":"https:\/\/www.oidossucios.com\/site\/wp-json\/wp\/v2\/posts"}],"about":[{"href":"https:\/\/www.oidossucios.com\/site\/wp-json\/wp\/v2\/types\/post"}],"author":[{"embeddable":true,"href":"https:\/\/www.oidossucios.com\/site\/wp-json\/wp\/v2\/users\/4"}],"replies":[{"embeddable":true,"href":"https:\/\/www.oidossucios.com\/site\/wp-json\/wp\/v2\/comments?post=1737"}],"version-history":[{"count":0,"href":"https:\/\/www.oidossucios.com\/site\/wp-json\/wp\/v2\/posts\/1737\/revisions"}],"wp:featuredmedia":[{"embeddable":true,"href":"https:\/\/www.oidossucios.com\/site\/wp-json\/wp\/v2\/media\/100001733"}],"wp:attachment":[{"href":"https:\/\/www.oidossucios.com\/site\/wp-json\/wp\/v2\/media?parent=1737"}],"wp:term":[{"taxonomy":"category","embeddable":true,"href":"https:\/\/www.oidossucios.com\/site\/wp-json\/wp\/v2\/categories?post=1737"},{"taxonomy":"post_tag","embeddable":true,"href":"https:\/\/www.oidossucios.com\/site\/wp-json\/wp\/v2\/tags?post=1737"}],"curies":[{"name":"wp","href":"https:\/\/api.w.org\/{rel}","templated":true}]}}