{"id":1746,"date":"2009-04-17T01:44:00","date_gmt":"2009-04-17T01:44:00","guid":{"rendered":"https:\/\/www.oidossucios.com\/site\/2009\/04\/17\/slash-comienza-a-armar-su-nuevo-album-solista\/"},"modified":"2009-04-17T01:44:00","modified_gmt":"2009-04-17T01:44:00","slug":"slash-comienza-a-armar-su-nuevo-album-solista","status":"publish","type":"post","link":"https:\/\/www.oidossucios.com\/site\/slash-comienza-a-armar-su-nuevo-album-solista\/","title":{"rendered":"Slash comienza a armar su nuevo \u00e1lbum solista"},"content":{"rendered":"<p>Slash ha terminado la grabaci\u00f3n de cuatro canciones de su nuevo \u00e1lbum pr\u00f3ximo a salir. El ex guitarrista de Guns n\u0092 Roses ha estado grabando con el ex bajista de Jane\u0092s  Addiction, Chris Chaney, y el ex baterista de Nine Inch Nails, Josh Freese. Eric Valentine, de Queens Of The Stone Age y Lostprophets, se encuentra tambi\u00e9n  trabajando en la producci\u00f3n del \u00e1lbum. <\/p>\n<p>Una variedad de cantantes invitados aparecer\u00e1 en el \u00e1lbum, aunque el m\u00fasico ha sido extremadamente cuidadoso en no revelar los nombres todav\u00eda.<\/p>\n<p>&#8220;Hemos completado cuatro excelentes pistas  con cuatro vocalistas incre\u00edbles&#8221;, escribi\u00f3 el guitarrista en su blog Myspace.com\/slash. &#8220;Las vocales de todos los que han contribuido hasta ahora han sido impecables, y trabajar con Josh y Chris no tiene precio&#8221;.<\/p>\n<p>&#8220;Estas semanas han sido muy divertidas y solo estamos empezando. Definitivamente ser\u00e1 un disco genial&#8221;, agreg\u00f3.<\/p>\n","protected":false},"excerpt":{"rendered":"<p>El guitarrista ha completado cuatro canciones pertenecientes a su producci\u00f3n<\/p>\n","protected":false},"author":4,"featured_media":100001742,"comment_status":"open","ping_status":"open","sticky":false,"template":"","format":"standard","meta":{"_jetpack_memberships_contains_paid_content":false,"footnotes":""},"categories":[250],"tags":[594],"class_list":["post-1746","post","type-post","status-publish","format-standard","has-post-thumbnail","hentry","category-noticias","tag-slash"],"jetpack_featured_media_url":"https:\/\/www.oidossucios.com\/site\/wp-content\/uploads\/2009\/04\/1742.jpg","yoast_head":"<!-- This site is optimized with the Yoast SEO plugin v14.0.4 - https:\/\/yoast.com\/wordpress\/plugins\/seo\/ -->\n<title>Slash comienza a armar su nuevo \u00e1lbum solista - OidosSucios.Com<\/title>\n<meta name=\"description\" content=\"La emblem\u00e1tica agrupaci\u00f3n de los 90s volver\u00e1 a tocar en Caracas este s\u00e1bado 18 de abril en El Teatro, en Las Mercedes.\" \/>\n<meta name=\"robots\" content=\"index, follow\" \/>\n<meta name=\"googlebot\" content=\"index, follow, max-snippet:-1, max-image-preview:large, max-video-preview:-1\" \/>\n<meta name=\"bingbot\" content=\"index, follow, max-snippet:-1, max-image-preview:large, max-video-preview:-1\" \/>\n<link rel=\"canonical\" href=\"https:\/\/www.oidossucios.com\/site\/slash-comienza-a-armar-su-nuevo-album-solista\/\" \/>\n<meta property=\"og:locale\" content=\"es_ES\" \/>\n<meta property=\"og:type\" content=\"article\" \/>\n<meta property=\"og:title\" content=\"Slash comienza a armar su nuevo \u00e1lbum solista - OidosSucios.Com\" \/>\n<meta property=\"og:description\" content=\"La emblem\u00e1tica agrupaci\u00f3n de los 90s volver\u00e1 a tocar en Caracas este s\u00e1bado 18 de abril en El Teatro, en Las Mercedes.\" \/>\n<meta property=\"og:url\" content=\"https:\/\/www.oidossucios.com\/site\/slash-comienza-a-armar-su-nuevo-album-solista\/\" \/>\n<meta property=\"og:site_name\" content=\"OidosSucios.Com\" \/>\n<meta property=\"article:published_time\" content=\"2009-04-17T01:44:00+00:00\" \/>\n<meta property=\"og:image\" content=\"https:\/\/www.oidossucios.com\/site\/wp-content\/uploads\/2009\/04\/1742.jpg\" \/>\n\t<meta property=\"og:image:width\" content=\"290\" \/>\n\t<meta property=\"og:image:height\" content=\"100\" \/>\n<meta name=\"twitter:card\" content=\"summary_large_image\" \/>\n<meta name=\"twitter:creator\" content=\"@oidossucios\" \/>\n<script type=\"application\/ld+json\" class=\"yoast-schema-graph\">{\"@context\":\"https:\/\/schema.org\",\"@graph\":[{\"@type\":\"WebSite\",\"@id\":\"https:\/\/www.oidossucios.com\/site\/#website\",\"url\":\"https:\/\/www.oidossucios.com\/site\/\",\"name\":\"OidosSucios.Com\",\"description\":\"M\\u00fasica, conciertos, discos\",\"potentialAction\":[{\"@type\":\"SearchAction\",\"target\":\"https:\/\/www.oidossucios.com\/site\/?s={search_term_string}\",\"query-input\":\"required name=search_term_string\"}],\"inLanguage\":\"es\"},{\"@type\":\"ImageObject\",\"@id\":\"https:\/\/www.oidossucios.com\/site\/slash-comienza-a-armar-su-nuevo-album-solista\/#primaryimage\",\"inLanguage\":\"es\",\"url\":\"https:\/\/www.oidossucios.com\/site\/wp-content\/uploads\/2009\/04\/1742.jpg\",\"width\":290,\"height\":100},{\"@type\":\"WebPage\",\"@id\":\"https:\/\/www.oidossucios.com\/site\/slash-comienza-a-armar-su-nuevo-album-solista\/#webpage\",\"url\":\"https:\/\/www.oidossucios.com\/site\/slash-comienza-a-armar-su-nuevo-album-solista\/\",\"name\":\"Slash comienza a armar su nuevo \\u00e1lbum solista - OidosSucios.Com\",\"isPartOf\":{\"@id\":\"https:\/\/www.oidossucios.com\/site\/#website\"},\"primaryImageOfPage\":{\"@id\":\"https:\/\/www.oidossucios.com\/site\/slash-comienza-a-armar-su-nuevo-album-solista\/#primaryimage\"},\"datePublished\":\"2009-04-17T01:44:00+00:00\",\"dateModified\":\"2009-04-17T01:44:00+00:00\",\"author\":{\"@id\":\"https:\/\/www.oidossucios.com\/site\/#\/schema\/person\/24559eeb76bf83a63296fb072393a688\"},\"description\":\"La emblem\\u00e1tica agrupaci\\u00f3n de los 90s volver\\u00e1 a tocar en Caracas este s\\u00e1bado 18 de abril en El Teatro, en Las Mercedes.\",\"inLanguage\":\"es\",\"potentialAction\":[{\"@type\":\"ReadAction\",\"target\":[\"https:\/\/www.oidossucios.com\/site\/slash-comienza-a-armar-su-nuevo-album-solista\/\"]}]},{\"@type\":[\"Person\"],\"@id\":\"https:\/\/www.oidossucios.com\/site\/#\/schema\/person\/24559eeb76bf83a63296fb072393a688\",\"name\":\"Oidossucios\",\"image\":{\"@type\":\"ImageObject\",\"@id\":\"https:\/\/www.oidossucios.com\/site\/#personlogo\",\"inLanguage\":\"es\",\"url\":\"https:\/\/secure.gravatar.com\/avatar\/74fcb480f42f1a33e50a0b6e6369a3f907be2e43dc84fa5f76c66e9c22b4a5ab?s=96&d=mm&r=g\",\"caption\":\"Oidossucios\"},\"sameAs\":[\"https:\/\/twitter.com\/oidossucios\"]}]}<\/script>\n<!-- \/ Yoast SEO plugin. -->","jetpack_sharing_enabled":true,"_links":{"self":[{"href":"https:\/\/www.oidossucios.com\/site\/wp-json\/wp\/v2\/posts\/1746","targetHints":{"allow":["GET"]}}],"collection":[{"href":"https:\/\/www.oidossucios.com\/site\/wp-json\/wp\/v2\/posts"}],"about":[{"href":"https:\/\/www.oidossucios.com\/site\/wp-json\/wp\/v2\/types\/post"}],"author":[{"embeddable":true,"href":"https:\/\/www.oidossucios.com\/site\/wp-json\/wp\/v2\/users\/4"}],"replies":[{"embeddable":true,"href":"https:\/\/www.oidossucios.com\/site\/wp-json\/wp\/v2\/comments?post=1746"}],"version-history":[{"count":0,"href":"https:\/\/www.oidossucios.com\/site\/wp-json\/wp\/v2\/posts\/1746\/revisions"}],"wp:featuredmedia":[{"embeddable":true,"href":"https:\/\/www.oidossucios.com\/site\/wp-json\/wp\/v2\/media\/100001742"}],"wp:attachment":[{"href":"https:\/\/www.oidossucios.com\/site\/wp-json\/wp\/v2\/media?parent=1746"}],"wp:term":[{"taxonomy":"category","embeddable":true,"href":"https:\/\/www.oidossucios.com\/site\/wp-json\/wp\/v2\/categories?post=1746"},{"taxonomy":"post_tag","embeddable":true,"href":"https:\/\/www.oidossucios.com\/site\/wp-json\/wp\/v2\/tags?post=1746"}],"curies":[{"name":"wp","href":"https:\/\/api.w.org\/{rel}","templated":true}]}}