{"id":1753,"date":"2009-04-22T18:14:00","date_gmt":"2009-04-22T18:14:00","guid":{"rendered":"https:\/\/www.oidossucios.com\/site\/2009\/04\/22\/festival-lollapalooza-2009-revela-su-formacion\/"},"modified":"2009-04-22T18:14:00","modified_gmt":"2009-04-22T18:14:00","slug":"festival-lollapalooza-2009-revela-su-formacion","status":"publish","type":"post","link":"https:\/\/www.oidossucios.com\/site\/festival-lollapalooza-2009-revela-su-formacion\/","title":{"rendered":"Festival Lollapalooza 2009 revela su formaci\u00f3n"},"content":{"rendered":"<p>El Festival Lollapalooza del presente a\u00f1o contar\u00e1 con m\u00e1s de 100 actos en vivo y tendr\u00e1 como bandas estelares a Depeche Mode, Tool, the Killers, Jane\u0092s Addiction, Beastie Boys, y Kings of Leon, seg\u00fan anunciaron los promotores del evento este pasado martes.<\/p>\n<p>Lou Reed, Ben Harper and Relentless7, Thievery Corporation, Snoop Dogg, y Rise Against, Andrew Bird, TV on the Radio, Vampire Weekend, the Decemberists, Neko Case, STS9 (Sound Tribe Sector Nine), Animal Collective, Band of Horses, Of Montreal, Arctic Monkeys, Coheed and Cambria, Ben Folds, Fleet Foxes, Silversun Pickups, Kaiser Chiefs, Bon Iver, Crystal Castles, Santigold, y muchas otras bandas se encuentran entre las presentaciones ahora confirmadas para el evento que se realizar\u00e1 del 7 al 9 de agosto en el Grant Park de Chicago. <\/p>\n<p>La edici\u00f3n 2009 de este concierto promete una expandida oferta de m\u00fasica dance y electr\u00f3nica en una puesta en escena al estilo night-club, seg\u00fan afirm\u00f3 Perry Farrell, vocalista de Jane\u0092s Addiction y creador del festival. Bassnectar, MSTRKRFT, Simian Mobile Disco, KiD CuDi y A-Trak est\u00e1n entre la lista de DJ\u0092s que mover\u00e1n a la audiencia.<\/p>\n<p>Este festival, producido por Austin-based C3 Presents, agot\u00f3 las entradas para sus fechas completas el pasado a\u00f1o por primera vez desde que renaci\u00f3 como un evento de tres d\u00edas (fin de semana) en una sola localidad de Chicago, y seg\u00fan declaraciones de Farrell, quien har\u00e1 presencia estelar con su banda por primera vez desde que el evento debut\u00f3 en 1991 como un show de gira, la venta del espect\u00e1culo ser\u00e1 s\u00f3lida a pesar del desafiante clima econ\u00f3mico.<\/p>\n","protected":false},"excerpt":{"rendered":"<p>El evento a realizarse del 7 al 9 de agosto tendr\u00e1 como bandas estelares a Depeche Mode, Tool, Jane&#8217;s Addiction, the Killers y Beastie Boys<\/p>\n","protected":false},"author":4,"featured_media":100001753,"comment_status":"open","ping_status":"open","sticky":false,"template":"","format":"standard","meta":{"_jetpack_memberships_contains_paid_content":false,"footnotes":""},"categories":[250],"tags":[598],"class_list":["post-1753","post","type-post","status-publish","format-standard","has-post-thumbnail","hentry","category-noticias","tag-lollapalooza"],"jetpack_featured_media_url":"https:\/\/www.oidossucios.com\/site\/wp-content\/uploads\/2009\/04\/1753.jpg","yoast_head":"<!-- This site is optimized with the Yoast SEO plugin v14.0.4 - https:\/\/yoast.com\/wordpress\/plugins\/seo\/ -->\n<title>Festival Lollapalooza 2009 revela su formaci\u00f3n - OidosSucios.Com<\/title>\n<meta name=\"description\" content=\"Se alarga el proceso de inscripciones del Intercolegial para la fecha comprendida entre 20 y 22 de abril\" \/>\n<meta name=\"robots\" content=\"index, follow\" \/>\n<meta name=\"googlebot\" content=\"index, follow, max-snippet:-1, max-image-preview:large, max-video-preview:-1\" \/>\n<meta name=\"bingbot\" content=\"index, follow, max-snippet:-1, max-image-preview:large, max-video-preview:-1\" \/>\n<link rel=\"canonical\" href=\"https:\/\/www.oidossucios.com\/site\/festival-lollapalooza-2009-revela-su-formacion\/\" \/>\n<meta property=\"og:locale\" content=\"es_ES\" \/>\n<meta property=\"og:type\" content=\"article\" \/>\n<meta property=\"og:title\" content=\"Festival Lollapalooza 2009 revela su formaci\u00f3n - OidosSucios.Com\" \/>\n<meta property=\"og:description\" content=\"Se alarga el proceso de inscripciones del Intercolegial para la fecha comprendida entre 20 y 22 de abril\" \/>\n<meta property=\"og:url\" content=\"https:\/\/www.oidossucios.com\/site\/festival-lollapalooza-2009-revela-su-formacion\/\" \/>\n<meta property=\"og:site_name\" content=\"OidosSucios.Com\" \/>\n<meta property=\"article:published_time\" content=\"2009-04-22T18:14:00+00:00\" \/>\n<meta property=\"og:image\" content=\"https:\/\/www.oidossucios.com\/site\/wp-content\/uploads\/2009\/04\/1753.jpg\" \/>\n\t<meta property=\"og:image:width\" content=\"290\" \/>\n\t<meta property=\"og:image:height\" content=\"100\" \/>\n<meta name=\"twitter:card\" content=\"summary_large_image\" \/>\n<meta name=\"twitter:creator\" content=\"@oidossucios\" \/>\n<script type=\"application\/ld+json\" class=\"yoast-schema-graph\">{\"@context\":\"https:\/\/schema.org\",\"@graph\":[{\"@type\":\"WebSite\",\"@id\":\"https:\/\/www.oidossucios.com\/site\/#website\",\"url\":\"https:\/\/www.oidossucios.com\/site\/\",\"name\":\"OidosSucios.Com\",\"description\":\"M\\u00fasica, conciertos, discos\",\"potentialAction\":[{\"@type\":\"SearchAction\",\"target\":\"https:\/\/www.oidossucios.com\/site\/?s={search_term_string}\",\"query-input\":\"required name=search_term_string\"}],\"inLanguage\":\"es\"},{\"@type\":\"ImageObject\",\"@id\":\"https:\/\/www.oidossucios.com\/site\/festival-lollapalooza-2009-revela-su-formacion\/#primaryimage\",\"inLanguage\":\"es\",\"url\":\"https:\/\/www.oidossucios.com\/site\/wp-content\/uploads\/2009\/04\/1753.jpg\",\"width\":290,\"height\":100},{\"@type\":\"WebPage\",\"@id\":\"https:\/\/www.oidossucios.com\/site\/festival-lollapalooza-2009-revela-su-formacion\/#webpage\",\"url\":\"https:\/\/www.oidossucios.com\/site\/festival-lollapalooza-2009-revela-su-formacion\/\",\"name\":\"Festival Lollapalooza 2009 revela su formaci\\u00f3n - OidosSucios.Com\",\"isPartOf\":{\"@id\":\"https:\/\/www.oidossucios.com\/site\/#website\"},\"primaryImageOfPage\":{\"@id\":\"https:\/\/www.oidossucios.com\/site\/festival-lollapalooza-2009-revela-su-formacion\/#primaryimage\"},\"datePublished\":\"2009-04-22T18:14:00+00:00\",\"dateModified\":\"2009-04-22T18:14:00+00:00\",\"author\":{\"@id\":\"https:\/\/www.oidossucios.com\/site\/#\/schema\/person\/24559eeb76bf83a63296fb072393a688\"},\"description\":\"Se alarga el proceso de inscripciones del Intercolegial para la fecha comprendida entre 20 y 22 de abril\",\"inLanguage\":\"es\",\"potentialAction\":[{\"@type\":\"ReadAction\",\"target\":[\"https:\/\/www.oidossucios.com\/site\/festival-lollapalooza-2009-revela-su-formacion\/\"]}]},{\"@type\":[\"Person\"],\"@id\":\"https:\/\/www.oidossucios.com\/site\/#\/schema\/person\/24559eeb76bf83a63296fb072393a688\",\"name\":\"Oidossucios\",\"image\":{\"@type\":\"ImageObject\",\"@id\":\"https:\/\/www.oidossucios.com\/site\/#personlogo\",\"inLanguage\":\"es\",\"url\":\"https:\/\/secure.gravatar.com\/avatar\/74fcb480f42f1a33e50a0b6e6369a3f907be2e43dc84fa5f76c66e9c22b4a5ab?s=96&d=mm&r=g\",\"caption\":\"Oidossucios\"},\"sameAs\":[\"https:\/\/twitter.com\/oidossucios\"]}]}<\/script>\n<!-- \/ Yoast SEO plugin. -->","jetpack_sharing_enabled":true,"_links":{"self":[{"href":"https:\/\/www.oidossucios.com\/site\/wp-json\/wp\/v2\/posts\/1753","targetHints":{"allow":["GET"]}}],"collection":[{"href":"https:\/\/www.oidossucios.com\/site\/wp-json\/wp\/v2\/posts"}],"about":[{"href":"https:\/\/www.oidossucios.com\/site\/wp-json\/wp\/v2\/types\/post"}],"author":[{"embeddable":true,"href":"https:\/\/www.oidossucios.com\/site\/wp-json\/wp\/v2\/users\/4"}],"replies":[{"embeddable":true,"href":"https:\/\/www.oidossucios.com\/site\/wp-json\/wp\/v2\/comments?post=1753"}],"version-history":[{"count":0,"href":"https:\/\/www.oidossucios.com\/site\/wp-json\/wp\/v2\/posts\/1753\/revisions"}],"wp:featuredmedia":[{"embeddable":true,"href":"https:\/\/www.oidossucios.com\/site\/wp-json\/wp\/v2\/media\/100001753"}],"wp:attachment":[{"href":"https:\/\/www.oidossucios.com\/site\/wp-json\/wp\/v2\/media?parent=1753"}],"wp:term":[{"taxonomy":"category","embeddable":true,"href":"https:\/\/www.oidossucios.com\/site\/wp-json\/wp\/v2\/categories?post=1753"},{"taxonomy":"post_tag","embeddable":true,"href":"https:\/\/www.oidossucios.com\/site\/wp-json\/wp\/v2\/tags?post=1753"}],"curies":[{"name":"wp","href":"https:\/\/api.w.org\/{rel}","templated":true}]}}