{"id":1785,"date":"2009-05-14T03:14:00","date_gmt":"2009-05-14T03:14:00","guid":{"rendered":"https:\/\/www.oidossucios.com\/site\/2009\/05\/14\/lanzan-un-segundo-libro-de-desorden-publico\/"},"modified":"2009-05-14T03:14:00","modified_gmt":"2009-05-14T03:14:00","slug":"lanzan-un-segundo-libro-de-desorden-publico","status":"publish","type":"post","link":"https:\/\/www.oidossucios.com\/site\/lanzan-un-segundo-libro-de-desorden-publico\/","title":{"rendered":"Lanzan un segundo libro de Desorden P\u00fablico"},"content":{"rendered":"<p>El pr\u00f3ximo martes 19 de mayo ser\u00e1 el lanzamiento del segundo libro en el que se le rinde homenaje a la agrupaci\u00f3n venezolana Desorden P\u00fablico. El evento tendr\u00e1 lugar en el Centro Comercial El Tol\u00f3n, piso 5, en la tienda Esperanto.<\/p>\n<p>El autor del libro, Marlon Lares, y gran parte de la banda estar\u00e1n presentes para firmar aut\u00f3grafos, dar entrevistas y celebrar junto a los fans este nuevo proyecto que habla sobre la agrupaci\u00f3n antes de conformarse como proyecto musical.<\/p>\n<p>El acceso al p\u00fablico general ser\u00e1 a partir de las 7:30 p.m., ya que a partir de las 6:30 p.m. ser\u00e1 el encuentro con los medios.<\/p>\n","protected":false},"excerpt":{"rendered":"<p>El evento que celebra a la agrupaci\u00f3n venezolana ser\u00e1 en la tienda Esperanto de El Tol\u00f3n el 19 de mayo, y estar\u00e1n presentes el autor del libro y parte de la banda<\/p>\n","protected":false},"author":4,"featured_media":100001781,"comment_status":"open","ping_status":"open","sticky":false,"template":"","format":"standard","meta":{"_jetpack_memberships_contains_paid_content":false,"footnotes":""},"categories":[250],"tags":[254],"class_list":["post-1785","post","type-post","status-publish","format-standard","has-post-thumbnail","hentry","category-noticias","tag-desorden-publico"],"jetpack_featured_media_url":"https:\/\/www.oidossucios.com\/site\/wp-content\/uploads\/2009\/05\/1781.jpg","yoast_head":"<!-- This site is optimized with the Yoast SEO plugin v14.0.4 - https:\/\/yoast.com\/wordpress\/plugins\/seo\/ -->\n<title>Lanzan un segundo libro de Desorden P\u00fablico - OidosSucios.Com<\/title>\n<meta name=\"description\" content=\"El vocalista de Jane&#039;s Addiction se lastim\u00f3 la pierna ayer durante una presentaci\u00f3n, pero continuar\u00e1 con su gira estadounidense\" \/>\n<meta name=\"robots\" content=\"index, follow\" \/>\n<meta name=\"googlebot\" content=\"index, follow, max-snippet:-1, max-image-preview:large, max-video-preview:-1\" \/>\n<meta name=\"bingbot\" content=\"index, follow, max-snippet:-1, max-image-preview:large, max-video-preview:-1\" \/>\n<link rel=\"canonical\" href=\"https:\/\/www.oidossucios.com\/site\/lanzan-un-segundo-libro-de-desorden-publico\/\" \/>\n<meta property=\"og:locale\" content=\"es_ES\" \/>\n<meta property=\"og:type\" content=\"article\" \/>\n<meta property=\"og:title\" content=\"Lanzan un segundo libro de Desorden P\u00fablico - OidosSucios.Com\" \/>\n<meta property=\"og:description\" content=\"El vocalista de Jane&#039;s Addiction se lastim\u00f3 la pierna ayer durante una presentaci\u00f3n, pero continuar\u00e1 con su gira estadounidense\" \/>\n<meta property=\"og:url\" content=\"https:\/\/www.oidossucios.com\/site\/lanzan-un-segundo-libro-de-desorden-publico\/\" \/>\n<meta property=\"og:site_name\" content=\"OidosSucios.Com\" \/>\n<meta property=\"article:published_time\" content=\"2009-05-14T03:14:00+00:00\" \/>\n<meta property=\"og:image\" content=\"https:\/\/www.oidossucios.com\/site\/wp-content\/uploads\/2009\/05\/1781.jpg\" \/>\n\t<meta property=\"og:image:width\" content=\"290\" \/>\n\t<meta property=\"og:image:height\" content=\"100\" \/>\n<meta name=\"twitter:card\" content=\"summary_large_image\" \/>\n<meta name=\"twitter:creator\" content=\"@oidossucios\" \/>\n<script type=\"application\/ld+json\" class=\"yoast-schema-graph\">{\"@context\":\"https:\/\/schema.org\",\"@graph\":[{\"@type\":\"WebSite\",\"@id\":\"https:\/\/www.oidossucios.com\/site\/#website\",\"url\":\"https:\/\/www.oidossucios.com\/site\/\",\"name\":\"OidosSucios.Com\",\"description\":\"M\\u00fasica, conciertos, discos\",\"potentialAction\":[{\"@type\":\"SearchAction\",\"target\":\"https:\/\/www.oidossucios.com\/site\/?s={search_term_string}\",\"query-input\":\"required name=search_term_string\"}],\"inLanguage\":\"es\"},{\"@type\":\"ImageObject\",\"@id\":\"https:\/\/www.oidossucios.com\/site\/lanzan-un-segundo-libro-de-desorden-publico\/#primaryimage\",\"inLanguage\":\"es\",\"url\":\"https:\/\/www.oidossucios.com\/site\/wp-content\/uploads\/2009\/05\/1781.jpg\",\"width\":290,\"height\":100},{\"@type\":\"WebPage\",\"@id\":\"https:\/\/www.oidossucios.com\/site\/lanzan-un-segundo-libro-de-desorden-publico\/#webpage\",\"url\":\"https:\/\/www.oidossucios.com\/site\/lanzan-un-segundo-libro-de-desorden-publico\/\",\"name\":\"Lanzan un segundo libro de Desorden P\\u00fablico - OidosSucios.Com\",\"isPartOf\":{\"@id\":\"https:\/\/www.oidossucios.com\/site\/#website\"},\"primaryImageOfPage\":{\"@id\":\"https:\/\/www.oidossucios.com\/site\/lanzan-un-segundo-libro-de-desorden-publico\/#primaryimage\"},\"datePublished\":\"2009-05-14T03:14:00+00:00\",\"dateModified\":\"2009-05-14T03:14:00+00:00\",\"author\":{\"@id\":\"https:\/\/www.oidossucios.com\/site\/#\/schema\/person\/24559eeb76bf83a63296fb072393a688\"},\"description\":\"El vocalista de Jane's Addiction se lastim\\u00f3 la pierna ayer durante una presentaci\\u00f3n, pero continuar\\u00e1 con su gira estadounidense\",\"inLanguage\":\"es\",\"potentialAction\":[{\"@type\":\"ReadAction\",\"target\":[\"https:\/\/www.oidossucios.com\/site\/lanzan-un-segundo-libro-de-desorden-publico\/\"]}]},{\"@type\":[\"Person\"],\"@id\":\"https:\/\/www.oidossucios.com\/site\/#\/schema\/person\/24559eeb76bf83a63296fb072393a688\",\"name\":\"Oidossucios\",\"image\":{\"@type\":\"ImageObject\",\"@id\":\"https:\/\/www.oidossucios.com\/site\/#personlogo\",\"inLanguage\":\"es\",\"url\":\"https:\/\/secure.gravatar.com\/avatar\/74fcb480f42f1a33e50a0b6e6369a3f907be2e43dc84fa5f76c66e9c22b4a5ab?s=96&d=mm&r=g\",\"caption\":\"Oidossucios\"},\"sameAs\":[\"https:\/\/twitter.com\/oidossucios\"]}]}<\/script>\n<!-- \/ Yoast SEO plugin. -->","jetpack_sharing_enabled":true,"_links":{"self":[{"href":"https:\/\/www.oidossucios.com\/site\/wp-json\/wp\/v2\/posts\/1785","targetHints":{"allow":["GET"]}}],"collection":[{"href":"https:\/\/www.oidossucios.com\/site\/wp-json\/wp\/v2\/posts"}],"about":[{"href":"https:\/\/www.oidossucios.com\/site\/wp-json\/wp\/v2\/types\/post"}],"author":[{"embeddable":true,"href":"https:\/\/www.oidossucios.com\/site\/wp-json\/wp\/v2\/users\/4"}],"replies":[{"embeddable":true,"href":"https:\/\/www.oidossucios.com\/site\/wp-json\/wp\/v2\/comments?post=1785"}],"version-history":[{"count":0,"href":"https:\/\/www.oidossucios.com\/site\/wp-json\/wp\/v2\/posts\/1785\/revisions"}],"wp:featuredmedia":[{"embeddable":true,"href":"https:\/\/www.oidossucios.com\/site\/wp-json\/wp\/v2\/media\/100001781"}],"wp:attachment":[{"href":"https:\/\/www.oidossucios.com\/site\/wp-json\/wp\/v2\/media?parent=1785"}],"wp:term":[{"taxonomy":"category","embeddable":true,"href":"https:\/\/www.oidossucios.com\/site\/wp-json\/wp\/v2\/categories?post=1785"},{"taxonomy":"post_tag","embeddable":true,"href":"https:\/\/www.oidossucios.com\/site\/wp-json\/wp\/v2\/tags?post=1785"}],"curies":[{"name":"wp","href":"https:\/\/api.w.org\/{rel}","templated":true}]}}