{"id":1788,"date":"2009-05-16T02:00:00","date_gmt":"2009-05-16T02:00:00","guid":{"rendered":"https:\/\/www.oidossucios.com\/site\/2009\/05\/16\/blink-182-toca-primer-show-en-vivo-desde-el-anuncio-de-su-reunion\/"},"modified":"2009-05-16T02:00:00","modified_gmt":"2009-05-16T02:00:00","slug":"blink-182-toca-primer-show-en-vivo-desde-el-anuncio-de-su-reunion","status":"publish","type":"post","link":"https:\/\/www.oidossucios.com\/site\/blink-182-toca-primer-show-en-vivo-desde-el-anuncio-de-su-reunion\/","title":{"rendered":"Blink 182 toca primer show en vivo desde el anuncio de su reuni\u00f3n"},"content":{"rendered":"<p>Por primera vez luego de 4 a\u00f1os, el tr\u00edo de pop-punk Blink 182 toc\u00f3 un show en vivo anoche. El bajista Mark Hoppus explic\u00f3 en su blog personal que la presentaci\u00f3n tuvo lugar en una fiesta privada del lanzamiento del nuevo tel\u00e9fono Sidekick en los Hollywood\u0092s Paramount Pictures. El baterista Travis Barker estaba ya en la lista junto a DJ AM entre los artistas a presentarse, al igual que la banda Weezer, pero fue Blink la que cerr\u00f3 la noche como final sorpresa. <\/p>\n<p>El tr\u00edo toc\u00f3 3 canciones durante la presentaci\u00f3n, abriendo con el tema perteneciente al \u00e1lbum Take Off Your Pants And Jacket &#8220;The Rock Show&#8221;, para seguir con &#8220;Dammit&#8221; de Dude Ranch, y cerrar con la canci\u00f3n &#8220;Feeling This&#8221;. <\/p>\n<p>&#8220;Esta es la primera vez que tocamos juntos despu\u00e9s de odiarnos por muchos a\u00f1os&#8221;, brome\u00f3 Hoppus sobre el escenario. &#8220;Gracias a Travis y a Tom. Ustedes son mis hermanos y se siente incre\u00edble compartir esto de nuevo con ustedes&#8221;, continu\u00f3. <\/p>\n<p>La agrupaci\u00f3n tambi\u00e9n anunci\u00f3 esta ma\u00f1ana en el website de Billboard las fechas de su pr\u00f3xima gira, cuyo acto de apertura estar\u00e1 a cargo de Weezer.<\/p>\n<p>El regreso oficial de la banda ser\u00e1 el pr\u00f3ximo martes 21 de mayo, cuando se presenten en vivo en el programa estadounidense The Late Show With Jay Leno.<\/p>\n","protected":false},"excerpt":{"rendered":"<p>El tr\u00edo de pop-punk se present\u00f3 sobre un escenario por primera vez luego de 4 a\u00f1os de separaci\u00f3n<\/p>\n","protected":false},"author":4,"featured_media":100001784,"comment_status":"open","ping_status":"open","sticky":false,"template":"","format":"standard","meta":{"_jetpack_memberships_contains_paid_content":false,"footnotes":""},"categories":[250],"tags":[567],"class_list":["post-1788","post","type-post","status-publish","format-standard","has-post-thumbnail","hentry","category-noticias","tag-blink-182"],"jetpack_featured_media_url":"https:\/\/www.oidossucios.com\/site\/wp-content\/uploads\/2009\/05\/1784.jpg","yoast_head":"<!-- This site is optimized with the Yoast SEO plugin v14.0.4 - https:\/\/yoast.com\/wordpress\/plugins\/seo\/ -->\n<title>Blink 182 toca primer show en vivo desde el anuncio de su reuni\u00f3n - OidosSucios.Com<\/title>\n<meta name=\"description\" content=\"El cantautor y el ilustrador argentino dar\u00e1n un show en vivo en el Centro Cultural Corp Banca el 16 de mayo que promete ser un gran espect\u00e1culo audiovisual\" \/>\n<meta name=\"robots\" content=\"index, follow\" \/>\n<meta name=\"googlebot\" content=\"index, follow, max-snippet:-1, max-image-preview:large, max-video-preview:-1\" \/>\n<meta name=\"bingbot\" content=\"index, follow, max-snippet:-1, max-image-preview:large, max-video-preview:-1\" \/>\n<link rel=\"canonical\" href=\"https:\/\/www.oidossucios.com\/site\/blink-182-toca-primer-show-en-vivo-desde-el-anuncio-de-su-reunion\/\" \/>\n<meta property=\"og:locale\" content=\"es_ES\" \/>\n<meta property=\"og:type\" content=\"article\" \/>\n<meta property=\"og:title\" content=\"Blink 182 toca primer show en vivo desde el anuncio de su reuni\u00f3n - OidosSucios.Com\" \/>\n<meta property=\"og:description\" content=\"El cantautor y el ilustrador argentino dar\u00e1n un show en vivo en el Centro Cultural Corp Banca el 16 de mayo que promete ser un gran espect\u00e1culo audiovisual\" \/>\n<meta property=\"og:url\" content=\"https:\/\/www.oidossucios.com\/site\/blink-182-toca-primer-show-en-vivo-desde-el-anuncio-de-su-reunion\/\" \/>\n<meta property=\"og:site_name\" content=\"OidosSucios.Com\" \/>\n<meta property=\"article:published_time\" content=\"2009-05-16T02:00:00+00:00\" \/>\n<meta property=\"og:image\" content=\"https:\/\/www.oidossucios.com\/site\/wp-content\/uploads\/2009\/05\/1784.jpg\" \/>\n\t<meta property=\"og:image:width\" content=\"290\" \/>\n\t<meta property=\"og:image:height\" content=\"100\" \/>\n<meta name=\"twitter:card\" content=\"summary_large_image\" \/>\n<meta name=\"twitter:creator\" content=\"@oidossucios\" \/>\n<script type=\"application\/ld+json\" class=\"yoast-schema-graph\">{\"@context\":\"https:\/\/schema.org\",\"@graph\":[{\"@type\":\"WebSite\",\"@id\":\"https:\/\/www.oidossucios.com\/site\/#website\",\"url\":\"https:\/\/www.oidossucios.com\/site\/\",\"name\":\"OidosSucios.Com\",\"description\":\"M\\u00fasica, conciertos, discos\",\"potentialAction\":[{\"@type\":\"SearchAction\",\"target\":\"https:\/\/www.oidossucios.com\/site\/?s={search_term_string}\",\"query-input\":\"required name=search_term_string\"}],\"inLanguage\":\"es\"},{\"@type\":\"ImageObject\",\"@id\":\"https:\/\/www.oidossucios.com\/site\/blink-182-toca-primer-show-en-vivo-desde-el-anuncio-de-su-reunion\/#primaryimage\",\"inLanguage\":\"es\",\"url\":\"https:\/\/www.oidossucios.com\/site\/wp-content\/uploads\/2009\/05\/1784.jpg\",\"width\":290,\"height\":100},{\"@type\":\"WebPage\",\"@id\":\"https:\/\/www.oidossucios.com\/site\/blink-182-toca-primer-show-en-vivo-desde-el-anuncio-de-su-reunion\/#webpage\",\"url\":\"https:\/\/www.oidossucios.com\/site\/blink-182-toca-primer-show-en-vivo-desde-el-anuncio-de-su-reunion\/\",\"name\":\"Blink 182 toca primer show en vivo desde el anuncio de su reuni\\u00f3n - OidosSucios.Com\",\"isPartOf\":{\"@id\":\"https:\/\/www.oidossucios.com\/site\/#website\"},\"primaryImageOfPage\":{\"@id\":\"https:\/\/www.oidossucios.com\/site\/blink-182-toca-primer-show-en-vivo-desde-el-anuncio-de-su-reunion\/#primaryimage\"},\"datePublished\":\"2009-05-16T02:00:00+00:00\",\"dateModified\":\"2009-05-16T02:00:00+00:00\",\"author\":{\"@id\":\"https:\/\/www.oidossucios.com\/site\/#\/schema\/person\/24559eeb76bf83a63296fb072393a688\"},\"description\":\"El cantautor y el ilustrador argentino dar\\u00e1n un show en vivo en el Centro Cultural Corp Banca el 16 de mayo que promete ser un gran espect\\u00e1culo audiovisual\",\"inLanguage\":\"es\",\"potentialAction\":[{\"@type\":\"ReadAction\",\"target\":[\"https:\/\/www.oidossucios.com\/site\/blink-182-toca-primer-show-en-vivo-desde-el-anuncio-de-su-reunion\/\"]}]},{\"@type\":[\"Person\"],\"@id\":\"https:\/\/www.oidossucios.com\/site\/#\/schema\/person\/24559eeb76bf83a63296fb072393a688\",\"name\":\"Oidossucios\",\"image\":{\"@type\":\"ImageObject\",\"@id\":\"https:\/\/www.oidossucios.com\/site\/#personlogo\",\"inLanguage\":\"es\",\"url\":\"https:\/\/secure.gravatar.com\/avatar\/74fcb480f42f1a33e50a0b6e6369a3f907be2e43dc84fa5f76c66e9c22b4a5ab?s=96&d=mm&r=g\",\"caption\":\"Oidossucios\"},\"sameAs\":[\"https:\/\/twitter.com\/oidossucios\"]}]}<\/script>\n<!-- \/ Yoast SEO plugin. -->","jetpack_sharing_enabled":true,"_links":{"self":[{"href":"https:\/\/www.oidossucios.com\/site\/wp-json\/wp\/v2\/posts\/1788","targetHints":{"allow":["GET"]}}],"collection":[{"href":"https:\/\/www.oidossucios.com\/site\/wp-json\/wp\/v2\/posts"}],"about":[{"href":"https:\/\/www.oidossucios.com\/site\/wp-json\/wp\/v2\/types\/post"}],"author":[{"embeddable":true,"href":"https:\/\/www.oidossucios.com\/site\/wp-json\/wp\/v2\/users\/4"}],"replies":[{"embeddable":true,"href":"https:\/\/www.oidossucios.com\/site\/wp-json\/wp\/v2\/comments?post=1788"}],"version-history":[{"count":0,"href":"https:\/\/www.oidossucios.com\/site\/wp-json\/wp\/v2\/posts\/1788\/revisions"}],"wp:featuredmedia":[{"embeddable":true,"href":"https:\/\/www.oidossucios.com\/site\/wp-json\/wp\/v2\/media\/100001784"}],"wp:attachment":[{"href":"https:\/\/www.oidossucios.com\/site\/wp-json\/wp\/v2\/media?parent=1788"}],"wp:term":[{"taxonomy":"category","embeddable":true,"href":"https:\/\/www.oidossucios.com\/site\/wp-json\/wp\/v2\/categories?post=1788"},{"taxonomy":"post_tag","embeddable":true,"href":"https:\/\/www.oidossucios.com\/site\/wp-json\/wp\/v2\/tags?post=1788"}],"curies":[{"name":"wp","href":"https:\/\/api.w.org\/{rel}","templated":true}]}}