{"id":1801,"date":"2009-05-26T13:06:00","date_gmt":"2009-05-26T13:06:00","guid":{"rendered":"https:\/\/www.oidossucios.com\/site\/2009\/05\/26\/nana-cadavieco-lanza-su-primer-album\/"},"modified":"2009-05-26T13:06:00","modified_gmt":"2009-05-26T13:06:00","slug":"nana-cadavieco-lanza-su-primer-album","status":"publish","type":"post","link":"https:\/\/www.oidossucios.com\/site\/nana-cadavieco-lanza-su-primer-album\/","title":{"rendered":"Nana Cadavieco lanza su primer \u00e1lbum"},"content":{"rendered":"<p>Luego de formar parte como artista invitada de las giras &#8220;I\/O Live&#8221;de Ga\u00ealica y &#8220;Cuentos de Ada N\u00ba 6&#8243;de Masseratti 2lts, la cantautora Nana Cadavieco lanza su primera placa discogr\u00e1fica y prepara su propia gira de conciertos.<\/p>\n<p>El disco, titulado &#8220;Expos\u00e9&#8221;, fue producido por Erik Aldrey (Le Pic\u00f3, Londres\/Caracas) en Sala de M\u00e1quinas y masterizado en 360\u00ba Studios, Londres, por Richard Beetham, y se enmarca bajo influencias del rock, pop, indie, disco punk y elementos del world music y la electr\u00f3nica.<\/p>\n<p>&#8220;Expos\u00e9&#8221; cuenta con la participaci\u00f3n de talentosos m\u00fasicos venezolanos como Wincho Sch\u00e4fer (Sentimiento Muerto, Atkinson), Rafael Cadavieco (Zapato 3, Atkinson) y Ezequiel S. Valencia (Cabez\u00f3n Key &#8211; Tribop). Tambi\u00e9n hacen apariciones especiales Gabriel Figueira, Armando \u00c1lvarez y Abiram Brizuela, de Ga\u00ealica.<\/p>\n<p>El \u00e1lbum estar\u00e1 en las discotiendas del pa\u00eds a partir del jueves 25 de mayo, y las fechas de su gira ser\u00e1n anunciadas pr\u00f3ximamente. Para m\u00e1s informaci\u00f3n acerca de la artista, se pueden visitar los siguientes websites:<\/p>\n<p>www.nanacadavieco.com<\/p>\n<p>www.myspace.com\/nanish<\/p>\n<p>http:\/\/www.facebook.com\/pages\/NanaCadavieco\/11454487310<\/p>\n","protected":false},"excerpt":{"rendered":"<p>La cantante venezolana presenta su \u00e1lbum titulado &#8220;Expos\u00e9&#8221;y prepara una pr\u00f3xima gira de conciertos<\/p>\n","protected":false},"author":4,"featured_media":100001797,"comment_status":"open","ping_status":"open","sticky":false,"template":"","format":"standard","meta":{"_jetpack_memberships_contains_paid_content":false,"footnotes":""},"categories":[250],"tags":[617],"class_list":["post-1801","post","type-post","status-publish","format-standard","has-post-thumbnail","hentry","category-noticias","tag-nana-cadavieco"],"jetpack_featured_media_url":"https:\/\/www.oidossucios.com\/site\/wp-content\/uploads\/2009\/05\/1797.jpg","yoast_head":"<!-- This site is optimized with the Yoast SEO plugin v14.0.4 - https:\/\/yoast.com\/wordpress\/plugins\/seo\/ -->\n<title>Nana Cadavieco lanza su primer \u00e1lbum - OidosSucios.Com<\/title>\n<meta name=\"description\" content=\"El cantante ingl\u00e9s declar\u00f3 que ser demandado lo ha inspirado a componer mejores canciones\" \/>\n<meta name=\"robots\" content=\"index, follow\" \/>\n<meta name=\"googlebot\" content=\"index, follow, max-snippet:-1, max-image-preview:large, max-video-preview:-1\" \/>\n<meta name=\"bingbot\" content=\"index, follow, max-snippet:-1, max-image-preview:large, max-video-preview:-1\" \/>\n<link rel=\"canonical\" href=\"https:\/\/www.oidossucios.com\/site\/nana-cadavieco-lanza-su-primer-album\/\" \/>\n<meta property=\"og:locale\" content=\"es_ES\" \/>\n<meta property=\"og:type\" content=\"article\" \/>\n<meta property=\"og:title\" content=\"Nana Cadavieco lanza su primer \u00e1lbum - OidosSucios.Com\" \/>\n<meta property=\"og:description\" content=\"El cantante ingl\u00e9s declar\u00f3 que ser demandado lo ha inspirado a componer mejores canciones\" \/>\n<meta property=\"og:url\" content=\"https:\/\/www.oidossucios.com\/site\/nana-cadavieco-lanza-su-primer-album\/\" \/>\n<meta property=\"og:site_name\" content=\"OidosSucios.Com\" \/>\n<meta property=\"article:published_time\" content=\"2009-05-26T13:06:00+00:00\" \/>\n<meta property=\"og:image\" content=\"https:\/\/www.oidossucios.com\/site\/wp-content\/uploads\/2009\/05\/1797.jpg\" \/>\n\t<meta property=\"og:image:width\" content=\"290\" \/>\n\t<meta property=\"og:image:height\" content=\"100\" \/>\n<meta name=\"twitter:card\" content=\"summary_large_image\" \/>\n<meta name=\"twitter:creator\" content=\"@oidossucios\" \/>\n<script type=\"application\/ld+json\" class=\"yoast-schema-graph\">{\"@context\":\"https:\/\/schema.org\",\"@graph\":[{\"@type\":\"WebSite\",\"@id\":\"https:\/\/www.oidossucios.com\/site\/#website\",\"url\":\"https:\/\/www.oidossucios.com\/site\/\",\"name\":\"OidosSucios.Com\",\"description\":\"M\\u00fasica, conciertos, discos\",\"potentialAction\":[{\"@type\":\"SearchAction\",\"target\":\"https:\/\/www.oidossucios.com\/site\/?s={search_term_string}\",\"query-input\":\"required name=search_term_string\"}],\"inLanguage\":\"es\"},{\"@type\":\"ImageObject\",\"@id\":\"https:\/\/www.oidossucios.com\/site\/nana-cadavieco-lanza-su-primer-album\/#primaryimage\",\"inLanguage\":\"es\",\"url\":\"https:\/\/www.oidossucios.com\/site\/wp-content\/uploads\/2009\/05\/1797.jpg\",\"width\":290,\"height\":100},{\"@type\":\"WebPage\",\"@id\":\"https:\/\/www.oidossucios.com\/site\/nana-cadavieco-lanza-su-primer-album\/#webpage\",\"url\":\"https:\/\/www.oidossucios.com\/site\/nana-cadavieco-lanza-su-primer-album\/\",\"name\":\"Nana Cadavieco lanza su primer \\u00e1lbum - OidosSucios.Com\",\"isPartOf\":{\"@id\":\"https:\/\/www.oidossucios.com\/site\/#website\"},\"primaryImageOfPage\":{\"@id\":\"https:\/\/www.oidossucios.com\/site\/nana-cadavieco-lanza-su-primer-album\/#primaryimage\"},\"datePublished\":\"2009-05-26T13:06:00+00:00\",\"dateModified\":\"2009-05-26T13:06:00+00:00\",\"author\":{\"@id\":\"https:\/\/www.oidossucios.com\/site\/#\/schema\/person\/24559eeb76bf83a63296fb072393a688\"},\"description\":\"El cantante ingl\\u00e9s declar\\u00f3 que ser demandado lo ha inspirado a componer mejores canciones\",\"inLanguage\":\"es\",\"potentialAction\":[{\"@type\":\"ReadAction\",\"target\":[\"https:\/\/www.oidossucios.com\/site\/nana-cadavieco-lanza-su-primer-album\/\"]}]},{\"@type\":[\"Person\"],\"@id\":\"https:\/\/www.oidossucios.com\/site\/#\/schema\/person\/24559eeb76bf83a63296fb072393a688\",\"name\":\"Oidossucios\",\"image\":{\"@type\":\"ImageObject\",\"@id\":\"https:\/\/www.oidossucios.com\/site\/#personlogo\",\"inLanguage\":\"es\",\"url\":\"https:\/\/secure.gravatar.com\/avatar\/74fcb480f42f1a33e50a0b6e6369a3f907be2e43dc84fa5f76c66e9c22b4a5ab?s=96&d=mm&r=g\",\"caption\":\"Oidossucios\"},\"sameAs\":[\"https:\/\/twitter.com\/oidossucios\"]}]}<\/script>\n<!-- \/ Yoast SEO plugin. -->","jetpack_sharing_enabled":true,"_links":{"self":[{"href":"https:\/\/www.oidossucios.com\/site\/wp-json\/wp\/v2\/posts\/1801","targetHints":{"allow":["GET"]}}],"collection":[{"href":"https:\/\/www.oidossucios.com\/site\/wp-json\/wp\/v2\/posts"}],"about":[{"href":"https:\/\/www.oidossucios.com\/site\/wp-json\/wp\/v2\/types\/post"}],"author":[{"embeddable":true,"href":"https:\/\/www.oidossucios.com\/site\/wp-json\/wp\/v2\/users\/4"}],"replies":[{"embeddable":true,"href":"https:\/\/www.oidossucios.com\/site\/wp-json\/wp\/v2\/comments?post=1801"}],"version-history":[{"count":0,"href":"https:\/\/www.oidossucios.com\/site\/wp-json\/wp\/v2\/posts\/1801\/revisions"}],"wp:featuredmedia":[{"embeddable":true,"href":"https:\/\/www.oidossucios.com\/site\/wp-json\/wp\/v2\/media\/100001797"}],"wp:attachment":[{"href":"https:\/\/www.oidossucios.com\/site\/wp-json\/wp\/v2\/media?parent=1801"}],"wp:term":[{"taxonomy":"category","embeddable":true,"href":"https:\/\/www.oidossucios.com\/site\/wp-json\/wp\/v2\/categories?post=1801"},{"taxonomy":"post_tag","embeddable":true,"href":"https:\/\/www.oidossucios.com\/site\/wp-json\/wp\/v2\/tags?post=1801"}],"curies":[{"name":"wp","href":"https:\/\/api.w.org\/{rel}","templated":true}]}}