{"id":1822,"date":"2009-06-09T23:00:00","date_gmt":"2009-06-09T23:00:00","guid":{"rendered":"https:\/\/www.oidossucios.com\/site\/2009\/06\/09\/smashing-pumpkins-con-baterista-adolescente\/"},"modified":"2009-06-09T23:00:00","modified_gmt":"2009-06-09T23:00:00","slug":"smashing-pumpkins-con-baterista-adolescente","status":"publish","type":"post","link":"https:\/\/www.oidossucios.com\/site\/smashing-pumpkins-con-baterista-adolescente\/","title":{"rendered":"\u00bfSmashing Pumpkins con baterista adolescente?"},"content":{"rendered":"<p>Luego de mantener audiciones en busca del reemplazo para Jimmy Chamberlin, los Smashing Pumpkins parecen haber encontrado a su nuevo baterista, de tan solo diecinueve a\u00f1os.<\/p>\n<p>Mike Byrne, baterista de una banda de Oregon, Estados Unidos, llamada &#8220;Smell the Roses&#8221;, aparentemente obtuvo el puesto luego de trabajar una semana con el vocalista Billy Corgan durante el mes pasado.<\/p>\n<p>El frontman de la agrupaci\u00f3n previamente report\u00f3 en internet que &#8220;hab\u00eda encontrado al baterista del futuro&#8221; y que ten\u00eda planes de trabajar con \u00e9l por un tiempo m\u00e1s antes de anunciarlo oficialmente.<\/p>\n","protected":false},"excerpt":{"rendered":"<p>Luego de meses de audiciones la banda parece haber encontrado reemplazo de bater\u00eda de tan solo diecinueve a\u00f1os<\/p>\n","protected":false},"author":4,"featured_media":100001818,"comment_status":"open","ping_status":"open","sticky":false,"template":"","format":"standard","meta":{"_jetpack_memberships_contains_paid_content":false,"footnotes":""},"categories":[250],"tags":[291],"class_list":["post-1822","post","type-post","status-publish","format-standard","has-post-thumbnail","hentry","category-noticias","tag-smashing"],"jetpack_featured_media_url":"https:\/\/www.oidossucios.com\/site\/wp-content\/uploads\/2009\/06\/1818.jpg","yoast_head":"<!-- This site is optimized with the Yoast SEO plugin v14.0.4 - https:\/\/yoast.com\/wordpress\/plugins\/seo\/ -->\n<title>\u00bfSmashing Pumpkins con baterista adolescente? - OidosSucios.Com<\/title>\n<meta name=\"description\" content=\"El ex guitarrista de Guns &#039;N Roses habl\u00f3 sobre su pr\u00f3ximo \u00e1lbum solista y confirm\u00f3 a Ozzy Osbourne como vocalista invitado\" \/>\n<meta name=\"robots\" content=\"index, follow\" \/>\n<meta name=\"googlebot\" content=\"index, follow, max-snippet:-1, max-image-preview:large, max-video-preview:-1\" \/>\n<meta name=\"bingbot\" content=\"index, follow, max-snippet:-1, max-image-preview:large, max-video-preview:-1\" \/>\n<link rel=\"canonical\" href=\"https:\/\/www.oidossucios.com\/site\/smashing-pumpkins-con-baterista-adolescente\/\" \/>\n<meta property=\"og:locale\" content=\"es_ES\" \/>\n<meta property=\"og:type\" content=\"article\" \/>\n<meta property=\"og:title\" content=\"\u00bfSmashing Pumpkins con baterista adolescente? - OidosSucios.Com\" \/>\n<meta property=\"og:description\" content=\"El ex guitarrista de Guns &#039;N Roses habl\u00f3 sobre su pr\u00f3ximo \u00e1lbum solista y confirm\u00f3 a Ozzy Osbourne como vocalista invitado\" \/>\n<meta property=\"og:url\" content=\"https:\/\/www.oidossucios.com\/site\/smashing-pumpkins-con-baterista-adolescente\/\" \/>\n<meta property=\"og:site_name\" content=\"OidosSucios.Com\" \/>\n<meta property=\"article:published_time\" content=\"2009-06-09T23:00:00+00:00\" \/>\n<meta property=\"og:image\" content=\"https:\/\/www.oidossucios.com\/site\/wp-content\/uploads\/2009\/06\/1818.jpg\" \/>\n\t<meta property=\"og:image:width\" content=\"290\" \/>\n\t<meta property=\"og:image:height\" content=\"100\" \/>\n<meta name=\"twitter:card\" content=\"summary_large_image\" \/>\n<meta name=\"twitter:creator\" content=\"@oidossucios\" \/>\n<script type=\"application\/ld+json\" class=\"yoast-schema-graph\">{\"@context\":\"https:\/\/schema.org\",\"@graph\":[{\"@type\":\"WebSite\",\"@id\":\"https:\/\/www.oidossucios.com\/site\/#website\",\"url\":\"https:\/\/www.oidossucios.com\/site\/\",\"name\":\"OidosSucios.Com\",\"description\":\"M\\u00fasica, conciertos, discos\",\"potentialAction\":[{\"@type\":\"SearchAction\",\"target\":\"https:\/\/www.oidossucios.com\/site\/?s={search_term_string}\",\"query-input\":\"required name=search_term_string\"}],\"inLanguage\":\"es\"},{\"@type\":\"ImageObject\",\"@id\":\"https:\/\/www.oidossucios.com\/site\/smashing-pumpkins-con-baterista-adolescente\/#primaryimage\",\"inLanguage\":\"es\",\"url\":\"https:\/\/www.oidossucios.com\/site\/wp-content\/uploads\/2009\/06\/1818.jpg\",\"width\":290,\"height\":100},{\"@type\":\"WebPage\",\"@id\":\"https:\/\/www.oidossucios.com\/site\/smashing-pumpkins-con-baterista-adolescente\/#webpage\",\"url\":\"https:\/\/www.oidossucios.com\/site\/smashing-pumpkins-con-baterista-adolescente\/\",\"name\":\"\\u00bfSmashing Pumpkins con baterista adolescente? - OidosSucios.Com\",\"isPartOf\":{\"@id\":\"https:\/\/www.oidossucios.com\/site\/#website\"},\"primaryImageOfPage\":{\"@id\":\"https:\/\/www.oidossucios.com\/site\/smashing-pumpkins-con-baterista-adolescente\/#primaryimage\"},\"datePublished\":\"2009-06-09T23:00:00+00:00\",\"dateModified\":\"2009-06-09T23:00:00+00:00\",\"author\":{\"@id\":\"https:\/\/www.oidossucios.com\/site\/#\/schema\/person\/24559eeb76bf83a63296fb072393a688\"},\"description\":\"El ex guitarrista de Guns 'N Roses habl\\u00f3 sobre su pr\\u00f3ximo \\u00e1lbum solista y confirm\\u00f3 a Ozzy Osbourne como vocalista invitado\",\"inLanguage\":\"es\",\"potentialAction\":[{\"@type\":\"ReadAction\",\"target\":[\"https:\/\/www.oidossucios.com\/site\/smashing-pumpkins-con-baterista-adolescente\/\"]}]},{\"@type\":[\"Person\"],\"@id\":\"https:\/\/www.oidossucios.com\/site\/#\/schema\/person\/24559eeb76bf83a63296fb072393a688\",\"name\":\"Oidossucios\",\"image\":{\"@type\":\"ImageObject\",\"@id\":\"https:\/\/www.oidossucios.com\/site\/#personlogo\",\"inLanguage\":\"es\",\"url\":\"https:\/\/secure.gravatar.com\/avatar\/74fcb480f42f1a33e50a0b6e6369a3f907be2e43dc84fa5f76c66e9c22b4a5ab?s=96&d=mm&r=g\",\"caption\":\"Oidossucios\"},\"sameAs\":[\"https:\/\/twitter.com\/oidossucios\"]}]}<\/script>\n<!-- \/ Yoast SEO plugin. -->","jetpack_sharing_enabled":true,"_links":{"self":[{"href":"https:\/\/www.oidossucios.com\/site\/wp-json\/wp\/v2\/posts\/1822","targetHints":{"allow":["GET"]}}],"collection":[{"href":"https:\/\/www.oidossucios.com\/site\/wp-json\/wp\/v2\/posts"}],"about":[{"href":"https:\/\/www.oidossucios.com\/site\/wp-json\/wp\/v2\/types\/post"}],"author":[{"embeddable":true,"href":"https:\/\/www.oidossucios.com\/site\/wp-json\/wp\/v2\/users\/4"}],"replies":[{"embeddable":true,"href":"https:\/\/www.oidossucios.com\/site\/wp-json\/wp\/v2\/comments?post=1822"}],"version-history":[{"count":0,"href":"https:\/\/www.oidossucios.com\/site\/wp-json\/wp\/v2\/posts\/1822\/revisions"}],"wp:featuredmedia":[{"embeddable":true,"href":"https:\/\/www.oidossucios.com\/site\/wp-json\/wp\/v2\/media\/100001818"}],"wp:attachment":[{"href":"https:\/\/www.oidossucios.com\/site\/wp-json\/wp\/v2\/media?parent=1822"}],"wp:term":[{"taxonomy":"category","embeddable":true,"href":"https:\/\/www.oidossucios.com\/site\/wp-json\/wp\/v2\/categories?post=1822"},{"taxonomy":"post_tag","embeddable":true,"href":"https:\/\/www.oidossucios.com\/site\/wp-json\/wp\/v2\/tags?post=1822"}],"curies":[{"name":"wp","href":"https:\/\/api.w.org\/{rel}","templated":true}]}}