{"id":1829,"date":"2009-06-15T06:52:00","date_gmt":"2009-06-15T06:52:00","guid":{"rendered":"https:\/\/www.oidossucios.com\/site\/2009\/06\/15\/alice-in-chains-tiene-titulo-para-su-nuevo-album\/"},"modified":"2009-06-15T06:52:00","modified_gmt":"2009-06-15T06:52:00","slug":"alice-in-chains-tiene-titulo-para-su-nuevo-album","status":"publish","type":"post","link":"https:\/\/www.oidossucios.com\/site\/alice-in-chains-tiene-titulo-para-su-nuevo-album\/","title":{"rendered":"Alice in Chains tiene t\u00edtulo para su nuevo \u00e1lbum"},"content":{"rendered":"<p>Alice in Chains confirm\u00f3 la salida de su nueva producci\u00f3n discogr\u00e1fica que saldr\u00e1 a la venta el pr\u00f3ximo 29 de septiembre, la cual llevar\u00e1 de t\u00edtulo &#8220;Black Gives Way To Blue&#8221;.<\/p>\n<p>La banda comenz\u00f3 la grabaci\u00f3n del disco en octubre del a\u00f1o pasado en el &#8220;Studio 606&#8221; (Northridge, California) con el productor Nick Raskulinecz, quien se encarg\u00f3 luego de mezclarlo en los Henson Studios de Hollywood (Los \u00c1ngeles, California).<\/p>\n<p>Jerry Cantrell (vocalista y guitarrista) comenta sobre la vuelta y la grabaci\u00f3n del \u00e1lbum: &#8220;Ha sido un viaje lleno de sentido y una gran historia. Estamos muy emocionados de tener un hogar en VIRGIN\/EMI y estamos deseando escribir nuevos cap\u00edtulos en el libro de Alice&#8221;.<\/p>\n<p>Sean Kinney (baterista), por su parte, a\u00f1ade: &#8220;Hemos hecho un \u00e1lbum del que estamos realmente orgullosos, tenemos un equipo en marcha que vive la m\u00fasica con pasi\u00f3n y estamos impacientes por que los fans escuchen las nuevas canciones&#8221;.<\/p>\n<p>Cantrell, Kinney y Mike Inez se reunieron en 2005 en el acto en beneficio para las v\u00edctimas del tsunami en Indonesia. El siguiente a\u00f1o la banda realiz\u00f3 un tour con el guitarrista\/vocalista William DuVall.<\/p>\n<p>La agrupaci\u00f3n recientemente toc\u00f3 en el festival Rock on the Range en Columbus, Ohio, y se estar\u00e1 presentado junto a Kid Rock en Detroit el 18 de julio.<\/p>\n","protected":false},"excerpt":{"rendered":"<p>La banda confirm\u00f3 el lanzamiento para el 29 de septiembre de su disco titulado &#8220;Black Gives Way To Blue&#8221;<\/p>\n","protected":false},"author":4,"featured_media":100001825,"comment_status":"open","ping_status":"open","sticky":false,"template":"","format":"standard","meta":{"_jetpack_memberships_contains_paid_content":false,"footnotes":""},"categories":[250],"tags":[626],"class_list":["post-1829","post","type-post","status-publish","format-standard","has-post-thumbnail","hentry","category-noticias","tag-alice-in-chains"],"jetpack_featured_media_url":"https:\/\/www.oidossucios.com\/site\/wp-content\/uploads\/2009\/06\/1825.jpg","yoast_head":"<!-- This site is optimized with the Yoast SEO plugin v14.0.4 - https:\/\/yoast.com\/wordpress\/plugins\/seo\/ -->\n<title>Alice in Chains tiene t\u00edtulo para su nuevo \u00e1lbum - OidosSucios.Com<\/title>\n<meta name=\"description\" content=\"La banda inglesa le di\u00f3 libertad al cantante de elegir cualquier tema de &quot;Dig Out Your Soul&quot;\" \/>\n<meta name=\"robots\" content=\"index, follow\" \/>\n<meta name=\"googlebot\" content=\"index, follow, max-snippet:-1, max-image-preview:large, max-video-preview:-1\" \/>\n<meta name=\"bingbot\" content=\"index, follow, max-snippet:-1, max-image-preview:large, max-video-preview:-1\" \/>\n<link rel=\"canonical\" href=\"https:\/\/www.oidossucios.com\/site\/alice-in-chains-tiene-titulo-para-su-nuevo-album\/\" \/>\n<meta property=\"og:locale\" content=\"es_ES\" \/>\n<meta property=\"og:type\" content=\"article\" \/>\n<meta property=\"og:title\" content=\"Alice in Chains tiene t\u00edtulo para su nuevo \u00e1lbum - OidosSucios.Com\" \/>\n<meta property=\"og:description\" content=\"La banda inglesa le di\u00f3 libertad al cantante de elegir cualquier tema de &quot;Dig Out Your Soul&quot;\" \/>\n<meta property=\"og:url\" content=\"https:\/\/www.oidossucios.com\/site\/alice-in-chains-tiene-titulo-para-su-nuevo-album\/\" \/>\n<meta property=\"og:site_name\" content=\"OidosSucios.Com\" \/>\n<meta property=\"article:published_time\" content=\"2009-06-15T06:52:00+00:00\" \/>\n<meta property=\"og:image\" content=\"https:\/\/www.oidossucios.com\/site\/wp-content\/uploads\/2009\/06\/1825.jpg\" \/>\n\t<meta property=\"og:image:width\" content=\"290\" \/>\n\t<meta property=\"og:image:height\" content=\"100\" \/>\n<meta name=\"twitter:card\" content=\"summary_large_image\" \/>\n<meta name=\"twitter:creator\" content=\"@oidossucios\" \/>\n<script type=\"application\/ld+json\" class=\"yoast-schema-graph\">{\"@context\":\"https:\/\/schema.org\",\"@graph\":[{\"@type\":\"WebSite\",\"@id\":\"https:\/\/www.oidossucios.com\/site\/#website\",\"url\":\"https:\/\/www.oidossucios.com\/site\/\",\"name\":\"OidosSucios.Com\",\"description\":\"M\\u00fasica, conciertos, discos\",\"potentialAction\":[{\"@type\":\"SearchAction\",\"target\":\"https:\/\/www.oidossucios.com\/site\/?s={search_term_string}\",\"query-input\":\"required name=search_term_string\"}],\"inLanguage\":\"es\"},{\"@type\":\"ImageObject\",\"@id\":\"https:\/\/www.oidossucios.com\/site\/alice-in-chains-tiene-titulo-para-su-nuevo-album\/#primaryimage\",\"inLanguage\":\"es\",\"url\":\"https:\/\/www.oidossucios.com\/site\/wp-content\/uploads\/2009\/06\/1825.jpg\",\"width\":290,\"height\":100},{\"@type\":\"WebPage\",\"@id\":\"https:\/\/www.oidossucios.com\/site\/alice-in-chains-tiene-titulo-para-su-nuevo-album\/#webpage\",\"url\":\"https:\/\/www.oidossucios.com\/site\/alice-in-chains-tiene-titulo-para-su-nuevo-album\/\",\"name\":\"Alice in Chains tiene t\\u00edtulo para su nuevo \\u00e1lbum - OidosSucios.Com\",\"isPartOf\":{\"@id\":\"https:\/\/www.oidossucios.com\/site\/#website\"},\"primaryImageOfPage\":{\"@id\":\"https:\/\/www.oidossucios.com\/site\/alice-in-chains-tiene-titulo-para-su-nuevo-album\/#primaryimage\"},\"datePublished\":\"2009-06-15T06:52:00+00:00\",\"dateModified\":\"2009-06-15T06:52:00+00:00\",\"author\":{\"@id\":\"https:\/\/www.oidossucios.com\/site\/#\/schema\/person\/24559eeb76bf83a63296fb072393a688\"},\"description\":\"La banda inglesa le di\\u00f3 libertad al cantante de elegir cualquier tema de \\\"Dig Out Your Soul\\\"\",\"inLanguage\":\"es\",\"potentialAction\":[{\"@type\":\"ReadAction\",\"target\":[\"https:\/\/www.oidossucios.com\/site\/alice-in-chains-tiene-titulo-para-su-nuevo-album\/\"]}]},{\"@type\":[\"Person\"],\"@id\":\"https:\/\/www.oidossucios.com\/site\/#\/schema\/person\/24559eeb76bf83a63296fb072393a688\",\"name\":\"Oidossucios\",\"image\":{\"@type\":\"ImageObject\",\"@id\":\"https:\/\/www.oidossucios.com\/site\/#personlogo\",\"inLanguage\":\"es\",\"url\":\"https:\/\/secure.gravatar.com\/avatar\/74fcb480f42f1a33e50a0b6e6369a3f907be2e43dc84fa5f76c66e9c22b4a5ab?s=96&d=mm&r=g\",\"caption\":\"Oidossucios\"},\"sameAs\":[\"https:\/\/twitter.com\/oidossucios\"]}]}<\/script>\n<!-- \/ Yoast SEO plugin. -->","jetpack_sharing_enabled":true,"_links":{"self":[{"href":"https:\/\/www.oidossucios.com\/site\/wp-json\/wp\/v2\/posts\/1829","targetHints":{"allow":["GET"]}}],"collection":[{"href":"https:\/\/www.oidossucios.com\/site\/wp-json\/wp\/v2\/posts"}],"about":[{"href":"https:\/\/www.oidossucios.com\/site\/wp-json\/wp\/v2\/types\/post"}],"author":[{"embeddable":true,"href":"https:\/\/www.oidossucios.com\/site\/wp-json\/wp\/v2\/users\/4"}],"replies":[{"embeddable":true,"href":"https:\/\/www.oidossucios.com\/site\/wp-json\/wp\/v2\/comments?post=1829"}],"version-history":[{"count":0,"href":"https:\/\/www.oidossucios.com\/site\/wp-json\/wp\/v2\/posts\/1829\/revisions"}],"wp:featuredmedia":[{"embeddable":true,"href":"https:\/\/www.oidossucios.com\/site\/wp-json\/wp\/v2\/media\/100001825"}],"wp:attachment":[{"href":"https:\/\/www.oidossucios.com\/site\/wp-json\/wp\/v2\/media?parent=1829"}],"wp:term":[{"taxonomy":"category","embeddable":true,"href":"https:\/\/www.oidossucios.com\/site\/wp-json\/wp\/v2\/categories?post=1829"},{"taxonomy":"post_tag","embeddable":true,"href":"https:\/\/www.oidossucios.com\/site\/wp-json\/wp\/v2\/tags?post=1829"}],"curies":[{"name":"wp","href":"https:\/\/api.w.org\/{rel}","templated":true}]}}