{"id":1871,"date":"2002-06-10T19:36:00","date_gmt":"2002-06-10T19:36:00","guid":{"rendered":"https:\/\/www.oidossucios.com\/site\/2002\/06\/10\/no-habra-mas-encuentros-en-la-plaza\/"},"modified":"2002-06-10T19:36:00","modified_gmt":"2002-06-10T19:36:00","slug":"no-habra-mas-encuentros-en-la-plaza","status":"publish","type":"post","link":"https:\/\/www.oidossucios.com\/site\/no-habra-mas-encuentros-en-la-plaza\/","title":{"rendered":"No habr\u00e1 m\u00e1s Encuentros en la Plaza"},"content":{"rendered":"<p>Por <\/p>\n<p>Unos cambios en la directiva de Fundarte, ente que llevaba a cabo desde hace un a\u00f1o Los Encuentros en La Plaza, provocaron el desecho definitivo del proyecto.<\/p>\n<p>De esta forma, el ciclo gratuito que se realizaba en La Plaza de Los Museos y que present\u00f3 a Candy 66, Subsonus, La Puta El\u00e9ctrica, P\u00edxel, Despuesdevieja, Factor Mental, entre otros, no se seguir\u00e1 dando. Hace dos semanas se hab\u00eda celebrado el primer aniversario de este evento con la participaci\u00f3n de Canuto, Despuesdevieja, Murky Claw, Puck, P\u00edxel y NADA.<\/p>\n","protected":false},"excerpt":{"rendered":"<p>Los Encuentros en la Plaza, que desde hace un a\u00f1o se llevaban a cabo en La plaza de los museos, han llegado a su fin debido a un cambio en la directiva de Fundarte.<\/p>\n","protected":false},"author":4,"featured_media":0,"comment_status":"open","ping_status":"open","sticky":false,"template":"","format":"standard","meta":{"_jetpack_memberships_contains_paid_content":false,"footnotes":""},"categories":[640],"tags":[],"class_list":["post-1871","post","type-post","status-publish","format-standard","hentry","category-rumores"],"jetpack_featured_media_url":"","yoast_head":"<!-- This site is optimized with the Yoast SEO plugin v14.0.4 - https:\/\/yoast.com\/wordpress\/plugins\/seo\/ -->\n<title>No habr\u00e1 m\u00e1s Encuentros en la Plaza - OidosSucios.Com<\/title>\n<meta name=\"description\" content=\"La entrega de los premios Venezuela Pop &amp;Rock 2002, organizados por la Fundaci\u00f3n Nuevas Bandas, no se llevar\u00e1 a cabo este mes de mayo como estaba planeado.\" \/>\n<meta name=\"robots\" content=\"index, follow\" \/>\n<meta name=\"googlebot\" content=\"index, follow, max-snippet:-1, max-image-preview:large, max-video-preview:-1\" \/>\n<meta name=\"bingbot\" content=\"index, follow, max-snippet:-1, max-image-preview:large, max-video-preview:-1\" \/>\n<link rel=\"canonical\" href=\"https:\/\/www.oidossucios.com\/site\/no-habra-mas-encuentros-en-la-plaza\/\" \/>\n<meta property=\"og:locale\" content=\"es_ES\" \/>\n<meta property=\"og:type\" content=\"article\" \/>\n<meta property=\"og:title\" content=\"No habr\u00e1 m\u00e1s Encuentros en la Plaza - OidosSucios.Com\" \/>\n<meta property=\"og:description\" content=\"La entrega de los premios Venezuela Pop &amp;Rock 2002, organizados por la Fundaci\u00f3n Nuevas Bandas, no se llevar\u00e1 a cabo este mes de mayo como estaba planeado.\" \/>\n<meta property=\"og:url\" content=\"https:\/\/www.oidossucios.com\/site\/no-habra-mas-encuentros-en-la-plaza\/\" \/>\n<meta property=\"og:site_name\" content=\"OidosSucios.Com\" \/>\n<meta property=\"article:published_time\" content=\"2002-06-10T19:36:00+00:00\" \/>\n<meta name=\"twitter:card\" content=\"summary_large_image\" \/>\n<meta name=\"twitter:creator\" content=\"@oidossucios\" \/>\n<script type=\"application\/ld+json\" class=\"yoast-schema-graph\">{\"@context\":\"https:\/\/schema.org\",\"@graph\":[{\"@type\":\"WebSite\",\"@id\":\"https:\/\/www.oidossucios.com\/site\/#website\",\"url\":\"https:\/\/www.oidossucios.com\/site\/\",\"name\":\"OidosSucios.Com\",\"description\":\"M\\u00fasica, conciertos, discos\",\"potentialAction\":[{\"@type\":\"SearchAction\",\"target\":\"https:\/\/www.oidossucios.com\/site\/?s={search_term_string}\",\"query-input\":\"required name=search_term_string\"}],\"inLanguage\":\"es\"},{\"@type\":\"WebPage\",\"@id\":\"https:\/\/www.oidossucios.com\/site\/no-habra-mas-encuentros-en-la-plaza\/#webpage\",\"url\":\"https:\/\/www.oidossucios.com\/site\/no-habra-mas-encuentros-en-la-plaza\/\",\"name\":\"No habr\\u00e1 m\\u00e1s Encuentros en la Plaza - OidosSucios.Com\",\"isPartOf\":{\"@id\":\"https:\/\/www.oidossucios.com\/site\/#website\"},\"datePublished\":\"2002-06-10T19:36:00+00:00\",\"dateModified\":\"2002-06-10T19:36:00+00:00\",\"author\":{\"@id\":\"https:\/\/www.oidossucios.com\/site\/#\/schema\/person\/24559eeb76bf83a63296fb072393a688\"},\"description\":\"La entrega de los premios Venezuela Pop &Rock 2002, organizados por la Fundaci\\u00f3n Nuevas Bandas, no se llevar\\u00e1 a cabo este mes de mayo como estaba planeado.\",\"inLanguage\":\"es\",\"potentialAction\":[{\"@type\":\"ReadAction\",\"target\":[\"https:\/\/www.oidossucios.com\/site\/no-habra-mas-encuentros-en-la-plaza\/\"]}]},{\"@type\":[\"Person\"],\"@id\":\"https:\/\/www.oidossucios.com\/site\/#\/schema\/person\/24559eeb76bf83a63296fb072393a688\",\"name\":\"Oidossucios\",\"image\":{\"@type\":\"ImageObject\",\"@id\":\"https:\/\/www.oidossucios.com\/site\/#personlogo\",\"inLanguage\":\"es\",\"url\":\"https:\/\/secure.gravatar.com\/avatar\/74fcb480f42f1a33e50a0b6e6369a3f907be2e43dc84fa5f76c66e9c22b4a5ab?s=96&d=mm&r=g\",\"caption\":\"Oidossucios\"},\"sameAs\":[\"https:\/\/twitter.com\/oidossucios\"]}]}<\/script>\n<!-- \/ Yoast SEO plugin. -->","jetpack_sharing_enabled":true,"_links":{"self":[{"href":"https:\/\/www.oidossucios.com\/site\/wp-json\/wp\/v2\/posts\/1871","targetHints":{"allow":["GET"]}}],"collection":[{"href":"https:\/\/www.oidossucios.com\/site\/wp-json\/wp\/v2\/posts"}],"about":[{"href":"https:\/\/www.oidossucios.com\/site\/wp-json\/wp\/v2\/types\/post"}],"author":[{"embeddable":true,"href":"https:\/\/www.oidossucios.com\/site\/wp-json\/wp\/v2\/users\/4"}],"replies":[{"embeddable":true,"href":"https:\/\/www.oidossucios.com\/site\/wp-json\/wp\/v2\/comments?post=1871"}],"version-history":[{"count":0,"href":"https:\/\/www.oidossucios.com\/site\/wp-json\/wp\/v2\/posts\/1871\/revisions"}],"wp:attachment":[{"href":"https:\/\/www.oidossucios.com\/site\/wp-json\/wp\/v2\/media?parent=1871"}],"wp:term":[{"taxonomy":"category","embeddable":true,"href":"https:\/\/www.oidossucios.com\/site\/wp-json\/wp\/v2\/categories?post=1871"},{"taxonomy":"post_tag","embeddable":true,"href":"https:\/\/www.oidossucios.com\/site\/wp-json\/wp\/v2\/tags?post=1871"}],"curies":[{"name":"wp","href":"https:\/\/api.w.org\/{rel}","templated":true}]}}