{"id":1885,"date":"2002-09-21T04:46:00","date_gmt":"2002-09-21T04:46:00","guid":{"rendered":"https:\/\/www.oidossucios.com\/site\/2002\/09\/21\/suena-el-nombre-de-liquet\/"},"modified":"2002-09-21T04:46:00","modified_gmt":"2002-09-21T04:46:00","slug":"suena-el-nombre-de-liquet","status":"publish","type":"post","link":"https:\/\/www.oidossucios.com\/site\/suena-el-nombre-de-liquet\/","title":{"rendered":"Suena el nombre de Liq\u00fcet"},"content":{"rendered":"<p>Por <\/p>\n<p>Liq\u00fcet, ganadores del ultimo Festival Nuevas Bandas, suenan como probables teloneros de los Red Hot Chili Peppers, seg\u00fan ha podido saber esta p\u00e1gina recientemente.<\/p>\n<p>La aparici\u00f3n de la novel banda caraque\u00f1a ha tomado por sorpresa a muchos, pues se daba por seguro que los Caramelos de Cianuro estar\u00edan en ese espect\u00e1culo. Actualmente, las dos bandas son las dos \u00fanicas opciones que maneja Evenpro para acompa\u00f1ar a la banda californiana. Uno de los dos ser\u00e1 el telonero nacional en el show del 6 de octubre.<\/p>\n","protected":false},"excerpt":{"rendered":"<p>Los ganadores del ultimo Festival Nuevas Bandas, aparecen ahora de sorpresa como posibles teloneros de los Red Hot Chili Peppers.<\/p>\n","protected":false},"author":4,"featured_media":0,"comment_status":"open","ping_status":"open","sticky":false,"template":"","format":"standard","meta":{"_jetpack_memberships_contains_paid_content":false,"footnotes":""},"categories":[640],"tags":[],"class_list":["post-1885","post","type-post","status-publish","format-standard","hentry","category-rumores"],"jetpack_featured_media_url":"","yoast_head":"<!-- This site is optimized with the Yoast SEO plugin v14.0.4 - https:\/\/yoast.com\/wordpress\/plugins\/seo\/ -->\n<title>Suena el nombre de Liq\u00fcet - OidosSucios.Com<\/title>\n<meta name=\"description\" content=\"La agrupaci\u00f3n chilena visitar\u00e1 el pa\u00eds por segunda vez en el a\u00f1o durante el mes de septiembre.\" \/>\n<meta name=\"robots\" content=\"index, follow\" \/>\n<meta name=\"googlebot\" content=\"index, follow, max-snippet:-1, max-image-preview:large, max-video-preview:-1\" \/>\n<meta name=\"bingbot\" content=\"index, follow, max-snippet:-1, max-image-preview:large, max-video-preview:-1\" \/>\n<link rel=\"canonical\" href=\"https:\/\/www.oidossucios.com\/site\/suena-el-nombre-de-liquet\/\" \/>\n<meta property=\"og:locale\" content=\"es_ES\" \/>\n<meta property=\"og:type\" content=\"article\" \/>\n<meta property=\"og:title\" content=\"Suena el nombre de Liq\u00fcet - OidosSucios.Com\" \/>\n<meta property=\"og:description\" content=\"La agrupaci\u00f3n chilena visitar\u00e1 el pa\u00eds por segunda vez en el a\u00f1o durante el mes de septiembre.\" \/>\n<meta property=\"og:url\" content=\"https:\/\/www.oidossucios.com\/site\/suena-el-nombre-de-liquet\/\" \/>\n<meta property=\"og:site_name\" content=\"OidosSucios.Com\" \/>\n<meta property=\"article:published_time\" content=\"2002-09-21T04:46:00+00:00\" \/>\n<meta name=\"twitter:card\" content=\"summary_large_image\" \/>\n<meta name=\"twitter:creator\" content=\"@oidossucios\" \/>\n<script type=\"application\/ld+json\" class=\"yoast-schema-graph\">{\"@context\":\"https:\/\/schema.org\",\"@graph\":[{\"@type\":\"WebSite\",\"@id\":\"https:\/\/www.oidossucios.com\/site\/#website\",\"url\":\"https:\/\/www.oidossucios.com\/site\/\",\"name\":\"OidosSucios.Com\",\"description\":\"M\\u00fasica, conciertos, discos\",\"potentialAction\":[{\"@type\":\"SearchAction\",\"target\":\"https:\/\/www.oidossucios.com\/site\/?s={search_term_string}\",\"query-input\":\"required name=search_term_string\"}],\"inLanguage\":\"es\"},{\"@type\":\"WebPage\",\"@id\":\"https:\/\/www.oidossucios.com\/site\/suena-el-nombre-de-liquet\/#webpage\",\"url\":\"https:\/\/www.oidossucios.com\/site\/suena-el-nombre-de-liquet\/\",\"name\":\"Suena el nombre de Liq\\u00fcet - OidosSucios.Com\",\"isPartOf\":{\"@id\":\"https:\/\/www.oidossucios.com\/site\/#website\"},\"datePublished\":\"2002-09-21T04:46:00+00:00\",\"dateModified\":\"2002-09-21T04:46:00+00:00\",\"author\":{\"@id\":\"https:\/\/www.oidossucios.com\/site\/#\/schema\/person\/24559eeb76bf83a63296fb072393a688\"},\"description\":\"La agrupaci\\u00f3n chilena visitar\\u00e1 el pa\\u00eds por segunda vez en el a\\u00f1o durante el mes de septiembre.\",\"inLanguage\":\"es\",\"potentialAction\":[{\"@type\":\"ReadAction\",\"target\":[\"https:\/\/www.oidossucios.com\/site\/suena-el-nombre-de-liquet\/\"]}]},{\"@type\":[\"Person\"],\"@id\":\"https:\/\/www.oidossucios.com\/site\/#\/schema\/person\/24559eeb76bf83a63296fb072393a688\",\"name\":\"Oidossucios\",\"image\":{\"@type\":\"ImageObject\",\"@id\":\"https:\/\/www.oidossucios.com\/site\/#personlogo\",\"inLanguage\":\"es\",\"url\":\"https:\/\/secure.gravatar.com\/avatar\/74fcb480f42f1a33e50a0b6e6369a3f907be2e43dc84fa5f76c66e9c22b4a5ab?s=96&d=mm&r=g\",\"caption\":\"Oidossucios\"},\"sameAs\":[\"https:\/\/twitter.com\/oidossucios\"]}]}<\/script>\n<!-- \/ Yoast SEO plugin. -->","jetpack_sharing_enabled":true,"_links":{"self":[{"href":"https:\/\/www.oidossucios.com\/site\/wp-json\/wp\/v2\/posts\/1885","targetHints":{"allow":["GET"]}}],"collection":[{"href":"https:\/\/www.oidossucios.com\/site\/wp-json\/wp\/v2\/posts"}],"about":[{"href":"https:\/\/www.oidossucios.com\/site\/wp-json\/wp\/v2\/types\/post"}],"author":[{"embeddable":true,"href":"https:\/\/www.oidossucios.com\/site\/wp-json\/wp\/v2\/users\/4"}],"replies":[{"embeddable":true,"href":"https:\/\/www.oidossucios.com\/site\/wp-json\/wp\/v2\/comments?post=1885"}],"version-history":[{"count":0,"href":"https:\/\/www.oidossucios.com\/site\/wp-json\/wp\/v2\/posts\/1885\/revisions"}],"wp:attachment":[{"href":"https:\/\/www.oidossucios.com\/site\/wp-json\/wp\/v2\/media?parent=1885"}],"wp:term":[{"taxonomy":"category","embeddable":true,"href":"https:\/\/www.oidossucios.com\/site\/wp-json\/wp\/v2\/categories?post=1885"},{"taxonomy":"post_tag","embeddable":true,"href":"https:\/\/www.oidossucios.com\/site\/wp-json\/wp\/v2\/tags?post=1885"}],"curies":[{"name":"wp","href":"https:\/\/api.w.org\/{rel}","templated":true}]}}