{"id":1896,"date":"2003-02-05T05:26:00","date_gmt":"2003-02-05T05:26:00","guid":{"rendered":"https:\/\/www.oidossucios.com\/site\/2003\/02\/05\/los-gusanos-se-reencuentran\/"},"modified":"2003-02-05T05:26:00","modified_gmt":"2003-02-05T05:26:00","slug":"los-gusanos-se-reencuentran","status":"publish","type":"post","link":"https:\/\/www.oidossucios.com\/site\/los-gusanos-se-reencuentran\/","title":{"rendered":"Los Gusanos se reencuentran"},"content":{"rendered":"<p>Por <\/p>\n<p>Una de las bandas m\u00e1s emblem\u00e1ticas de la escena nacional de los 90s, Los Gusanos, se reunieron hace unos meses para recordar viejos tiempos en un estudio de ensayo. Lo que comenz\u00f3 como una reuni\u00f3n de amigos podr\u00eda convertirse en la grabaci\u00f3n de un disco y una minigira nacional, ya que la banda permanece entusiasmada con la idea de su regreso.<\/p>\n<p>Inicialmente, Los Gusanos ten\u00edan planeado presentarse de sorpresa en algunas de las presentaciones que Desorden P\u00fablico ten\u00eda pautado para el mes de diciembre, pero dado que el calendario de la banda fue suspendido debido al paro, los planes se postergaron.<\/p>\n","protected":false},"excerpt":{"rendered":"<p>Lo que comenz\u00f3 en una reuni\u00f3n para recordar viejos tiempos, podr\u00eda terminar en la grabaci\u00f3n de un disco y una minigira.<\/p>\n","protected":false},"author":4,"featured_media":0,"comment_status":"open","ping_status":"open","sticky":false,"template":"","format":"standard","meta":{"_jetpack_memberships_contains_paid_content":false,"footnotes":""},"categories":[640],"tags":[643],"class_list":["post-1896","post","type-post","status-publish","format-standard","hentry","category-rumores","tag-gusanos"],"jetpack_featured_media_url":"","yoast_head":"<!-- This site is optimized with the Yoast SEO plugin v14.0.4 - https:\/\/yoast.com\/wordpress\/plugins\/seo\/ -->\n<title>Los Gusanos se reencuentran - OidosSucios.Com<\/title>\n<meta name=\"description\" content=\"El popular rockero valenciano comenzar\u00e1 un espacio radial en HOT 94.\" \/>\n<meta name=\"robots\" content=\"index, follow\" \/>\n<meta name=\"googlebot\" content=\"index, follow, max-snippet:-1, max-image-preview:large, max-video-preview:-1\" \/>\n<meta name=\"bingbot\" content=\"index, follow, max-snippet:-1, max-image-preview:large, max-video-preview:-1\" \/>\n<link rel=\"canonical\" href=\"https:\/\/www.oidossucios.com\/site\/los-gusanos-se-reencuentran\/\" \/>\n<meta property=\"og:locale\" content=\"es_ES\" \/>\n<meta property=\"og:type\" content=\"article\" \/>\n<meta property=\"og:title\" content=\"Los Gusanos se reencuentran - OidosSucios.Com\" \/>\n<meta property=\"og:description\" content=\"El popular rockero valenciano comenzar\u00e1 un espacio radial en HOT 94.\" \/>\n<meta property=\"og:url\" content=\"https:\/\/www.oidossucios.com\/site\/los-gusanos-se-reencuentran\/\" \/>\n<meta property=\"og:site_name\" content=\"OidosSucios.Com\" \/>\n<meta property=\"article:published_time\" content=\"2003-02-05T05:26:00+00:00\" \/>\n<meta name=\"twitter:card\" content=\"summary_large_image\" \/>\n<meta name=\"twitter:creator\" content=\"@oidossucios\" \/>\n<script type=\"application\/ld+json\" class=\"yoast-schema-graph\">{\"@context\":\"https:\/\/schema.org\",\"@graph\":[{\"@type\":\"WebSite\",\"@id\":\"https:\/\/www.oidossucios.com\/site\/#website\",\"url\":\"https:\/\/www.oidossucios.com\/site\/\",\"name\":\"OidosSucios.Com\",\"description\":\"M\\u00fasica, conciertos, discos\",\"potentialAction\":[{\"@type\":\"SearchAction\",\"target\":\"https:\/\/www.oidossucios.com\/site\/?s={search_term_string}\",\"query-input\":\"required name=search_term_string\"}],\"inLanguage\":\"es\"},{\"@type\":\"WebPage\",\"@id\":\"https:\/\/www.oidossucios.com\/site\/los-gusanos-se-reencuentran\/#webpage\",\"url\":\"https:\/\/www.oidossucios.com\/site\/los-gusanos-se-reencuentran\/\",\"name\":\"Los Gusanos se reencuentran - OidosSucios.Com\",\"isPartOf\":{\"@id\":\"https:\/\/www.oidossucios.com\/site\/#website\"},\"datePublished\":\"2003-02-05T05:26:00+00:00\",\"dateModified\":\"2003-02-05T05:26:00+00:00\",\"author\":{\"@id\":\"https:\/\/www.oidossucios.com\/site\/#\/schema\/person\/24559eeb76bf83a63296fb072393a688\"},\"description\":\"El popular rockero valenciano comenzar\\u00e1 un espacio radial en HOT 94.\",\"inLanguage\":\"es\",\"potentialAction\":[{\"@type\":\"ReadAction\",\"target\":[\"https:\/\/www.oidossucios.com\/site\/los-gusanos-se-reencuentran\/\"]}]},{\"@type\":[\"Person\"],\"@id\":\"https:\/\/www.oidossucios.com\/site\/#\/schema\/person\/24559eeb76bf83a63296fb072393a688\",\"name\":\"Oidossucios\",\"image\":{\"@type\":\"ImageObject\",\"@id\":\"https:\/\/www.oidossucios.com\/site\/#personlogo\",\"inLanguage\":\"es\",\"url\":\"https:\/\/secure.gravatar.com\/avatar\/74fcb480f42f1a33e50a0b6e6369a3f907be2e43dc84fa5f76c66e9c22b4a5ab?s=96&d=mm&r=g\",\"caption\":\"Oidossucios\"},\"sameAs\":[\"https:\/\/twitter.com\/oidossucios\"]}]}<\/script>\n<!-- \/ Yoast SEO plugin. -->","jetpack_sharing_enabled":true,"_links":{"self":[{"href":"https:\/\/www.oidossucios.com\/site\/wp-json\/wp\/v2\/posts\/1896","targetHints":{"allow":["GET"]}}],"collection":[{"href":"https:\/\/www.oidossucios.com\/site\/wp-json\/wp\/v2\/posts"}],"about":[{"href":"https:\/\/www.oidossucios.com\/site\/wp-json\/wp\/v2\/types\/post"}],"author":[{"embeddable":true,"href":"https:\/\/www.oidossucios.com\/site\/wp-json\/wp\/v2\/users\/4"}],"replies":[{"embeddable":true,"href":"https:\/\/www.oidossucios.com\/site\/wp-json\/wp\/v2\/comments?post=1896"}],"version-history":[{"count":0,"href":"https:\/\/www.oidossucios.com\/site\/wp-json\/wp\/v2\/posts\/1896\/revisions"}],"wp:attachment":[{"href":"https:\/\/www.oidossucios.com\/site\/wp-json\/wp\/v2\/media?parent=1896"}],"wp:term":[{"taxonomy":"category","embeddable":true,"href":"https:\/\/www.oidossucios.com\/site\/wp-json\/wp\/v2\/categories?post=1896"},{"taxonomy":"post_tag","embeddable":true,"href":"https:\/\/www.oidossucios.com\/site\/wp-json\/wp\/v2\/tags?post=1896"}],"curies":[{"name":"wp","href":"https:\/\/api.w.org\/{rel}","templated":true}]}}