{"id":1899,"date":"2003-03-26T12:39:00","date_gmt":"2003-03-26T12:39:00","guid":{"rendered":"https:\/\/www.oidossucios.com\/site\/2003\/03\/26\/laberinto-se-apunta-al-homenaje-bolivariano\/"},"modified":"2003-03-26T12:39:00","modified_gmt":"2003-03-26T12:39:00","slug":"laberinto-se-apunta-al-homenaje-bolivariano","status":"publish","type":"post","link":"https:\/\/www.oidossucios.com\/site\/laberinto-se-apunta-al-homenaje-bolivariano\/","title":{"rendered":"Laberinto se apunta al homenaje bolivariano"},"content":{"rendered":"<p>Por <\/p>\n<p>La banda venezolana radicada en Holanda, Laberinto, podr\u00eda formar parte de los espect\u00e1culos preparados para el pr\u00f3ximo 13 de abril, como aniversario de la vuelta de Hugo Ch\u00e1vez al poder luego del fallido golpe de estado del 11 de abril pasado.<\/p>\n<p>Laberinto ha sido el \u00faltimo nombre en sumarse a la lista, a la ya m\u00e1s que rumorada presencia del hispanofranc\u00e9s Manu Chao. Al parecer, Paul Gillman tambi\u00e9n tomar\u00eda parte de los festejos.<\/p>\n<p>Aunque a\u00fan ni el sitio ni el evento han sido anunciados oficialmente, se barajan los nombres de la Plaza de Los Museos, Plaza Bol\u00edvar, Puente Llaguno y el 23 de enero para realizar el espect\u00e1culo.<\/p>\n","protected":false},"excerpt":{"rendered":"<p>La banda venezolana radicada en Holanda podr\u00eda formar parte de los homenajes del 13 de abril.<\/p>\n","protected":false},"author":4,"featured_media":0,"comment_status":"open","ping_status":"open","sticky":false,"template":"","format":"standard","meta":{"_jetpack_memberships_contains_paid_content":false,"footnotes":""},"categories":[640],"tags":[645],"class_list":["post-1899","post","type-post","status-publish","format-standard","hentry","category-rumores","tag-laberinto"],"jetpack_featured_media_url":"","yoast_head":"<!-- This site is optimized with the Yoast SEO plugin v14.0.4 - https:\/\/yoast.com\/wordpress\/plugins\/seo\/ -->\n<title>Laberinto se apunta al homenaje bolivariano - OidosSucios.Com<\/title>\n<meta name=\"description\" content=\"El Caracas Pop Festival 2003 podr\u00eda llevarse a cabo en el mes de septiembre, siendo esta la \u00fanica forma de agarrar los artistas rezagados de Rock in Rio.\" \/>\n<meta name=\"robots\" content=\"index, follow\" \/>\n<meta name=\"googlebot\" content=\"index, follow, max-snippet:-1, max-image-preview:large, max-video-preview:-1\" \/>\n<meta name=\"bingbot\" content=\"index, follow, max-snippet:-1, max-image-preview:large, max-video-preview:-1\" \/>\n<link rel=\"canonical\" href=\"https:\/\/www.oidossucios.com\/site\/laberinto-se-apunta-al-homenaje-bolivariano\/\" \/>\n<meta property=\"og:locale\" content=\"es_ES\" \/>\n<meta property=\"og:type\" content=\"article\" \/>\n<meta property=\"og:title\" content=\"Laberinto se apunta al homenaje bolivariano - OidosSucios.Com\" \/>\n<meta property=\"og:description\" content=\"El Caracas Pop Festival 2003 podr\u00eda llevarse a cabo en el mes de septiembre, siendo esta la \u00fanica forma de agarrar los artistas rezagados de Rock in Rio.\" \/>\n<meta property=\"og:url\" content=\"https:\/\/www.oidossucios.com\/site\/laberinto-se-apunta-al-homenaje-bolivariano\/\" \/>\n<meta property=\"og:site_name\" content=\"OidosSucios.Com\" \/>\n<meta property=\"article:published_time\" content=\"2003-03-26T12:39:00+00:00\" \/>\n<meta name=\"twitter:card\" content=\"summary_large_image\" \/>\n<meta name=\"twitter:creator\" content=\"@oidossucios\" \/>\n<script type=\"application\/ld+json\" class=\"yoast-schema-graph\">{\"@context\":\"https:\/\/schema.org\",\"@graph\":[{\"@type\":\"WebSite\",\"@id\":\"https:\/\/www.oidossucios.com\/site\/#website\",\"url\":\"https:\/\/www.oidossucios.com\/site\/\",\"name\":\"OidosSucios.Com\",\"description\":\"M\\u00fasica, conciertos, discos\",\"potentialAction\":[{\"@type\":\"SearchAction\",\"target\":\"https:\/\/www.oidossucios.com\/site\/?s={search_term_string}\",\"query-input\":\"required name=search_term_string\"}],\"inLanguage\":\"es\"},{\"@type\":\"WebPage\",\"@id\":\"https:\/\/www.oidossucios.com\/site\/laberinto-se-apunta-al-homenaje-bolivariano\/#webpage\",\"url\":\"https:\/\/www.oidossucios.com\/site\/laberinto-se-apunta-al-homenaje-bolivariano\/\",\"name\":\"Laberinto se apunta al homenaje bolivariano - OidosSucios.Com\",\"isPartOf\":{\"@id\":\"https:\/\/www.oidossucios.com\/site\/#website\"},\"datePublished\":\"2003-03-26T12:39:00+00:00\",\"dateModified\":\"2003-03-26T12:39:00+00:00\",\"author\":{\"@id\":\"https:\/\/www.oidossucios.com\/site\/#\/schema\/person\/24559eeb76bf83a63296fb072393a688\"},\"description\":\"El Caracas Pop Festival 2003 podr\\u00eda llevarse a cabo en el mes de septiembre, siendo esta la \\u00fanica forma de agarrar los artistas rezagados de Rock in Rio.\",\"inLanguage\":\"es\",\"potentialAction\":[{\"@type\":\"ReadAction\",\"target\":[\"https:\/\/www.oidossucios.com\/site\/laberinto-se-apunta-al-homenaje-bolivariano\/\"]}]},{\"@type\":[\"Person\"],\"@id\":\"https:\/\/www.oidossucios.com\/site\/#\/schema\/person\/24559eeb76bf83a63296fb072393a688\",\"name\":\"Oidossucios\",\"image\":{\"@type\":\"ImageObject\",\"@id\":\"https:\/\/www.oidossucios.com\/site\/#personlogo\",\"inLanguage\":\"es\",\"url\":\"https:\/\/secure.gravatar.com\/avatar\/74fcb480f42f1a33e50a0b6e6369a3f907be2e43dc84fa5f76c66e9c22b4a5ab?s=96&d=mm&r=g\",\"caption\":\"Oidossucios\"},\"sameAs\":[\"https:\/\/twitter.com\/oidossucios\"]}]}<\/script>\n<!-- \/ Yoast SEO plugin. -->","jetpack_sharing_enabled":true,"_links":{"self":[{"href":"https:\/\/www.oidossucios.com\/site\/wp-json\/wp\/v2\/posts\/1899","targetHints":{"allow":["GET"]}}],"collection":[{"href":"https:\/\/www.oidossucios.com\/site\/wp-json\/wp\/v2\/posts"}],"about":[{"href":"https:\/\/www.oidossucios.com\/site\/wp-json\/wp\/v2\/types\/post"}],"author":[{"embeddable":true,"href":"https:\/\/www.oidossucios.com\/site\/wp-json\/wp\/v2\/users\/4"}],"replies":[{"embeddable":true,"href":"https:\/\/www.oidossucios.com\/site\/wp-json\/wp\/v2\/comments?post=1899"}],"version-history":[{"count":0,"href":"https:\/\/www.oidossucios.com\/site\/wp-json\/wp\/v2\/posts\/1899\/revisions"}],"wp:attachment":[{"href":"https:\/\/www.oidossucios.com\/site\/wp-json\/wp\/v2\/media?parent=1899"}],"wp:term":[{"taxonomy":"category","embeddable":true,"href":"https:\/\/www.oidossucios.com\/site\/wp-json\/wp\/v2\/categories?post=1899"},{"taxonomy":"post_tag","embeddable":true,"href":"https:\/\/www.oidossucios.com\/site\/wp-json\/wp\/v2\/tags?post=1899"}],"curies":[{"name":"wp","href":"https:\/\/api.w.org\/{rel}","templated":true}]}}