{"id":1904,"date":"2003-06-13T13:00:00","date_gmt":"2003-06-13T13:00:00","guid":{"rendered":"https:\/\/www.oidossucios.com\/site\/2003\/06\/13\/alban-arthuan-regresara-el-mes-proximo\/"},"modified":"2003-06-13T13:00:00","modified_gmt":"2003-06-13T13:00:00","slug":"alban-arthuan-regresara-el-mes-proximo","status":"publish","type":"post","link":"https:\/\/www.oidossucios.com\/site\/alban-arthuan-regresara-el-mes-proximo\/","title":{"rendered":"Alban Arthuan regresar\u00e1 el mes pr\u00f3ximo"},"content":{"rendered":"<p>Por <\/p>\n<p>Una de las banda que dominaron la escena caraque\u00f1a de los 90s, Alban Arthuan, volver\u00e1 a los escenarios durante el mes pr\u00f3ximo.<\/p>\n<p>La agrupaci\u00f3n realizar\u00e1 una miniserie de conciertos con su antigua alineaci\u00f3n, para luego dar cabida a una nueva, con la que finalmente, grabaran su esperado disco debut.<\/p>\n","protected":false},"excerpt":{"rendered":"<p>La banda caraque\u00f1a realizar\u00e1 una miniserie de presentaciones con su antigua alineaci\u00f3n para luego grabar el disco con una nueva.<\/p>\n","protected":false},"author":4,"featured_media":0,"comment_status":"open","ping_status":"open","sticky":false,"template":"","format":"standard","meta":{"_jetpack_memberships_contains_paid_content":false,"footnotes":""},"categories":[640],"tags":[647],"class_list":["post-1904","post","type-post","status-publish","format-standard","hentry","category-rumores","tag-alban-arthuan"],"jetpack_featured_media_url":"","yoast_head":"<!-- This site is optimized with the Yoast SEO plugin v14.0.4 - https:\/\/yoast.com\/wordpress\/plugins\/seo\/ -->\n<title>Alban Arthuan regresar\u00e1 el mes pr\u00f3ximo - OidosSucios.Com<\/title>\n<meta name=\"description\" content=\"La banda metalera argentina podr\u00eda visitar nuevamente el pa\u00eds el pr\u00f3ximo mes de junio.\" \/>\n<meta name=\"robots\" content=\"index, follow\" \/>\n<meta name=\"googlebot\" content=\"index, follow, max-snippet:-1, max-image-preview:large, max-video-preview:-1\" \/>\n<meta name=\"bingbot\" content=\"index, follow, max-snippet:-1, max-image-preview:large, max-video-preview:-1\" \/>\n<link rel=\"canonical\" href=\"https:\/\/www.oidossucios.com\/site\/alban-arthuan-regresara-el-mes-proximo\/\" \/>\n<meta property=\"og:locale\" content=\"es_ES\" \/>\n<meta property=\"og:type\" content=\"article\" \/>\n<meta property=\"og:title\" content=\"Alban Arthuan regresar\u00e1 el mes pr\u00f3ximo - OidosSucios.Com\" \/>\n<meta property=\"og:description\" content=\"La banda metalera argentina podr\u00eda visitar nuevamente el pa\u00eds el pr\u00f3ximo mes de junio.\" \/>\n<meta property=\"og:url\" content=\"https:\/\/www.oidossucios.com\/site\/alban-arthuan-regresara-el-mes-proximo\/\" \/>\n<meta property=\"og:site_name\" content=\"OidosSucios.Com\" \/>\n<meta property=\"article:published_time\" content=\"2003-06-13T13:00:00+00:00\" \/>\n<meta name=\"twitter:card\" content=\"summary_large_image\" \/>\n<meta name=\"twitter:creator\" content=\"@oidossucios\" \/>\n<script type=\"application\/ld+json\" class=\"yoast-schema-graph\">{\"@context\":\"https:\/\/schema.org\",\"@graph\":[{\"@type\":\"WebSite\",\"@id\":\"https:\/\/www.oidossucios.com\/site\/#website\",\"url\":\"https:\/\/www.oidossucios.com\/site\/\",\"name\":\"OidosSucios.Com\",\"description\":\"M\\u00fasica, conciertos, discos\",\"potentialAction\":[{\"@type\":\"SearchAction\",\"target\":\"https:\/\/www.oidossucios.com\/site\/?s={search_term_string}\",\"query-input\":\"required name=search_term_string\"}],\"inLanguage\":\"es\"},{\"@type\":\"WebPage\",\"@id\":\"https:\/\/www.oidossucios.com\/site\/alban-arthuan-regresara-el-mes-proximo\/#webpage\",\"url\":\"https:\/\/www.oidossucios.com\/site\/alban-arthuan-regresara-el-mes-proximo\/\",\"name\":\"Alban Arthuan regresar\\u00e1 el mes pr\\u00f3ximo - OidosSucios.Com\",\"isPartOf\":{\"@id\":\"https:\/\/www.oidossucios.com\/site\/#website\"},\"datePublished\":\"2003-06-13T13:00:00+00:00\",\"dateModified\":\"2003-06-13T13:00:00+00:00\",\"author\":{\"@id\":\"https:\/\/www.oidossucios.com\/site\/#\/schema\/person\/24559eeb76bf83a63296fb072393a688\"},\"description\":\"La banda metalera argentina podr\\u00eda visitar nuevamente el pa\\u00eds el pr\\u00f3ximo mes de junio.\",\"inLanguage\":\"es\",\"potentialAction\":[{\"@type\":\"ReadAction\",\"target\":[\"https:\/\/www.oidossucios.com\/site\/alban-arthuan-regresara-el-mes-proximo\/\"]}]},{\"@type\":[\"Person\"],\"@id\":\"https:\/\/www.oidossucios.com\/site\/#\/schema\/person\/24559eeb76bf83a63296fb072393a688\",\"name\":\"Oidossucios\",\"image\":{\"@type\":\"ImageObject\",\"@id\":\"https:\/\/www.oidossucios.com\/site\/#personlogo\",\"inLanguage\":\"es\",\"url\":\"https:\/\/secure.gravatar.com\/avatar\/74fcb480f42f1a33e50a0b6e6369a3f907be2e43dc84fa5f76c66e9c22b4a5ab?s=96&d=mm&r=g\",\"caption\":\"Oidossucios\"},\"sameAs\":[\"https:\/\/twitter.com\/oidossucios\"]}]}<\/script>\n<!-- \/ Yoast SEO plugin. -->","jetpack_sharing_enabled":true,"_links":{"self":[{"href":"https:\/\/www.oidossucios.com\/site\/wp-json\/wp\/v2\/posts\/1904","targetHints":{"allow":["GET"]}}],"collection":[{"href":"https:\/\/www.oidossucios.com\/site\/wp-json\/wp\/v2\/posts"}],"about":[{"href":"https:\/\/www.oidossucios.com\/site\/wp-json\/wp\/v2\/types\/post"}],"author":[{"embeddable":true,"href":"https:\/\/www.oidossucios.com\/site\/wp-json\/wp\/v2\/users\/4"}],"replies":[{"embeddable":true,"href":"https:\/\/www.oidossucios.com\/site\/wp-json\/wp\/v2\/comments?post=1904"}],"version-history":[{"count":0,"href":"https:\/\/www.oidossucios.com\/site\/wp-json\/wp\/v2\/posts\/1904\/revisions"}],"wp:attachment":[{"href":"https:\/\/www.oidossucios.com\/site\/wp-json\/wp\/v2\/media?parent=1904"}],"wp:term":[{"taxonomy":"category","embeddable":true,"href":"https:\/\/www.oidossucios.com\/site\/wp-json\/wp\/v2\/categories?post=1904"},{"taxonomy":"post_tag","embeddable":true,"href":"https:\/\/www.oidossucios.com\/site\/wp-json\/wp\/v2\/tags?post=1904"}],"curies":[{"name":"wp","href":"https:\/\/api.w.org\/{rel}","templated":true}]}}