{"id":1927,"date":"2004-09-27T15:07:00","date_gmt":"2004-09-27T15:07:00","guid":{"rendered":"https:\/\/www.oidossucios.com\/site\/2004\/09\/27\/latin-world-cerro-su-estudio-de-grabacion\/"},"modified":"2004-09-27T15:07:00","modified_gmt":"2004-09-27T15:07:00","slug":"latin-world-cerro-su-estudio-de-grabacion","status":"publish","type":"post","link":"https:\/\/www.oidossucios.com\/site\/latin-world-cerro-su-estudio-de-grabacion\/","title":{"rendered":"Latin World cerr\u00f3 su estudio de grabaci\u00f3n"},"content":{"rendered":"<p>Por <\/p>\n<p>La disquera venezolana Latin World, uno de los art\u00edfices del auge de la m\u00fasica nacional en el 2000, contin\u00faa con su recorte y esta vez han cerrado sus modernos estudios de grabaci\u00f3n ubicados en la urbanizaci\u00f3n Country Club de Caracas.<\/p>\n<p>Tambi\u00e9n se ha podido saber, que la disquera ejecutar\u00e1 una reducci\u00f3n de personal y operaciones en nuestro pa\u00eds a final de a\u00f1o, liberando a gran parte de los artistas con los cuales mantiene relaci\u00f3n.<\/p>\n","protected":false},"excerpt":{"rendered":"<p>La disquera contin\u00faa recort\u00e1ndose, esta vez, cerraron su moderno estudio de grabaci\u00f3n.<\/p>\n","protected":false},"author":4,"featured_media":0,"comment_status":"open","ping_status":"open","sticky":false,"template":"","format":"standard","meta":{"_jetpack_memberships_contains_paid_content":false,"footnotes":""},"categories":[640],"tags":[285],"class_list":["post-1927","post","type-post","status-publish","format-standard","hentry","category-rumores","tag-latin-world"],"jetpack_featured_media_url":"","yoast_head":"<!-- This site is optimized with the Yoast SEO plugin v14.0.4 - https:\/\/yoast.com\/wordpress\/plugins\/seo\/ -->\n<title>Latin World cerr\u00f3 su estudio de grabaci\u00f3n - OidosSucios.Com<\/title>\n<meta name=\"description\" content=\"La agrupaci\u00f2n de Indietr\u00f3nica caraque\u00f1a partir\u00eca para los Estados Unidos, en busca de nuevos horizontes musicales, donde poder erradicarse y crecer.\" \/>\n<meta name=\"robots\" content=\"index, follow\" \/>\n<meta name=\"googlebot\" content=\"index, follow, max-snippet:-1, max-image-preview:large, max-video-preview:-1\" \/>\n<meta name=\"bingbot\" content=\"index, follow, max-snippet:-1, max-image-preview:large, max-video-preview:-1\" \/>\n<link rel=\"canonical\" href=\"https:\/\/www.oidossucios.com\/site\/latin-world-cerro-su-estudio-de-grabacion\/\" \/>\n<meta property=\"og:locale\" content=\"es_ES\" \/>\n<meta property=\"og:type\" content=\"article\" \/>\n<meta property=\"og:title\" content=\"Latin World cerr\u00f3 su estudio de grabaci\u00f3n - OidosSucios.Com\" \/>\n<meta property=\"og:description\" content=\"La agrupaci\u00f2n de Indietr\u00f3nica caraque\u00f1a partir\u00eca para los Estados Unidos, en busca de nuevos horizontes musicales, donde poder erradicarse y crecer.\" \/>\n<meta property=\"og:url\" content=\"https:\/\/www.oidossucios.com\/site\/latin-world-cerro-su-estudio-de-grabacion\/\" \/>\n<meta property=\"og:site_name\" content=\"OidosSucios.Com\" \/>\n<meta property=\"article:published_time\" content=\"2004-09-27T15:07:00+00:00\" \/>\n<meta name=\"twitter:card\" content=\"summary_large_image\" \/>\n<meta name=\"twitter:creator\" content=\"@oidossucios\" \/>\n<script type=\"application\/ld+json\" class=\"yoast-schema-graph\">{\"@context\":\"https:\/\/schema.org\",\"@graph\":[{\"@type\":\"WebSite\",\"@id\":\"https:\/\/www.oidossucios.com\/site\/#website\",\"url\":\"https:\/\/www.oidossucios.com\/site\/\",\"name\":\"OidosSucios.Com\",\"description\":\"M\\u00fasica, conciertos, discos\",\"potentialAction\":[{\"@type\":\"SearchAction\",\"target\":\"https:\/\/www.oidossucios.com\/site\/?s={search_term_string}\",\"query-input\":\"required name=search_term_string\"}],\"inLanguage\":\"es\"},{\"@type\":\"WebPage\",\"@id\":\"https:\/\/www.oidossucios.com\/site\/latin-world-cerro-su-estudio-de-grabacion\/#webpage\",\"url\":\"https:\/\/www.oidossucios.com\/site\/latin-world-cerro-su-estudio-de-grabacion\/\",\"name\":\"Latin World cerr\\u00f3 su estudio de grabaci\\u00f3n - OidosSucios.Com\",\"isPartOf\":{\"@id\":\"https:\/\/www.oidossucios.com\/site\/#website\"},\"datePublished\":\"2004-09-27T15:07:00+00:00\",\"dateModified\":\"2004-09-27T15:07:00+00:00\",\"author\":{\"@id\":\"https:\/\/www.oidossucios.com\/site\/#\/schema\/person\/24559eeb76bf83a63296fb072393a688\"},\"description\":\"La agrupaci\\u00f2n de Indietr\\u00f3nica caraque\\u00f1a partir\\u00eca para los Estados Unidos, en busca de nuevos horizontes musicales, donde poder erradicarse y crecer.\",\"inLanguage\":\"es\",\"potentialAction\":[{\"@type\":\"ReadAction\",\"target\":[\"https:\/\/www.oidossucios.com\/site\/latin-world-cerro-su-estudio-de-grabacion\/\"]}]},{\"@type\":[\"Person\"],\"@id\":\"https:\/\/www.oidossucios.com\/site\/#\/schema\/person\/24559eeb76bf83a63296fb072393a688\",\"name\":\"Oidossucios\",\"image\":{\"@type\":\"ImageObject\",\"@id\":\"https:\/\/www.oidossucios.com\/site\/#personlogo\",\"inLanguage\":\"es\",\"url\":\"https:\/\/secure.gravatar.com\/avatar\/74fcb480f42f1a33e50a0b6e6369a3f907be2e43dc84fa5f76c66e9c22b4a5ab?s=96&d=mm&r=g\",\"caption\":\"Oidossucios\"},\"sameAs\":[\"https:\/\/twitter.com\/oidossucios\"]}]}<\/script>\n<!-- \/ Yoast SEO plugin. -->","jetpack_sharing_enabled":true,"_links":{"self":[{"href":"https:\/\/www.oidossucios.com\/site\/wp-json\/wp\/v2\/posts\/1927","targetHints":{"allow":["GET"]}}],"collection":[{"href":"https:\/\/www.oidossucios.com\/site\/wp-json\/wp\/v2\/posts"}],"about":[{"href":"https:\/\/www.oidossucios.com\/site\/wp-json\/wp\/v2\/types\/post"}],"author":[{"embeddable":true,"href":"https:\/\/www.oidossucios.com\/site\/wp-json\/wp\/v2\/users\/4"}],"replies":[{"embeddable":true,"href":"https:\/\/www.oidossucios.com\/site\/wp-json\/wp\/v2\/comments?post=1927"}],"version-history":[{"count":0,"href":"https:\/\/www.oidossucios.com\/site\/wp-json\/wp\/v2\/posts\/1927\/revisions"}],"wp:attachment":[{"href":"https:\/\/www.oidossucios.com\/site\/wp-json\/wp\/v2\/media?parent=1927"}],"wp:term":[{"taxonomy":"category","embeddable":true,"href":"https:\/\/www.oidossucios.com\/site\/wp-json\/wp\/v2\/categories?post=1927"},{"taxonomy":"post_tag","embeddable":true,"href":"https:\/\/www.oidossucios.com\/site\/wp-json\/wp\/v2\/tags?post=1927"}],"curies":[{"name":"wp","href":"https:\/\/api.w.org\/{rel}","templated":true}]}}