{"id":1931,"date":"2006-10-21T22:51:00","date_gmt":"2006-10-21T22:51:00","guid":{"rendered":"https:\/\/www.oidossucios.com\/site\/2006\/10\/21\/posible-cambio-de-locacion-para-concierto-de-shakira-en-caracas\/"},"modified":"2006-10-21T22:51:00","modified_gmt":"2006-10-21T22:51:00","slug":"posible-cambio-de-locacion-para-concierto-de-shakira-en-caracas","status":"publish","type":"post","link":"https:\/\/www.oidossucios.com\/site\/posible-cambio-de-locacion-para-concierto-de-shakira-en-caracas\/","title":{"rendered":"Posible cambio de locaci\u00f3n para concierto de Shakira en Caracas"},"content":{"rendered":"<p>Por <\/p>\n<p>Razones ajenas a la producci\u00f3n del evento podr\u00edan llevar a cambiar de lugar la presentaci\u00f3n que dar\u00e1 Shakira en Caracas el 11 de noviembre.<\/p>\n<p>Se est\u00e1 estudiando la posibilidad de realizar el concierto en el aeropuerto de La Carlota.<\/p>\n<p>La situaci\u00f3n se habr\u00eda dado debido a las fuertes quejas que los vecinos de la zona presentaron ante las autoridades competentes en contra de la realizaci\u00f3n del espect\u00e1culo musical.<\/p>\n","protected":false},"excerpt":{"rendered":"<p>Razones ajenas a la producci\u00f2n del evento podr\u00edan llevar a cambiar de lugar la presentaci\u00f3n que dar\u00e1 Shakira en Caracas en noviembre.<\/p>\n","protected":false},"author":4,"featured_media":0,"comment_status":"open","ping_status":"open","sticky":false,"template":"","format":"standard","meta":{"_jetpack_memberships_contains_paid_content":false,"footnotes":""},"categories":[640],"tags":[421],"class_list":["post-1931","post","type-post","status-publish","format-standard","hentry","category-rumores","tag-shakira"],"jetpack_featured_media_url":"","yoast_head":"<!-- This site is optimized with the Yoast SEO plugin v14.0.4 - https:\/\/yoast.com\/wordpress\/plugins\/seo\/ -->\n<title>Posible cambio de locaci\u00f3n para concierto de Shakira en Caracas - OidosSucios.Com<\/title>\n<meta name=\"description\" content=\"La disquera contin\u00faa recort\u00e1ndose, esta vez, cerraron su moderno estudio de grabaci\u00f3n.\" \/>\n<meta name=\"robots\" content=\"index, follow\" \/>\n<meta name=\"googlebot\" content=\"index, follow, max-snippet:-1, max-image-preview:large, max-video-preview:-1\" \/>\n<meta name=\"bingbot\" content=\"index, follow, max-snippet:-1, max-image-preview:large, max-video-preview:-1\" \/>\n<link rel=\"canonical\" href=\"https:\/\/www.oidossucios.com\/site\/posible-cambio-de-locacion-para-concierto-de-shakira-en-caracas\/\" \/>\n<meta property=\"og:locale\" content=\"es_ES\" \/>\n<meta property=\"og:type\" content=\"article\" \/>\n<meta property=\"og:title\" content=\"Posible cambio de locaci\u00f3n para concierto de Shakira en Caracas - OidosSucios.Com\" \/>\n<meta property=\"og:description\" content=\"La disquera contin\u00faa recort\u00e1ndose, esta vez, cerraron su moderno estudio de grabaci\u00f3n.\" \/>\n<meta property=\"og:url\" content=\"https:\/\/www.oidossucios.com\/site\/posible-cambio-de-locacion-para-concierto-de-shakira-en-caracas\/\" \/>\n<meta property=\"og:site_name\" content=\"OidosSucios.Com\" \/>\n<meta property=\"article:published_time\" content=\"2006-10-21T22:51:00+00:00\" \/>\n<meta name=\"twitter:card\" content=\"summary_large_image\" \/>\n<meta name=\"twitter:creator\" content=\"@oidossucios\" \/>\n<script type=\"application\/ld+json\" class=\"yoast-schema-graph\">{\"@context\":\"https:\/\/schema.org\",\"@graph\":[{\"@type\":\"WebSite\",\"@id\":\"https:\/\/www.oidossucios.com\/site\/#website\",\"url\":\"https:\/\/www.oidossucios.com\/site\/\",\"name\":\"OidosSucios.Com\",\"description\":\"M\\u00fasica, conciertos, discos\",\"potentialAction\":[{\"@type\":\"SearchAction\",\"target\":\"https:\/\/www.oidossucios.com\/site\/?s={search_term_string}\",\"query-input\":\"required name=search_term_string\"}],\"inLanguage\":\"es\"},{\"@type\":\"WebPage\",\"@id\":\"https:\/\/www.oidossucios.com\/site\/posible-cambio-de-locacion-para-concierto-de-shakira-en-caracas\/#webpage\",\"url\":\"https:\/\/www.oidossucios.com\/site\/posible-cambio-de-locacion-para-concierto-de-shakira-en-caracas\/\",\"name\":\"Posible cambio de locaci\\u00f3n para concierto de Shakira en Caracas - OidosSucios.Com\",\"isPartOf\":{\"@id\":\"https:\/\/www.oidossucios.com\/site\/#website\"},\"datePublished\":\"2006-10-21T22:51:00+00:00\",\"dateModified\":\"2006-10-21T22:51:00+00:00\",\"author\":{\"@id\":\"https:\/\/www.oidossucios.com\/site\/#\/schema\/person\/24559eeb76bf83a63296fb072393a688\"},\"description\":\"La disquera contin\\u00faa recort\\u00e1ndose, esta vez, cerraron su moderno estudio de grabaci\\u00f3n.\",\"inLanguage\":\"es\",\"potentialAction\":[{\"@type\":\"ReadAction\",\"target\":[\"https:\/\/www.oidossucios.com\/site\/posible-cambio-de-locacion-para-concierto-de-shakira-en-caracas\/\"]}]},{\"@type\":[\"Person\"],\"@id\":\"https:\/\/www.oidossucios.com\/site\/#\/schema\/person\/24559eeb76bf83a63296fb072393a688\",\"name\":\"Oidossucios\",\"image\":{\"@type\":\"ImageObject\",\"@id\":\"https:\/\/www.oidossucios.com\/site\/#personlogo\",\"inLanguage\":\"es\",\"url\":\"https:\/\/secure.gravatar.com\/avatar\/74fcb480f42f1a33e50a0b6e6369a3f907be2e43dc84fa5f76c66e9c22b4a5ab?s=96&d=mm&r=g\",\"caption\":\"Oidossucios\"},\"sameAs\":[\"https:\/\/twitter.com\/oidossucios\"]}]}<\/script>\n<!-- \/ Yoast SEO plugin. -->","jetpack_sharing_enabled":true,"_links":{"self":[{"href":"https:\/\/www.oidossucios.com\/site\/wp-json\/wp\/v2\/posts\/1931","targetHints":{"allow":["GET"]}}],"collection":[{"href":"https:\/\/www.oidossucios.com\/site\/wp-json\/wp\/v2\/posts"}],"about":[{"href":"https:\/\/www.oidossucios.com\/site\/wp-json\/wp\/v2\/types\/post"}],"author":[{"embeddable":true,"href":"https:\/\/www.oidossucios.com\/site\/wp-json\/wp\/v2\/users\/4"}],"replies":[{"embeddable":true,"href":"https:\/\/www.oidossucios.com\/site\/wp-json\/wp\/v2\/comments?post=1931"}],"version-history":[{"count":0,"href":"https:\/\/www.oidossucios.com\/site\/wp-json\/wp\/v2\/posts\/1931\/revisions"}],"wp:attachment":[{"href":"https:\/\/www.oidossucios.com\/site\/wp-json\/wp\/v2\/media?parent=1931"}],"wp:term":[{"taxonomy":"category","embeddable":true,"href":"https:\/\/www.oidossucios.com\/site\/wp-json\/wp\/v2\/categories?post=1931"},{"taxonomy":"post_tag","embeddable":true,"href":"https:\/\/www.oidossucios.com\/site\/wp-json\/wp\/v2\/tags?post=1931"}],"curies":[{"name":"wp","href":"https:\/\/api.w.org\/{rel}","templated":true}]}}