{"id":1932,"date":"2006-10-26T15:53:00","date_gmt":"2006-10-26T15:53:00","guid":{"rendered":"https:\/\/www.oidossucios.com\/site\/2006\/10\/26\/abriran-nueva-funcion-de-cerati-en-caracas\/"},"modified":"2006-10-26T15:53:00","modified_gmt":"2006-10-26T15:53:00","slug":"abriran-nueva-funcion-de-cerati-en-caracas","status":"publish","type":"post","link":"https:\/\/www.oidossucios.com\/site\/abriran-nueva-funcion-de-cerati-en-caracas\/","title":{"rendered":"Abrir\u00e1n nueva funci\u00f3n de Cerati en Caracas"},"content":{"rendered":"<p>Por <\/p>\n<p>La acelerada venta de entradas para el show que dar\u00e1 Gustavo Cerati en el Anfiteatro del Sambil de Caracas el jueves 23 de noviembre ha sido tan exitosa que la productora del concierto abrir\u00e1 una segunda funci\u00f3n el viernes 24 en la mima locaci\u00f3n.<\/p>\n<p>Las entradas para esta nueva presentaci\u00f3n del artista argentino se comenzar\u00edan a vender en los pr\u00f3ximos d\u00edas.<\/p>\n","protected":false},"excerpt":{"rendered":"<p>La buena venta de entradas para el show que dar\u00e1 Cerati en Caracas ha hecho que la productora abra una segunda funci\u00f3n.<\/p>\n","protected":false},"author":4,"featured_media":0,"comment_status":"open","ping_status":"open","sticky":false,"template":"","format":"standard","meta":{"_jetpack_memberships_contains_paid_content":false,"footnotes":""},"categories":[640],"tags":[239],"class_list":["post-1932","post","type-post","status-publish","format-standard","hentry","category-rumores","tag-cerati"],"jetpack_featured_media_url":"","yoast_head":"<!-- This site is optimized with the Yoast SEO plugin v14.0.4 - https:\/\/yoast.com\/wordpress\/plugins\/seo\/ -->\n<title>Abrir\u00e1n nueva funci\u00f3n de Cerati en Caracas - OidosSucios.Com<\/title>\n<meta name=\"description\" content=\"La agrupaci\u00f3n mexicana realizar\u00e1 una presentaci\u00f3n en Maracaibo el mes de diciembre.\" \/>\n<meta name=\"robots\" content=\"index, follow\" \/>\n<meta name=\"googlebot\" content=\"index, follow, max-snippet:-1, max-image-preview:large, max-video-preview:-1\" \/>\n<meta name=\"bingbot\" content=\"index, follow, max-snippet:-1, max-image-preview:large, max-video-preview:-1\" \/>\n<link rel=\"canonical\" href=\"https:\/\/www.oidossucios.com\/site\/abriran-nueva-funcion-de-cerati-en-caracas\/\" \/>\n<meta property=\"og:locale\" content=\"es_ES\" \/>\n<meta property=\"og:type\" content=\"article\" \/>\n<meta property=\"og:title\" content=\"Abrir\u00e1n nueva funci\u00f3n de Cerati en Caracas - OidosSucios.Com\" \/>\n<meta property=\"og:description\" content=\"La agrupaci\u00f3n mexicana realizar\u00e1 una presentaci\u00f3n en Maracaibo el mes de diciembre.\" \/>\n<meta property=\"og:url\" content=\"https:\/\/www.oidossucios.com\/site\/abriran-nueva-funcion-de-cerati-en-caracas\/\" \/>\n<meta property=\"og:site_name\" content=\"OidosSucios.Com\" \/>\n<meta property=\"article:published_time\" content=\"2006-10-26T15:53:00+00:00\" \/>\n<meta name=\"twitter:card\" content=\"summary_large_image\" \/>\n<meta name=\"twitter:creator\" content=\"@oidossucios\" \/>\n<script type=\"application\/ld+json\" class=\"yoast-schema-graph\">{\"@context\":\"https:\/\/schema.org\",\"@graph\":[{\"@type\":\"WebSite\",\"@id\":\"https:\/\/www.oidossucios.com\/site\/#website\",\"url\":\"https:\/\/www.oidossucios.com\/site\/\",\"name\":\"OidosSucios.Com\",\"description\":\"M\\u00fasica, conciertos, discos\",\"potentialAction\":[{\"@type\":\"SearchAction\",\"target\":\"https:\/\/www.oidossucios.com\/site\/?s={search_term_string}\",\"query-input\":\"required name=search_term_string\"}],\"inLanguage\":\"es\"},{\"@type\":\"WebPage\",\"@id\":\"https:\/\/www.oidossucios.com\/site\/abriran-nueva-funcion-de-cerati-en-caracas\/#webpage\",\"url\":\"https:\/\/www.oidossucios.com\/site\/abriran-nueva-funcion-de-cerati-en-caracas\/\",\"name\":\"Abrir\\u00e1n nueva funci\\u00f3n de Cerati en Caracas - OidosSucios.Com\",\"isPartOf\":{\"@id\":\"https:\/\/www.oidossucios.com\/site\/#website\"},\"datePublished\":\"2006-10-26T15:53:00+00:00\",\"dateModified\":\"2006-10-26T15:53:00+00:00\",\"author\":{\"@id\":\"https:\/\/www.oidossucios.com\/site\/#\/schema\/person\/24559eeb76bf83a63296fb072393a688\"},\"description\":\"La agrupaci\\u00f3n mexicana realizar\\u00e1 una presentaci\\u00f3n en Maracaibo el mes de diciembre.\",\"inLanguage\":\"es\",\"potentialAction\":[{\"@type\":\"ReadAction\",\"target\":[\"https:\/\/www.oidossucios.com\/site\/abriran-nueva-funcion-de-cerati-en-caracas\/\"]}]},{\"@type\":[\"Person\"],\"@id\":\"https:\/\/www.oidossucios.com\/site\/#\/schema\/person\/24559eeb76bf83a63296fb072393a688\",\"name\":\"Oidossucios\",\"image\":{\"@type\":\"ImageObject\",\"@id\":\"https:\/\/www.oidossucios.com\/site\/#personlogo\",\"inLanguage\":\"es\",\"url\":\"https:\/\/secure.gravatar.com\/avatar\/74fcb480f42f1a33e50a0b6e6369a3f907be2e43dc84fa5f76c66e9c22b4a5ab?s=96&d=mm&r=g\",\"caption\":\"Oidossucios\"},\"sameAs\":[\"https:\/\/twitter.com\/oidossucios\"]}]}<\/script>\n<!-- \/ Yoast SEO plugin. -->","jetpack_sharing_enabled":true,"_links":{"self":[{"href":"https:\/\/www.oidossucios.com\/site\/wp-json\/wp\/v2\/posts\/1932","targetHints":{"allow":["GET"]}}],"collection":[{"href":"https:\/\/www.oidossucios.com\/site\/wp-json\/wp\/v2\/posts"}],"about":[{"href":"https:\/\/www.oidossucios.com\/site\/wp-json\/wp\/v2\/types\/post"}],"author":[{"embeddable":true,"href":"https:\/\/www.oidossucios.com\/site\/wp-json\/wp\/v2\/users\/4"}],"replies":[{"embeddable":true,"href":"https:\/\/www.oidossucios.com\/site\/wp-json\/wp\/v2\/comments?post=1932"}],"version-history":[{"count":0,"href":"https:\/\/www.oidossucios.com\/site\/wp-json\/wp\/v2\/posts\/1932\/revisions"}],"wp:attachment":[{"href":"https:\/\/www.oidossucios.com\/site\/wp-json\/wp\/v2\/media?parent=1932"}],"wp:term":[{"taxonomy":"category","embeddable":true,"href":"https:\/\/www.oidossucios.com\/site\/wp-json\/wp\/v2\/categories?post=1932"},{"taxonomy":"post_tag","embeddable":true,"href":"https:\/\/www.oidossucios.com\/site\/wp-json\/wp\/v2\/tags?post=1932"}],"curies":[{"name":"wp","href":"https:\/\/api.w.org\/{rel}","templated":true}]}}