{"id":1979,"date":"2007-02-11T05:44:47","date_gmt":"2007-02-11T05:44:47","guid":{"rendered":"https:\/\/www.oidossucios.com\/site\/2007\/02\/11\/deftones-en-el-poliedro\/"},"modified":"2007-02-11T05:44:47","modified_gmt":"2007-02-11T05:44:47","slug":"deftones-en-el-poliedro","status":"publish","type":"post","link":"https:\/\/www.oidossucios.com\/site\/deftones-en-el-poliedro\/","title":{"rendered":"Deftones en el Poliedro"},"content":{"rendered":"<p>Por <\/p>\n<p>_b_Fotos: Mario Gabald\u00f3n_\/b__br__br_Por fin una banda aparte de Metallica suena bien en el Poliedro. No pod\u00eda ser otra sino Deftones. Amados por muchos, criticados por otros, dieron una demostraci\u00f3n contundente de lo que es un show en\u00e9rgico y un buen sonido._br__br_Por Venezuela Subsonus anim\u00f3 al p\u00fablico con potentes interpretaciones de sus ya conocidos temas.<\/p>\n<p><!--nextpage--><img loading=\"lazy\" decoding=\"async\" width=\"500\" height=\"375\" class=\"aligncenter size-medium wp-image-111111314\" src=\"https:\/\/www.oidossucios.com\/site\/wp-content\/uploads\/2020\/02\/1314.jpg\" alt=\"Deftones en el Poliedro\"  \/><!--nextpage--><img loading=\"lazy\" decoding=\"async\" width=\"500\" height=\"375\" class=\"aligncenter size-medium wp-image-111111315\" src=\"https:\/\/www.oidossucios.com\/site\/wp-content\/uploads\/2020\/02\/1315.jpg\" alt=\"Deftones en el Poliedro\"  \/><!--nextpage--><img loading=\"lazy\" decoding=\"async\" width=\"500\" height=\"375\" class=\"aligncenter size-medium wp-image-111111316\" src=\"https:\/\/www.oidossucios.com\/site\/wp-content\/uploads\/2020\/02\/1316.jpg\" alt=\"Deftones en el Poliedro\"  \/><!--nextpage--><img loading=\"lazy\" decoding=\"async\" width=\"492\" height=\"375\" class=\"aligncenter size-medium wp-image-111111317\" src=\"https:\/\/www.oidossucios.com\/site\/wp-content\/uploads\/2020\/02\/1317.jpg\" alt=\"Deftones en el Poliedro\"  \/><!--nextpage--><img loading=\"lazy\" decoding=\"async\" width=\"500\" height=\"375\" class=\"aligncenter size-medium wp-image-111111318\" src=\"https:\/\/www.oidossucios.com\/site\/wp-content\/uploads\/2020\/02\/1318.jpg\" alt=\"Deftones en el Poliedro\"  \/><!--nextpage--><img loading=\"lazy\" decoding=\"async\" width=\"500\" height=\"375\" class=\"aligncenter size-medium wp-image-111111319\" src=\"https:\/\/www.oidossucios.com\/site\/wp-content\/uploads\/2020\/02\/1319.jpg\" alt=\"Deftones en el Poliedro\"  \/><!--nextpage--><img loading=\"lazy\" decoding=\"async\" width=\"500\" height=\"375\" class=\"aligncenter size-medium wp-image-111111320\" src=\"https:\/\/www.oidossucios.com\/site\/wp-content\/uploads\/2020\/02\/1320.jpg\" alt=\"Deftones en el Poliedro\"  \/><!--nextpage--><img loading=\"lazy\" decoding=\"async\" width=\"500\" height=\"375\" class=\"aligncenter size-medium wp-image-111111321\" src=\"https:\/\/www.oidossucios.com\/site\/wp-content\/uploads\/2020\/02\/1321.jpg\" alt=\"Deftones en el Poliedro\"  \/><!--nextpage--><img loading=\"lazy\" decoding=\"async\" width=\"500\" height=\"375\" class=\"aligncenter size-medium wp-image-111111322\" src=\"https:\/\/www.oidossucios.com\/site\/wp-content\/uploads\/2020\/02\/1322.jpg\" alt=\"Deftones en el Poliedro\"  \/><!--nextpage--><img loading=\"lazy\" decoding=\"async\" width=\"500\" height=\"375\" class=\"aligncenter size-medium wp-image-111111323\" src=\"https:\/\/www.oidossucios.com\/site\/wp-content\/uploads\/2020\/02\/1323.jpg\" alt=\"Deftones en el Poliedro\"  \/><!--nextpage--><img loading=\"lazy\" decoding=\"async\" width=\"500\" height=\"375\" class=\"aligncenter size-medium wp-image-111111324\" src=\"https:\/\/www.oidossucios.com\/site\/wp-content\/uploads\/2020\/02\/1324.jpg\" alt=\"Deftones en el Poliedro\"  \/><!--nextpage--><img loading=\"lazy\" decoding=\"async\" width=\"500\" height=\"375\" class=\"aligncenter size-medium wp-image-111111325\" src=\"https:\/\/www.oidossucios.com\/site\/wp-content\/uploads\/2020\/02\/1325.jpg\" alt=\"Deftones en el Poliedro\"  \/><!--nextpage--><img loading=\"lazy\" decoding=\"async\" width=\"500\" height=\"375\" class=\"aligncenter size-medium wp-image-111111326\" src=\"https:\/\/www.oidossucios.com\/site\/wp-content\/uploads\/2020\/02\/1326.jpg\" alt=\"Deftones en el Poliedro\"  \/><!--nextpage--><img loading=\"lazy\" decoding=\"async\" width=\"500\" height=\"375\" class=\"aligncenter size-medium wp-image-111111327\" src=\"https:\/\/www.oidossucios.com\/site\/wp-content\/uploads\/2020\/02\/1327.jpg\" alt=\"Deftones en el Poliedro\"  \/><!--nextpage--><img loading=\"lazy\" decoding=\"async\" width=\"500\" height=\"375\" class=\"aligncenter size-medium wp-image-111111328\" src=\"https:\/\/www.oidossucios.com\/site\/wp-content\/uploads\/2020\/02\/1328.jpg\" alt=\"Deftones en el Poliedro\"  \/><!--nextpage--><img loading=\"lazy\" decoding=\"async\" width=\"500\" height=\"375\" class=\"aligncenter size-medium wp-image-111111329\" src=\"https:\/\/www.oidossucios.com\/site\/wp-content\/uploads\/2020\/02\/1329.jpg\" alt=\"Deftones en el Poliedro\"  \/><!--nextpage--><img loading=\"lazy\" decoding=\"async\" width=\"500\" height=\"375\" class=\"aligncenter size-medium wp-image-111111330\" src=\"https:\/\/www.oidossucios.com\/site\/wp-content\/uploads\/2020\/02\/1330.jpg\" alt=\"Deftones en el Poliedro\"  \/><!--nextpage--><img loading=\"lazy\" decoding=\"async\" width=\"500\" height=\"375\" class=\"aligncenter size-medium wp-image-111111331\" src=\"https:\/\/www.oidossucios.com\/site\/wp-content\/uploads\/2020\/02\/1331.jpg\" alt=\"Deftones en el Poliedro\"  \/><!--nextpage--><img loading=\"lazy\" decoding=\"async\" width=\"500\" height=\"375\" class=\"aligncenter size-medium wp-image-111111332\" src=\"https:\/\/www.oidossucios.com\/site\/wp-content\/uploads\/2020\/02\/1332.jpg\" alt=\"Deftones en el Poliedro\"  \/><!--nextpage--><img loading=\"lazy\" decoding=\"async\" width=\"500\" height=\"375\" class=\"aligncenter size-medium wp-image-111111333\" src=\"https:\/\/www.oidossucios.com\/site\/wp-content\/uploads\/2020\/02\/1333.jpg\" alt=\"Deftones en el Poliedro\"  \/><!--nextpage--><img loading=\"lazy\" decoding=\"async\" width=\"500\" height=\"375\" class=\"aligncenter size-medium wp-image-111111334\" src=\"https:\/\/www.oidossucios.com\/site\/wp-content\/uploads\/2020\/02\/1334.jpg\" alt=\"Deftones en el Poliedro\"  \/><!--nextpage--><img loading=\"lazy\" decoding=\"async\" width=\"500\" height=\"375\" class=\"aligncenter size-medium wp-image-111111335\" src=\"https:\/\/www.oidossucios.com\/site\/wp-content\/uploads\/2020\/02\/1335.jpg\" alt=\"Deftones en el Poliedro\"  \/><!--nextpage--><img loading=\"lazy\" decoding=\"async\" width=\"500\" height=\"375\" class=\"aligncenter size-medium wp-image-111111336\" src=\"https:\/\/www.oidossucios.com\/site\/wp-content\/uploads\/2020\/02\/1336.jpg\" alt=\"Deftones en el Poliedro\"  \/><a href='https:\/\/www.oidossucios.com\/site\/deftones-en-el-poliedro\/2\/'\n                        onclick='if (tpsInstance) { tpsInstance.setNext(); return false; }'\n                        rel='next'\n                        style=''\n                        class=''>Ver galer\u00eda<\/a>]]><\/p>\n","protected":false},"excerpt":{"rendered":"<p>La banda liderada por Chino Moreno se present\u00f3 en el Poliedro de Caracas el jueves 8 de febrero en un gran show que ser\u00e1 recordado por todos aquellos que se dieron cita esa noche.<\/p>\n","protected":false},"author":4,"featured_media":100001975,"comment_status":"open","ping_status":"open","sticky":false,"template":"","format":"standard","meta":{"_jetpack_memberships_contains_paid_content":false,"footnotes":""},"categories":[663],"tags":[178],"class_list":["post-1979","post","type-post","status-publish","format-standard","has-post-thumbnail","hentry","category-fotos","tag-deftones"],"jetpack_featured_media_url":"https:\/\/www.oidossucios.com\/site\/wp-content\/uploads\/2006\/11\/1975.jpg","yoast_head":"<!-- This site is optimized with the Yoast SEO plugin v14.0.4 - https:\/\/yoast.com\/wordpress\/plugins\/seo\/ -->\n<title>Deftones en el Poliedro - OidosSucios.Com<\/title>\n<meta name=\"description\" content=\"El quinto aniversario de carrera art\u00edstica de los pioneros de la m\u00fasica celta en Venezuela se celebr\u00f3 por todo lo alto el martes 21 y mi\u00e9rcoles 22 en el local ENVIVO, en Caracas.\" \/>\n<meta name=\"robots\" content=\"index, follow\" \/>\n<meta name=\"googlebot\" content=\"index, follow, max-snippet:-1, max-image-preview:large, max-video-preview:-1\" \/>\n<meta name=\"bingbot\" content=\"index, follow, max-snippet:-1, max-image-preview:large, max-video-preview:-1\" \/>\n<link rel=\"canonical\" href=\"https:\/\/www.oidossucios.com\/site\/deftones-en-el-poliedro\/\" \/>\n<link rel=\"next\" href=\"https:\/\/www.oidossucios.com\/site\/deftones-en-el-poliedro\/2\/\" \/>\n<meta property=\"og:locale\" content=\"es_ES\" \/>\n<meta property=\"og:type\" content=\"article\" \/>\n<meta property=\"og:title\" content=\"Deftones en el Poliedro - OidosSucios.Com\" \/>\n<meta property=\"og:description\" content=\"El quinto aniversario de carrera art\u00edstica de los pioneros de la m\u00fasica celta en Venezuela se celebr\u00f3 por todo lo alto el martes 21 y mi\u00e9rcoles 22 en el local ENVIVO, en Caracas.\" \/>\n<meta property=\"og:url\" content=\"https:\/\/www.oidossucios.com\/site\/deftones-en-el-poliedro\/\" \/>\n<meta property=\"og:site_name\" content=\"OidosSucios.Com\" \/>\n<meta property=\"article:published_time\" content=\"2007-02-11T05:44:47+00:00\" \/>\n<meta property=\"og:image\" content=\"https:\/\/www.oidossucios.com\/site\/wp-content\/uploads\/2006\/11\/1975.jpg\" \/>\n\t<meta property=\"og:image:width\" content=\"270\" \/>\n\t<meta property=\"og:image:height\" content=\"70\" \/>\n<meta name=\"twitter:card\" content=\"summary_large_image\" \/>\n<meta name=\"twitter:creator\" content=\"@oidossucios\" \/>\n<script type=\"application\/ld+json\" class=\"yoast-schema-graph\">{\"@context\":\"https:\/\/schema.org\",\"@graph\":[{\"@type\":\"WebSite\",\"@id\":\"https:\/\/www.oidossucios.com\/site\/#website\",\"url\":\"https:\/\/www.oidossucios.com\/site\/\",\"name\":\"OidosSucios.Com\",\"description\":\"M\\u00fasica, conciertos, discos\",\"potentialAction\":[{\"@type\":\"SearchAction\",\"target\":\"https:\/\/www.oidossucios.com\/site\/?s={search_term_string}\",\"query-input\":\"required name=search_term_string\"}],\"inLanguage\":\"es\"},{\"@type\":\"ImageObject\",\"@id\":\"https:\/\/www.oidossucios.com\/site\/deftones-en-el-poliedro\/#primaryimage\",\"inLanguage\":\"es\",\"url\":\"https:\/\/www.oidossucios.com\/site\/wp-content\/uploads\/2006\/11\/1975.jpg\",\"width\":270,\"height\":70},{\"@type\":\"WebPage\",\"@id\":\"https:\/\/www.oidossucios.com\/site\/deftones-en-el-poliedro\/#webpage\",\"url\":\"https:\/\/www.oidossucios.com\/site\/deftones-en-el-poliedro\/\",\"name\":\"Deftones en el Poliedro - OidosSucios.Com\",\"isPartOf\":{\"@id\":\"https:\/\/www.oidossucios.com\/site\/#website\"},\"primaryImageOfPage\":{\"@id\":\"https:\/\/www.oidossucios.com\/site\/deftones-en-el-poliedro\/#primaryimage\"},\"datePublished\":\"2007-02-11T05:44:47+00:00\",\"dateModified\":\"2007-02-11T05:44:47+00:00\",\"author\":{\"@id\":\"https:\/\/www.oidossucios.com\/site\/#\/schema\/person\/24559eeb76bf83a63296fb072393a688\"},\"description\":\"El quinto aniversario de carrera art\\u00edstica de los pioneros de la m\\u00fasica celta en Venezuela se celebr\\u00f3 por todo lo alto el martes 21 y mi\\u00e9rcoles 22 en el local ENVIVO, en Caracas.\",\"inLanguage\":\"es\",\"potentialAction\":[{\"@type\":\"ReadAction\",\"target\":[\"https:\/\/www.oidossucios.com\/site\/deftones-en-el-poliedro\/\"]}]},{\"@type\":[\"Person\"],\"@id\":\"https:\/\/www.oidossucios.com\/site\/#\/schema\/person\/24559eeb76bf83a63296fb072393a688\",\"name\":\"Oidossucios\",\"image\":{\"@type\":\"ImageObject\",\"@id\":\"https:\/\/www.oidossucios.com\/site\/#personlogo\",\"inLanguage\":\"es\",\"url\":\"https:\/\/secure.gravatar.com\/avatar\/74fcb480f42f1a33e50a0b6e6369a3f907be2e43dc84fa5f76c66e9c22b4a5ab?s=96&d=mm&r=g\",\"caption\":\"Oidossucios\"},\"sameAs\":[\"https:\/\/twitter.com\/oidossucios\"]}]}<\/script>\n<!-- \/ Yoast SEO plugin. -->","jetpack_sharing_enabled":true,"_links":{"self":[{"href":"https:\/\/www.oidossucios.com\/site\/wp-json\/wp\/v2\/posts\/1979","targetHints":{"allow":["GET"]}}],"collection":[{"href":"https:\/\/www.oidossucios.com\/site\/wp-json\/wp\/v2\/posts"}],"about":[{"href":"https:\/\/www.oidossucios.com\/site\/wp-json\/wp\/v2\/types\/post"}],"author":[{"embeddable":true,"href":"https:\/\/www.oidossucios.com\/site\/wp-json\/wp\/v2\/users\/4"}],"replies":[{"embeddable":true,"href":"https:\/\/www.oidossucios.com\/site\/wp-json\/wp\/v2\/comments?post=1979"}],"version-history":[{"count":0,"href":"https:\/\/www.oidossucios.com\/site\/wp-json\/wp\/v2\/posts\/1979\/revisions"}],"wp:featuredmedia":[{"embeddable":true,"href":"https:\/\/www.oidossucios.com\/site\/wp-json\/wp\/v2\/media\/100001975"}],"wp:attachment":[{"href":"https:\/\/www.oidossucios.com\/site\/wp-json\/wp\/v2\/media?parent=1979"}],"wp:term":[{"taxonomy":"category","embeddable":true,"href":"https:\/\/www.oidossucios.com\/site\/wp-json\/wp\/v2\/categories?post=1979"},{"taxonomy":"post_tag","embeddable":true,"href":"https:\/\/www.oidossucios.com\/site\/wp-json\/wp\/v2\/tags?post=1979"}],"curies":[{"name":"wp","href":"https:\/\/api.w.org\/{rel}","templated":true}]}}