{"id":2145,"date":"2009-09-14T22:29:00","date_gmt":"2009-09-14T22:29:00","guid":{"rendered":"https:\/\/www.oidossucios.com\/site\/2009\/09\/14\/julian-casablancas-confirma-fecha-de-nuevo-album\/"},"modified":"2009-09-14T22:29:00","modified_gmt":"2009-09-14T22:29:00","slug":"julian-casablancas-confirma-fecha-de-nuevo-album","status":"publish","type":"post","link":"https:\/\/www.oidossucios.com\/site\/julian-casablancas-confirma-fecha-de-nuevo-album\/","title":{"rendered":"Julian Casablancas confirma fecha de nuevo \u00e1lbum"},"content":{"rendered":"<p>Julian Casablancas, vocalista de The Strokes, anunci\u00f3 que su \u00e1lbum debut como solista saldr\u00e1 al mercado el pr\u00f3ximo 19 de octubre en el Reino Unido y el 20 de octubre en los Estados Unidos.<\/p>\n<p>El m\u00fasico tambi\u00e9n revel\u00f3 que &#8220;Phrazes For The Young&#8221; podr\u00e1 ser pedido por sus fans directamente desde la p\u00e1gina web oficial www.juliancasablancas.com en los pr\u00f3ximos d\u00edas.<\/p>\n<p>Como hab\u00eda informado anteriormente, Casablancas tiene planes de realizar varias presentaciones en vivo en el Reino Unido y los Estados Unidos, aunque las fechas no han sido confirmadas.<\/p>\n<p><\/p>\n","protected":false},"excerpt":{"rendered":"<p>El m\u00fasico anunci\u00f3 que &#8220;Phrazes For The Young&#8221; saldr\u00e1 a la venta el pr\u00f3ximo 20 de octubre<\/p>\n","protected":false},"author":4,"featured_media":100002145,"comment_status":"open","ping_status":"open","sticky":false,"template":"","format":"standard","meta":{"_jetpack_memberships_contains_paid_content":false,"footnotes":""},"categories":[250],"tags":[],"class_list":["post-2145","post","type-post","status-publish","format-standard","has-post-thumbnail","hentry","category-noticias"],"jetpack_featured_media_url":"https:\/\/www.oidossucios.com\/site\/wp-content\/uploads\/2009\/09\/2145.jpg","yoast_head":"<!-- This site is optimized with the Yoast SEO plugin v14.0.4 - https:\/\/yoast.com\/wordpress\/plugins\/seo\/ -->\n<title>Julian Casablancas confirma fecha de nuevo \u00e1lbum - OidosSucios.Com<\/title>\n<meta name=\"description\" content=\"El m\u00fasico anunci\u00f3 que &quot;Phrazes For The Young&quot; saldr\u00e1 a la venta el pr\u00f3ximo 20 de octubre\" \/>\n<meta name=\"robots\" content=\"index, follow\" \/>\n<meta name=\"googlebot\" content=\"index, follow, max-snippet:-1, max-image-preview:large, max-video-preview:-1\" \/>\n<meta name=\"bingbot\" content=\"index, follow, max-snippet:-1, max-image-preview:large, max-video-preview:-1\" \/>\n<link rel=\"canonical\" href=\"https:\/\/www.oidossucios.com\/site\/julian-casablancas-confirma-fecha-de-nuevo-album\/\" \/>\n<meta property=\"og:locale\" content=\"es_ES\" \/>\n<meta property=\"og:type\" content=\"article\" \/>\n<meta property=\"og:title\" content=\"Julian Casablancas confirma fecha de nuevo \u00e1lbum - OidosSucios.Com\" \/>\n<meta property=\"og:description\" content=\"El m\u00fasico anunci\u00f3 que &quot;Phrazes For The Young&quot; saldr\u00e1 a la venta el pr\u00f3ximo 20 de octubre\" \/>\n<meta property=\"og:url\" content=\"https:\/\/www.oidossucios.com\/site\/julian-casablancas-confirma-fecha-de-nuevo-album\/\" \/>\n<meta property=\"og:site_name\" content=\"OidosSucios.Com\" \/>\n<meta property=\"article:published_time\" content=\"2009-09-14T22:29:00+00:00\" \/>\n<meta property=\"og:image\" content=\"https:\/\/www.oidossucios.com\/site\/wp-content\/uploads\/2009\/09\/2145.jpg\" \/>\n\t<meta property=\"og:image:width\" content=\"395\" \/>\n\t<meta property=\"og:image:height\" content=\"300\" \/>\n<meta name=\"twitter:card\" content=\"summary_large_image\" \/>\n<meta name=\"twitter:creator\" content=\"@oidossucios\" \/>\n<script type=\"application\/ld+json\" class=\"yoast-schema-graph\">{\"@context\":\"https:\/\/schema.org\",\"@graph\":[{\"@type\":\"WebSite\",\"@id\":\"https:\/\/www.oidossucios.com\/site\/#website\",\"url\":\"https:\/\/www.oidossucios.com\/site\/\",\"name\":\"OidosSucios.Com\",\"description\":\"M\\u00fasica, conciertos, discos\",\"potentialAction\":[{\"@type\":\"SearchAction\",\"target\":\"https:\/\/www.oidossucios.com\/site\/?s={search_term_string}\",\"query-input\":\"required name=search_term_string\"}],\"inLanguage\":\"es\"},{\"@type\":\"ImageObject\",\"@id\":\"https:\/\/www.oidossucios.com\/site\/julian-casablancas-confirma-fecha-de-nuevo-album\/#primaryimage\",\"inLanguage\":\"es\",\"url\":\"https:\/\/www.oidossucios.com\/site\/wp-content\/uploads\/2009\/09\/2145.jpg\",\"width\":395,\"height\":300},{\"@type\":\"WebPage\",\"@id\":\"https:\/\/www.oidossucios.com\/site\/julian-casablancas-confirma-fecha-de-nuevo-album\/#webpage\",\"url\":\"https:\/\/www.oidossucios.com\/site\/julian-casablancas-confirma-fecha-de-nuevo-album\/\",\"name\":\"Julian Casablancas confirma fecha de nuevo \\u00e1lbum - OidosSucios.Com\",\"isPartOf\":{\"@id\":\"https:\/\/www.oidossucios.com\/site\/#website\"},\"primaryImageOfPage\":{\"@id\":\"https:\/\/www.oidossucios.com\/site\/julian-casablancas-confirma-fecha-de-nuevo-album\/#primaryimage\"},\"datePublished\":\"2009-09-14T22:29:00+00:00\",\"dateModified\":\"2009-09-14T22:29:00+00:00\",\"author\":{\"@id\":\"https:\/\/www.oidossucios.com\/site\/#\/schema\/person\/24559eeb76bf83a63296fb072393a688\"},\"description\":\"El m\\u00fasico anunci\\u00f3 que \\\"Phrazes For The Young\\\" saldr\\u00e1 a la venta el pr\\u00f3ximo 20 de octubre\",\"inLanguage\":\"es\",\"potentialAction\":[{\"@type\":\"ReadAction\",\"target\":[\"https:\/\/www.oidossucios.com\/site\/julian-casablancas-confirma-fecha-de-nuevo-album\/\"]}]},{\"@type\":[\"Person\"],\"@id\":\"https:\/\/www.oidossucios.com\/site\/#\/schema\/person\/24559eeb76bf83a63296fb072393a688\",\"name\":\"Oidossucios\",\"image\":{\"@type\":\"ImageObject\",\"@id\":\"https:\/\/www.oidossucios.com\/site\/#personlogo\",\"inLanguage\":\"es\",\"url\":\"https:\/\/secure.gravatar.com\/avatar\/74fcb480f42f1a33e50a0b6e6369a3f907be2e43dc84fa5f76c66e9c22b4a5ab?s=96&d=mm&r=g\",\"caption\":\"Oidossucios\"},\"sameAs\":[\"https:\/\/twitter.com\/oidossucios\"]}]}<\/script>\n<!-- \/ Yoast SEO plugin. -->","jetpack_sharing_enabled":true,"_links":{"self":[{"href":"https:\/\/www.oidossucios.com\/site\/wp-json\/wp\/v2\/posts\/2145","targetHints":{"allow":["GET"]}}],"collection":[{"href":"https:\/\/www.oidossucios.com\/site\/wp-json\/wp\/v2\/posts"}],"about":[{"href":"https:\/\/www.oidossucios.com\/site\/wp-json\/wp\/v2\/types\/post"}],"author":[{"embeddable":true,"href":"https:\/\/www.oidossucios.com\/site\/wp-json\/wp\/v2\/users\/4"}],"replies":[{"embeddable":true,"href":"https:\/\/www.oidossucios.com\/site\/wp-json\/wp\/v2\/comments?post=2145"}],"version-history":[{"count":0,"href":"https:\/\/www.oidossucios.com\/site\/wp-json\/wp\/v2\/posts\/2145\/revisions"}],"wp:featuredmedia":[{"embeddable":true,"href":"https:\/\/www.oidossucios.com\/site\/wp-json\/wp\/v2\/media\/100002145"}],"wp:attachment":[{"href":"https:\/\/www.oidossucios.com\/site\/wp-json\/wp\/v2\/media?parent=2145"}],"wp:term":[{"taxonomy":"category","embeddable":true,"href":"https:\/\/www.oidossucios.com\/site\/wp-json\/wp\/v2\/categories?post=2145"},{"taxonomy":"post_tag","embeddable":true,"href":"https:\/\/www.oidossucios.com\/site\/wp-json\/wp\/v2\/tags?post=2145"}],"curies":[{"name":"wp","href":"https:\/\/api.w.org\/{rel}","templated":true}]}}