{"id":2196,"date":"2009-10-05T21:12:08","date_gmt":"2009-10-05T21:12:08","guid":{"rendered":"https:\/\/www.oidossucios.com\/site\/2009\/10\/05\/bat-for-lashes-acompanara-a-coldplay-en-latinoamerica\/"},"modified":"2009-10-05T21:12:08","modified_gmt":"2009-10-05T21:12:08","slug":"bat-for-lashes-acompanara-a-coldplay-en-latinoamerica","status":"publish","type":"post","link":"https:\/\/www.oidossucios.com\/site\/bat-for-lashes-acompanara-a-coldplay-en-latinoamerica\/","title":{"rendered":"Bat For Lashes acompa\u00f1ar\u00e1 a Coldplay en Latinoam\u00e9rica"},"content":{"rendered":"<p><meta http-equiv=\"Content-Type\" content=\"text\/html; charset=utf-8\"><meta name=\"ProgId\" content=\"Word.Document\"><meta name=\"Generator\" content=\"Microsoft Word 12\"><meta name=\"Originator\" content=\"Microsoft Word 12\"><link rel=\"File-List\" href=\"file:\/\/\/C:%5CDOCUME%7E1%5CALEXAN%7E1%5CCONFIG%7E1%5CTemp%5Cmsohtmlclip1%5C01%5Cclip_filelist.xml\"><link rel=\"themeData\" href=\"file:\/\/\/C:%5CDOCUME%7E1%5CALEXAN%7E1%5CCONFIG%7E1%5CTemp%5Cmsohtmlclip1%5C01%5Cclip_themedata.thmx\"><![endif]--><!--[if gte mso 10]> \n\n<style>  \/* Style Definitions *\/  table.MsoNormalTable \t{mso-style-name:\"Tabla normal\"; \tmso-tstyle-rowband-size:0; \tmso-tstyle-colband-size:0; \tmso-style-noshow:yes; \tmso-style-priority:99; \tmso-style-qformat:yes; \tmso-style-parent:\"\"; \tmso-padding-alt:0cm 5.4pt 0cm 5.4pt; \tmso-para-margin-top:0cm; \tmso-para-margin-right:0cm; \tmso-para-margin-bottom:10.0pt; \tmso-para-margin-left:0cm; \tline-height:115%; \tmso-pagination:widow-orphan; \tfont-size:11.0pt; \tfont-family:\"Calibri\",\"sans-serif\"; \tmso-ascii-font-family:Calibri; \tmso-ascii-theme-font:minor-latin; \tmso-fareast-font-family:\"Times New Roman\"; \tmso-fareast-theme-font:minor-fareast; \tmso-hansi-font-family:Calibri; \tmso-hansi-theme-font:minor-latin;} <\/style>\n\n <![endif]-->Coldplay anunci\u00f3 que la banda liderada por Natasha Khan, Bat For Lashes, ser\u00e1 la encargada de acompa\u00f1ar a la agrupaci\u00f3n inglesa durante toda su gira latinoamericana.<\/p>\n<p class=\"MsoNormal\">El tour &#8220;Viva La Vida&#8221; llegar\u00e1 a Buenos Aires el 26 de febrero y seguir\u00e1 por Brasil y Colombia, para finalizar con tres fechas en M\u00e9xico el 11 de marzo.<\/p>\n","protected":false},"excerpt":{"rendered":"<p>La banda inglesa anunci\u00f3 a banda soporte para su gira &#8220;Viva La Vida&#8221;<\/p>\n","protected":false},"author":4,"featured_media":0,"comment_status":"open","ping_status":"open","sticky":false,"template":"","format":"standard","meta":{"_jetpack_memberships_contains_paid_content":false,"footnotes":""},"categories":[142],"tags":[],"class_list":["post-2196","post","type-post","status-publish","format-standard","hentry","category-buzznews"],"jetpack_featured_media_url":"","yoast_head":"<!-- This site is optimized with the Yoast SEO plugin v14.0.4 - https:\/\/yoast.com\/wordpress\/plugins\/seo\/ -->\n<title>Bat For Lashes acompa\u00f1ar\u00e1 a Coldplay en Latinoam\u00e9rica - OidosSucios.Com<\/title>\n<meta name=\"description\" content=\"La banda inglesa anunci\u00f3 a banda soporte para su gira &quot;Viva La Vida&quot;\" \/>\n<meta name=\"robots\" content=\"index, follow\" \/>\n<meta name=\"googlebot\" content=\"index, follow, max-snippet:-1, max-image-preview:large, max-video-preview:-1\" \/>\n<meta name=\"bingbot\" content=\"index, follow, max-snippet:-1, max-image-preview:large, max-video-preview:-1\" \/>\n<link rel=\"canonical\" href=\"https:\/\/www.oidossucios.com\/site\/bat-for-lashes-acompanara-a-coldplay-en-latinoamerica\/\" \/>\n<meta property=\"og:locale\" content=\"es_ES\" \/>\n<meta property=\"og:type\" content=\"article\" \/>\n<meta property=\"og:title\" content=\"Bat For Lashes acompa\u00f1ar\u00e1 a Coldplay en Latinoam\u00e9rica - OidosSucios.Com\" \/>\n<meta property=\"og:description\" content=\"La banda inglesa anunci\u00f3 a banda soporte para su gira &quot;Viva La Vida&quot;\" \/>\n<meta property=\"og:url\" content=\"https:\/\/www.oidossucios.com\/site\/bat-for-lashes-acompanara-a-coldplay-en-latinoamerica\/\" \/>\n<meta property=\"og:site_name\" content=\"OidosSucios.Com\" \/>\n<meta property=\"article:published_time\" content=\"2009-10-05T21:12:08+00:00\" \/>\n<meta name=\"twitter:card\" content=\"summary_large_image\" \/>\n<meta name=\"twitter:creator\" content=\"@oidossucios\" \/>\n<script type=\"application\/ld+json\" class=\"yoast-schema-graph\">{\"@context\":\"https:\/\/schema.org\",\"@graph\":[{\"@type\":\"WebSite\",\"@id\":\"https:\/\/www.oidossucios.com\/site\/#website\",\"url\":\"https:\/\/www.oidossucios.com\/site\/\",\"name\":\"OidosSucios.Com\",\"description\":\"M\\u00fasica, conciertos, discos\",\"potentialAction\":[{\"@type\":\"SearchAction\",\"target\":\"https:\/\/www.oidossucios.com\/site\/?s={search_term_string}\",\"query-input\":\"required name=search_term_string\"}],\"inLanguage\":\"es\"},{\"@type\":\"WebPage\",\"@id\":\"https:\/\/www.oidossucios.com\/site\/bat-for-lashes-acompanara-a-coldplay-en-latinoamerica\/#webpage\",\"url\":\"https:\/\/www.oidossucios.com\/site\/bat-for-lashes-acompanara-a-coldplay-en-latinoamerica\/\",\"name\":\"Bat For Lashes acompa\\u00f1ar\\u00e1 a Coldplay en Latinoam\\u00e9rica - OidosSucios.Com\",\"isPartOf\":{\"@id\":\"https:\/\/www.oidossucios.com\/site\/#website\"},\"datePublished\":\"2009-10-05T21:12:08+00:00\",\"dateModified\":\"2009-10-05T21:12:08+00:00\",\"author\":{\"@id\":\"https:\/\/www.oidossucios.com\/site\/#\/schema\/person\/24559eeb76bf83a63296fb072393a688\"},\"description\":\"La banda inglesa anunci\\u00f3 a banda soporte para su gira \\\"Viva La Vida\\\"\",\"inLanguage\":\"es\",\"potentialAction\":[{\"@type\":\"ReadAction\",\"target\":[\"https:\/\/www.oidossucios.com\/site\/bat-for-lashes-acompanara-a-coldplay-en-latinoamerica\/\"]}]},{\"@type\":[\"Person\"],\"@id\":\"https:\/\/www.oidossucios.com\/site\/#\/schema\/person\/24559eeb76bf83a63296fb072393a688\",\"name\":\"Oidossucios\",\"image\":{\"@type\":\"ImageObject\",\"@id\":\"https:\/\/www.oidossucios.com\/site\/#personlogo\",\"inLanguage\":\"es\",\"url\":\"https:\/\/secure.gravatar.com\/avatar\/74fcb480f42f1a33e50a0b6e6369a3f907be2e43dc84fa5f76c66e9c22b4a5ab?s=96&d=mm&r=g\",\"caption\":\"Oidossucios\"},\"sameAs\":[\"https:\/\/twitter.com\/oidossucios\"]}]}<\/script>\n<!-- \/ Yoast SEO plugin. -->","jetpack_sharing_enabled":true,"_links":{"self":[{"href":"https:\/\/www.oidossucios.com\/site\/wp-json\/wp\/v2\/posts\/2196","targetHints":{"allow":["GET"]}}],"collection":[{"href":"https:\/\/www.oidossucios.com\/site\/wp-json\/wp\/v2\/posts"}],"about":[{"href":"https:\/\/www.oidossucios.com\/site\/wp-json\/wp\/v2\/types\/post"}],"author":[{"embeddable":true,"href":"https:\/\/www.oidossucios.com\/site\/wp-json\/wp\/v2\/users\/4"}],"replies":[{"embeddable":true,"href":"https:\/\/www.oidossucios.com\/site\/wp-json\/wp\/v2\/comments?post=2196"}],"version-history":[{"count":0,"href":"https:\/\/www.oidossucios.com\/site\/wp-json\/wp\/v2\/posts\/2196\/revisions"}],"wp:attachment":[{"href":"https:\/\/www.oidossucios.com\/site\/wp-json\/wp\/v2\/media?parent=2196"}],"wp:term":[{"taxonomy":"category","embeddable":true,"href":"https:\/\/www.oidossucios.com\/site\/wp-json\/wp\/v2\/categories?post=2196"},{"taxonomy":"post_tag","embeddable":true,"href":"https:\/\/www.oidossucios.com\/site\/wp-json\/wp\/v2\/tags?post=2196"}],"curies":[{"name":"wp","href":"https:\/\/api.w.org\/{rel}","templated":true}]}}