{"id":2211,"date":"2009-10-09T15:02:14","date_gmt":"2009-10-09T15:02:14","guid":{"rendered":"https:\/\/www.oidossucios.com\/site\/2009\/10\/09\/thom-yorke-dara-mas-shows-con-nueva-banda-el-proximo-ano\/"},"modified":"2009-10-09T15:02:14","modified_gmt":"2009-10-09T15:02:14","slug":"thom-yorke-dara-mas-shows-con-nueva-banda-el-proximo-ano","status":"publish","type":"post","link":"https:\/\/www.oidossucios.com\/site\/thom-yorke-dara-mas-shows-con-nueva-banda-el-proximo-ano\/","title":{"rendered":"Thom Yorke dar\u00e1 m\u00e1s shows con nueva banda el pr\u00f3ximo a\u00f1o"},"content":{"rendered":"<p>El l\u00edder de Radiohead, Thom York, toc\u00f3 su tercer show con su nueva banda en Los \u00c1ngeles el pasado lunes, asegur\u00e1ndole al p\u00fablico que estar\u00eda de regreso para m\u00e1s presentaciones el pr\u00f3ximo a\u00f1o.<\/p>\n<p>Durante el concierto, Yorke toc\u00f3 temas pertenecientes a su \u00e1lbum solista de 2007 &#8220;The Eraser&#8221;, junto a el bajista de Red Hot Chili Peppers, el colaborador de REM Joey Waronker, el productor Nigel Godrich, y el multi-instrumentalista Mauro Refosco.<\/p>\n<p>        <\/p>\n","protected":false},"excerpt":{"rendered":"<p>El vocalista de Radiohead confirm\u00f3 que regresar\u00e1 a los escenarios con los nuevos m\u00fasicos<\/p>\n","protected":false},"author":4,"featured_media":0,"comment_status":"open","ping_status":"open","sticky":false,"template":"","format":"standard","meta":{"_jetpack_memberships_contains_paid_content":false,"footnotes":""},"categories":[142],"tags":[],"class_list":["post-2211","post","type-post","status-publish","format-standard","hentry","category-buzznews"],"jetpack_featured_media_url":"","yoast_head":"<!-- This site is optimized with the Yoast SEO plugin v14.0.4 - https:\/\/yoast.com\/wordpress\/plugins\/seo\/ -->\n<title>Thom Yorke dar\u00e1 m\u00e1s shows con nueva banda el pr\u00f3ximo a\u00f1o - OidosSucios.Com<\/title>\n<meta name=\"description\" content=\"El vocalista de Radiohead confirm\u00f3 que regresar\u00e1 a los escenarios con los nuevos m\u00fasicos\" \/>\n<meta name=\"robots\" content=\"index, follow\" \/>\n<meta name=\"googlebot\" content=\"index, follow, max-snippet:-1, max-image-preview:large, max-video-preview:-1\" \/>\n<meta name=\"bingbot\" content=\"index, follow, max-snippet:-1, max-image-preview:large, max-video-preview:-1\" \/>\n<link rel=\"canonical\" href=\"https:\/\/www.oidossucios.com\/site\/thom-yorke-dara-mas-shows-con-nueva-banda-el-proximo-ano\/\" \/>\n<meta property=\"og:locale\" content=\"es_ES\" \/>\n<meta property=\"og:type\" content=\"article\" \/>\n<meta property=\"og:title\" content=\"Thom Yorke dar\u00e1 m\u00e1s shows con nueva banda el pr\u00f3ximo a\u00f1o - OidosSucios.Com\" \/>\n<meta property=\"og:description\" content=\"El vocalista de Radiohead confirm\u00f3 que regresar\u00e1 a los escenarios con los nuevos m\u00fasicos\" \/>\n<meta property=\"og:url\" content=\"https:\/\/www.oidossucios.com\/site\/thom-yorke-dara-mas-shows-con-nueva-banda-el-proximo-ano\/\" \/>\n<meta property=\"og:site_name\" content=\"OidosSucios.Com\" \/>\n<meta property=\"article:published_time\" content=\"2009-10-09T15:02:14+00:00\" \/>\n<meta name=\"twitter:card\" content=\"summary_large_image\" \/>\n<meta name=\"twitter:creator\" content=\"@oidossucios\" \/>\n<script type=\"application\/ld+json\" class=\"yoast-schema-graph\">{\"@context\":\"https:\/\/schema.org\",\"@graph\":[{\"@type\":\"WebSite\",\"@id\":\"https:\/\/www.oidossucios.com\/site\/#website\",\"url\":\"https:\/\/www.oidossucios.com\/site\/\",\"name\":\"OidosSucios.Com\",\"description\":\"M\\u00fasica, conciertos, discos\",\"potentialAction\":[{\"@type\":\"SearchAction\",\"target\":\"https:\/\/www.oidossucios.com\/site\/?s={search_term_string}\",\"query-input\":\"required name=search_term_string\"}],\"inLanguage\":\"es\"},{\"@type\":\"WebPage\",\"@id\":\"https:\/\/www.oidossucios.com\/site\/thom-yorke-dara-mas-shows-con-nueva-banda-el-proximo-ano\/#webpage\",\"url\":\"https:\/\/www.oidossucios.com\/site\/thom-yorke-dara-mas-shows-con-nueva-banda-el-proximo-ano\/\",\"name\":\"Thom Yorke dar\\u00e1 m\\u00e1s shows con nueva banda el pr\\u00f3ximo a\\u00f1o - OidosSucios.Com\",\"isPartOf\":{\"@id\":\"https:\/\/www.oidossucios.com\/site\/#website\"},\"datePublished\":\"2009-10-09T15:02:14+00:00\",\"dateModified\":\"2009-10-09T15:02:14+00:00\",\"author\":{\"@id\":\"https:\/\/www.oidossucios.com\/site\/#\/schema\/person\/24559eeb76bf83a63296fb072393a688\"},\"description\":\"El vocalista de Radiohead confirm\\u00f3 que regresar\\u00e1 a los escenarios con los nuevos m\\u00fasicos\",\"inLanguage\":\"es\",\"potentialAction\":[{\"@type\":\"ReadAction\",\"target\":[\"https:\/\/www.oidossucios.com\/site\/thom-yorke-dara-mas-shows-con-nueva-banda-el-proximo-ano\/\"]}]},{\"@type\":[\"Person\"],\"@id\":\"https:\/\/www.oidossucios.com\/site\/#\/schema\/person\/24559eeb76bf83a63296fb072393a688\",\"name\":\"Oidossucios\",\"image\":{\"@type\":\"ImageObject\",\"@id\":\"https:\/\/www.oidossucios.com\/site\/#personlogo\",\"inLanguage\":\"es\",\"url\":\"https:\/\/secure.gravatar.com\/avatar\/74fcb480f42f1a33e50a0b6e6369a3f907be2e43dc84fa5f76c66e9c22b4a5ab?s=96&d=mm&r=g\",\"caption\":\"Oidossucios\"},\"sameAs\":[\"https:\/\/twitter.com\/oidossucios\"]}]}<\/script>\n<!-- \/ Yoast SEO plugin. -->","jetpack_sharing_enabled":true,"_links":{"self":[{"href":"https:\/\/www.oidossucios.com\/site\/wp-json\/wp\/v2\/posts\/2211","targetHints":{"allow":["GET"]}}],"collection":[{"href":"https:\/\/www.oidossucios.com\/site\/wp-json\/wp\/v2\/posts"}],"about":[{"href":"https:\/\/www.oidossucios.com\/site\/wp-json\/wp\/v2\/types\/post"}],"author":[{"embeddable":true,"href":"https:\/\/www.oidossucios.com\/site\/wp-json\/wp\/v2\/users\/4"}],"replies":[{"embeddable":true,"href":"https:\/\/www.oidossucios.com\/site\/wp-json\/wp\/v2\/comments?post=2211"}],"version-history":[{"count":0,"href":"https:\/\/www.oidossucios.com\/site\/wp-json\/wp\/v2\/posts\/2211\/revisions"}],"wp:attachment":[{"href":"https:\/\/www.oidossucios.com\/site\/wp-json\/wp\/v2\/media?parent=2211"}],"wp:term":[{"taxonomy":"category","embeddable":true,"href":"https:\/\/www.oidossucios.com\/site\/wp-json\/wp\/v2\/categories?post=2211"},{"taxonomy":"post_tag","embeddable":true,"href":"https:\/\/www.oidossucios.com\/site\/wp-json\/wp\/v2\/tags?post=2211"}],"curies":[{"name":"wp","href":"https:\/\/api.w.org\/{rel}","templated":true}]}}