{"id":2227,"date":"2009-10-15T20:05:00","date_gmt":"2009-10-15T20:05:00","guid":{"rendered":"https:\/\/www.oidossucios.com\/site\/2009\/10\/15\/a-ha-se-separa-luego-de-25-anos-de-carrera\/"},"modified":"2009-10-15T20:05:00","modified_gmt":"2009-10-15T20:05:00","slug":"a-ha-se-separa-luego-de-25-anos-de-carrera","status":"publish","type":"post","link":"https:\/\/www.oidossucios.com\/site\/a-ha-se-separa-luego-de-25-anos-de-carrera\/","title":{"rendered":"A-HA se separa luego de 25 a\u00f1os de carrera"},"content":{"rendered":"\n<p class=\"MsoNormal\">A-HA anunci\u00f3 que se separar\u00e1 de forma definitiva, despu\u00e9s de completar una gira mundial de despedida.<\/p>\n<p class=\"MsoNormal\">La banda noruega que logr\u00f3 su mayor \u00e9xito en 1985 con su \u00e1lbum debut &#8220;Hunting High and Low&#8221;, producci\u00f3n que incluy\u00f3 la canci\u00f3n n\u00famero uno en el mundo &#8220;Take on me&#8221;, comunic\u00f3 a trav\u00e9s de A-ha.com que, luego de 25 a\u00f1os juntos, se separar\u00eda para que cada integrante pudiese concentrarse en otros proyectos personales.<\/p>\n<p class=\"MsoNormal\">&#8220;Literalmente, hemos vivido el m\u00e1ximo cuento infantil de aventuras, a trav\u00e9s de una carrera larga y gratificante que super\u00f3 las expectativas&#8221;, escribi\u00f3 la banda en su comunicado. <span lang=\"EN-US\">&#8220;Nos estamos retirando como una banda, no como individuos. <\/span>El cambio siempre es dif\u00edcil, pero ahora es momento de seguir adelante&#8221;. <\/p>\n<p class=\"MsoNormal\">El tr\u00edo, compuesto por el vocalista Morten Harket, el tecladista Magne Furuholmen y el guitarrista Paal Waaktaar-Savoy, se separ\u00f3 durante siete a\u00f1os a principios de la d\u00e9cada de 1990, pero se reuni\u00f3 en 1998 tras una presentaci\u00f3n en el concierto para el premio Nobel de la Paz de ese a\u00f1o.<\/p>\n<p style=\"text-align: justify;\">El \u00faltimo disco que lanz\u00f3 la agrupaci\u00f3n en 2009, &#8220;Foot of the Mountain&#8221;, alcanz\u00f3 los primeros lugares de la lista de \u00e9xitos de Alemania, obtuvo la segunda posici\u00f3n en Noruega y se coloc\u00f3 en el quinto puesto del ranking brit\u00e1nico.<\/p>\n<p style=\"text-align: justify;\">A-HA tocar\u00e1 su \u00faltimo show el 4 de diciembre en Oslo, Noruega.<\/p>\n","protected":false},"excerpt":{"rendered":"<p>La banda noruega anunci\u00f3 que se despedir\u00e1 luego de realizar una gira mundial,<\/p>\n","protected":false},"author":4,"featured_media":100002227,"comment_status":"open","ping_status":"open","sticky":false,"template":"","format":"standard","meta":{"_jetpack_memberships_contains_paid_content":false,"footnotes":""},"categories":[250],"tags":[693],"class_list":["post-2227","post","type-post","status-publish","format-standard","has-post-thumbnail","hentry","category-noticias","tag-a-ha"],"jetpack_featured_media_url":"https:\/\/www.oidossucios.com\/site\/wp-content\/uploads\/2009\/10\/2227.jpg","yoast_head":"<!-- This site is optimized with the Yoast SEO plugin v14.0.4 - https:\/\/yoast.com\/wordpress\/plugins\/seo\/ -->\n<title>A-HA se separa luego de 25 a\u00f1os de carrera - OidosSucios.Com<\/title>\n<meta name=\"description\" content=\"La banda noruega anunci\u00f3 que se despedir\u00e1 luego de realizar una gira mundial,\" \/>\n<meta name=\"robots\" content=\"index, follow\" \/>\n<meta name=\"googlebot\" content=\"index, follow, max-snippet:-1, max-image-preview:large, max-video-preview:-1\" \/>\n<meta name=\"bingbot\" content=\"index, follow, max-snippet:-1, max-image-preview:large, max-video-preview:-1\" \/>\n<link rel=\"canonical\" href=\"https:\/\/www.oidossucios.com\/site\/a-ha-se-separa-luego-de-25-anos-de-carrera\/\" \/>\n<meta property=\"og:locale\" content=\"es_ES\" \/>\n<meta property=\"og:type\" content=\"article\" \/>\n<meta property=\"og:title\" content=\"A-HA se separa luego de 25 a\u00f1os de carrera - OidosSucios.Com\" \/>\n<meta property=\"og:description\" content=\"La banda noruega anunci\u00f3 que se despedir\u00e1 luego de realizar una gira mundial,\" \/>\n<meta property=\"og:url\" content=\"https:\/\/www.oidossucios.com\/site\/a-ha-se-separa-luego-de-25-anos-de-carrera\/\" \/>\n<meta property=\"og:site_name\" content=\"OidosSucios.Com\" \/>\n<meta property=\"article:published_time\" content=\"2009-10-15T20:05:00+00:00\" \/>\n<meta property=\"og:image\" content=\"https:\/\/www.oidossucios.com\/site\/wp-content\/uploads\/2009\/10\/2227.jpg\" \/>\n\t<meta property=\"og:image:width\" content=\"350\" \/>\n\t<meta property=\"og:image:height\" content=\"250\" \/>\n<meta name=\"twitter:card\" content=\"summary_large_image\" \/>\n<meta name=\"twitter:creator\" content=\"@oidossucios\" \/>\n<script type=\"application\/ld+json\" class=\"yoast-schema-graph\">{\"@context\":\"https:\/\/schema.org\",\"@graph\":[{\"@type\":\"WebSite\",\"@id\":\"https:\/\/www.oidossucios.com\/site\/#website\",\"url\":\"https:\/\/www.oidossucios.com\/site\/\",\"name\":\"OidosSucios.Com\",\"description\":\"M\\u00fasica, conciertos, discos\",\"potentialAction\":[{\"@type\":\"SearchAction\",\"target\":\"https:\/\/www.oidossucios.com\/site\/?s={search_term_string}\",\"query-input\":\"required name=search_term_string\"}],\"inLanguage\":\"es\"},{\"@type\":\"ImageObject\",\"@id\":\"https:\/\/www.oidossucios.com\/site\/a-ha-se-separa-luego-de-25-anos-de-carrera\/#primaryimage\",\"inLanguage\":\"es\",\"url\":\"https:\/\/www.oidossucios.com\/site\/wp-content\/uploads\/2009\/10\/2227.jpg\",\"width\":350,\"height\":250},{\"@type\":\"WebPage\",\"@id\":\"https:\/\/www.oidossucios.com\/site\/a-ha-se-separa-luego-de-25-anos-de-carrera\/#webpage\",\"url\":\"https:\/\/www.oidossucios.com\/site\/a-ha-se-separa-luego-de-25-anos-de-carrera\/\",\"name\":\"A-HA se separa luego de 25 a\\u00f1os de carrera - OidosSucios.Com\",\"isPartOf\":{\"@id\":\"https:\/\/www.oidossucios.com\/site\/#website\"},\"primaryImageOfPage\":{\"@id\":\"https:\/\/www.oidossucios.com\/site\/a-ha-se-separa-luego-de-25-anos-de-carrera\/#primaryimage\"},\"datePublished\":\"2009-10-15T20:05:00+00:00\",\"dateModified\":\"2009-10-15T20:05:00+00:00\",\"author\":{\"@id\":\"https:\/\/www.oidossucios.com\/site\/#\/schema\/person\/24559eeb76bf83a63296fb072393a688\"},\"description\":\"La banda noruega anunci\\u00f3 que se despedir\\u00e1 luego de realizar una gira mundial,\",\"inLanguage\":\"es\",\"potentialAction\":[{\"@type\":\"ReadAction\",\"target\":[\"https:\/\/www.oidossucios.com\/site\/a-ha-se-separa-luego-de-25-anos-de-carrera\/\"]}]},{\"@type\":[\"Person\"],\"@id\":\"https:\/\/www.oidossucios.com\/site\/#\/schema\/person\/24559eeb76bf83a63296fb072393a688\",\"name\":\"Oidossucios\",\"image\":{\"@type\":\"ImageObject\",\"@id\":\"https:\/\/www.oidossucios.com\/site\/#personlogo\",\"inLanguage\":\"es\",\"url\":\"https:\/\/secure.gravatar.com\/avatar\/74fcb480f42f1a33e50a0b6e6369a3f907be2e43dc84fa5f76c66e9c22b4a5ab?s=96&d=mm&r=g\",\"caption\":\"Oidossucios\"},\"sameAs\":[\"https:\/\/twitter.com\/oidossucios\"]}]}<\/script>\n<!-- \/ Yoast SEO plugin. -->","jetpack_sharing_enabled":true,"_links":{"self":[{"href":"https:\/\/www.oidossucios.com\/site\/wp-json\/wp\/v2\/posts\/2227","targetHints":{"allow":["GET"]}}],"collection":[{"href":"https:\/\/www.oidossucios.com\/site\/wp-json\/wp\/v2\/posts"}],"about":[{"href":"https:\/\/www.oidossucios.com\/site\/wp-json\/wp\/v2\/types\/post"}],"author":[{"embeddable":true,"href":"https:\/\/www.oidossucios.com\/site\/wp-json\/wp\/v2\/users\/4"}],"replies":[{"embeddable":true,"href":"https:\/\/www.oidossucios.com\/site\/wp-json\/wp\/v2\/comments?post=2227"}],"version-history":[{"count":0,"href":"https:\/\/www.oidossucios.com\/site\/wp-json\/wp\/v2\/posts\/2227\/revisions"}],"wp:featuredmedia":[{"embeddable":true,"href":"https:\/\/www.oidossucios.com\/site\/wp-json\/wp\/v2\/media\/100002227"}],"wp:attachment":[{"href":"https:\/\/www.oidossucios.com\/site\/wp-json\/wp\/v2\/media?parent=2227"}],"wp:term":[{"taxonomy":"category","embeddable":true,"href":"https:\/\/www.oidossucios.com\/site\/wp-json\/wp\/v2\/categories?post=2227"},{"taxonomy":"post_tag","embeddable":true,"href":"https:\/\/www.oidossucios.com\/site\/wp-json\/wp\/v2\/tags?post=2227"}],"curies":[{"name":"wp","href":"https:\/\/api.w.org\/{rel}","templated":true}]}}