{"id":2228,"date":"2009-10-16T03:17:00","date_gmt":"2009-10-16T03:17:00","guid":{"rendered":"https:\/\/www.oidossucios.com\/site\/2009\/10\/16\/ska-p-regresa-a-venezuela\/"},"modified":"2009-10-16T03:17:00","modified_gmt":"2009-10-16T03:17:00","slug":"ska-p-regresa-a-venezuela","status":"publish","type":"post","link":"https:\/\/www.oidossucios.com\/site\/ska-p-regresa-a-venezuela\/","title":{"rendered":"SKA-P regresa a Venezuela"},"content":{"rendered":"<p>SKA-P, una de las bandas m\u00e1s reconocidas de ska y anarko-punk de Espa\u00f1a, regresa a nuestro pa\u00eds luego de un a\u00f1o de su primera visita en noviembre de 2008, donde se presentaron en el marco del concierto &#8220;Caravana de la Alegr\u00eda&#8221; junto a artistas como Gillman, The Wailer y Molotov.<\/p>\n<p>En esta ocasi\u00f3n, la agrupaci\u00f3n se presentar\u00e1 gratuitamente el pr\u00f3ximo 15 de noviembre en Paseo Los Pr\u00f3ceres a partir de las 7:00 p.m. M\u00e1s informaci\u00f3n y detalles acerca de esta presentaci\u00f3n ser\u00e1 brindada pr\u00f3ximamente.<\/p>\n<p>El \u00faltimo disco editado por esta banda, &#8220;Lagrima Y Gozos&#8221; de 2008, signific\u00f3 el regreso despu\u00e9s de seis a\u00f1os de ausencia en estudio y shows en vivo.<\/p>\n<p><\/p>\n","protected":false},"excerpt":{"rendered":"<p>La banda espa\u00f1ola anunci\u00f3 su presentaci\u00f3n en Caracas para el pr\u00f3ximo 15 de noviembre<\/p>\n","protected":false},"author":4,"featured_media":100002228,"comment_status":"open","ping_status":"open","sticky":false,"template":"","format":"standard","meta":{"_jetpack_memberships_contains_paid_content":false,"footnotes":""},"categories":[250],"tags":[],"class_list":["post-2228","post","type-post","status-publish","format-standard","has-post-thumbnail","hentry","category-noticias"],"jetpack_featured_media_url":"https:\/\/www.oidossucios.com\/site\/wp-content\/uploads\/2009\/10\/2228.jpg","yoast_head":"<!-- This site is optimized with the Yoast SEO plugin v14.0.4 - https:\/\/yoast.com\/wordpress\/plugins\/seo\/ -->\n<title>SKA-P regresa a Venezuela - OidosSucios.Com<\/title>\n<meta name=\"description\" content=\"La banda espa\u00f1ola anunci\u00f3 su presentaci\u00f3n en Caracas para el pr\u00f3ximo 15 de noviembre\" \/>\n<meta name=\"robots\" content=\"index, follow\" \/>\n<meta name=\"googlebot\" content=\"index, follow, max-snippet:-1, max-image-preview:large, max-video-preview:-1\" \/>\n<meta name=\"bingbot\" content=\"index, follow, max-snippet:-1, max-image-preview:large, max-video-preview:-1\" \/>\n<link rel=\"canonical\" href=\"https:\/\/www.oidossucios.com\/site\/ska-p-regresa-a-venezuela\/\" \/>\n<meta property=\"og:locale\" content=\"es_ES\" \/>\n<meta property=\"og:type\" content=\"article\" \/>\n<meta property=\"og:title\" content=\"SKA-P regresa a Venezuela - OidosSucios.Com\" \/>\n<meta property=\"og:description\" content=\"La banda espa\u00f1ola anunci\u00f3 su presentaci\u00f3n en Caracas para el pr\u00f3ximo 15 de noviembre\" \/>\n<meta property=\"og:url\" content=\"https:\/\/www.oidossucios.com\/site\/ska-p-regresa-a-venezuela\/\" \/>\n<meta property=\"og:site_name\" content=\"OidosSucios.Com\" \/>\n<meta property=\"article:published_time\" content=\"2009-10-16T03:17:00+00:00\" \/>\n<meta property=\"og:image\" content=\"https:\/\/www.oidossucios.com\/site\/wp-content\/uploads\/2009\/10\/2228.jpg\" \/>\n\t<meta property=\"og:image:width\" content=\"350\" \/>\n\t<meta property=\"og:image:height\" content=\"250\" \/>\n<meta name=\"twitter:card\" content=\"summary_large_image\" \/>\n<meta name=\"twitter:creator\" content=\"@oidossucios\" \/>\n<script type=\"application\/ld+json\" class=\"yoast-schema-graph\">{\"@context\":\"https:\/\/schema.org\",\"@graph\":[{\"@type\":\"WebSite\",\"@id\":\"https:\/\/www.oidossucios.com\/site\/#website\",\"url\":\"https:\/\/www.oidossucios.com\/site\/\",\"name\":\"OidosSucios.Com\",\"description\":\"M\\u00fasica, conciertos, discos\",\"potentialAction\":[{\"@type\":\"SearchAction\",\"target\":\"https:\/\/www.oidossucios.com\/site\/?s={search_term_string}\",\"query-input\":\"required name=search_term_string\"}],\"inLanguage\":\"es\"},{\"@type\":\"ImageObject\",\"@id\":\"https:\/\/www.oidossucios.com\/site\/ska-p-regresa-a-venezuela\/#primaryimage\",\"inLanguage\":\"es\",\"url\":\"https:\/\/www.oidossucios.com\/site\/wp-content\/uploads\/2009\/10\/2228.jpg\",\"width\":350,\"height\":250},{\"@type\":\"WebPage\",\"@id\":\"https:\/\/www.oidossucios.com\/site\/ska-p-regresa-a-venezuela\/#webpage\",\"url\":\"https:\/\/www.oidossucios.com\/site\/ska-p-regresa-a-venezuela\/\",\"name\":\"SKA-P regresa a Venezuela - OidosSucios.Com\",\"isPartOf\":{\"@id\":\"https:\/\/www.oidossucios.com\/site\/#website\"},\"primaryImageOfPage\":{\"@id\":\"https:\/\/www.oidossucios.com\/site\/ska-p-regresa-a-venezuela\/#primaryimage\"},\"datePublished\":\"2009-10-16T03:17:00+00:00\",\"dateModified\":\"2009-10-16T03:17:00+00:00\",\"author\":{\"@id\":\"https:\/\/www.oidossucios.com\/site\/#\/schema\/person\/24559eeb76bf83a63296fb072393a688\"},\"description\":\"La banda espa\\u00f1ola anunci\\u00f3 su presentaci\\u00f3n en Caracas para el pr\\u00f3ximo 15 de noviembre\",\"inLanguage\":\"es\",\"potentialAction\":[{\"@type\":\"ReadAction\",\"target\":[\"https:\/\/www.oidossucios.com\/site\/ska-p-regresa-a-venezuela\/\"]}]},{\"@type\":[\"Person\"],\"@id\":\"https:\/\/www.oidossucios.com\/site\/#\/schema\/person\/24559eeb76bf83a63296fb072393a688\",\"name\":\"Oidossucios\",\"image\":{\"@type\":\"ImageObject\",\"@id\":\"https:\/\/www.oidossucios.com\/site\/#personlogo\",\"inLanguage\":\"es\",\"url\":\"https:\/\/secure.gravatar.com\/avatar\/74fcb480f42f1a33e50a0b6e6369a3f907be2e43dc84fa5f76c66e9c22b4a5ab?s=96&d=mm&r=g\",\"caption\":\"Oidossucios\"},\"sameAs\":[\"https:\/\/twitter.com\/oidossucios\"]}]}<\/script>\n<!-- \/ Yoast SEO plugin. -->","jetpack_sharing_enabled":true,"_links":{"self":[{"href":"https:\/\/www.oidossucios.com\/site\/wp-json\/wp\/v2\/posts\/2228","targetHints":{"allow":["GET"]}}],"collection":[{"href":"https:\/\/www.oidossucios.com\/site\/wp-json\/wp\/v2\/posts"}],"about":[{"href":"https:\/\/www.oidossucios.com\/site\/wp-json\/wp\/v2\/types\/post"}],"author":[{"embeddable":true,"href":"https:\/\/www.oidossucios.com\/site\/wp-json\/wp\/v2\/users\/4"}],"replies":[{"embeddable":true,"href":"https:\/\/www.oidossucios.com\/site\/wp-json\/wp\/v2\/comments?post=2228"}],"version-history":[{"count":0,"href":"https:\/\/www.oidossucios.com\/site\/wp-json\/wp\/v2\/posts\/2228\/revisions"}],"wp:featuredmedia":[{"embeddable":true,"href":"https:\/\/www.oidossucios.com\/site\/wp-json\/wp\/v2\/media\/100002228"}],"wp:attachment":[{"href":"https:\/\/www.oidossucios.com\/site\/wp-json\/wp\/v2\/media?parent=2228"}],"wp:term":[{"taxonomy":"category","embeddable":true,"href":"https:\/\/www.oidossucios.com\/site\/wp-json\/wp\/v2\/categories?post=2228"},{"taxonomy":"post_tag","embeddable":true,"href":"https:\/\/www.oidossucios.com\/site\/wp-json\/wp\/v2\/tags?post=2228"}],"curies":[{"name":"wp","href":"https:\/\/api.w.org\/{rel}","templated":true}]}}