{"id":2240,"date":"2009-10-21T16:47:00","date_gmt":"2009-10-21T16:47:00","guid":{"rendered":"https:\/\/www.oidossucios.com\/site\/2009\/10\/21\/slash-graba-tema-con-andrew-stockdale\/"},"modified":"2009-10-21T16:47:00","modified_gmt":"2009-10-21T16:47:00","slug":"slash-graba-tema-con-andrew-stockdale","status":"publish","type":"post","link":"https:\/\/www.oidossucios.com\/site\/slash-graba-tema-con-andrew-stockdale\/","title":{"rendered":"Slash graba tema con Andrew Stockdale"},"content":{"rendered":"<p>Slash grab\u00f3 una canci\u00f3n para su pr\u00f3ximo \u00e1lbum con el cantante de la banda Wolfmother, Andrew Stockdale.<\/p>\n<p>Seg\u00fan se report\u00f3, el disco del ex Guns N\u0092 Roses, que llevar\u00e1 de nombre &#8220;Slash &amp; Friends&#8221;, tiene previsto salir al mercado mundial al comienzo del pr\u00f3ximo a\u00f1o.<br \/>&#8220;Slash es una figura ic\u00f3nica en la historia del rock \u0091n\u0092 roll, as\u00ed que pens\u00e9 que ser\u00eda un honor&#8221;, declar\u00f3 Stockdale al referirse a su participaci\u00f3n en el \u00e1lbum solista del guitarrista.<\/p>\n<p>El cantante de Wolfmother se uni\u00f3 a una lista de m\u00fasicos invitados que har\u00e1n aparici\u00f3n en el disco, incluyendo a Dave&nbsp; Grohl, Iggy Pop, Nick Oliveri, Ronnie Wood, Flea, Jason Bonham, Fergie, Duff McKagan y Adam Levine.<\/p>\n<p><\/p>\n","protected":false},"excerpt":{"rendered":"<p>El legendario guitarrista anunci\u00f3 la grabaci\u00f3n de una canci\u00f3n con el vocalista de Wolfmother<\/p>\n","protected":false},"author":4,"featured_media":100002240,"comment_status":"open","ping_status":"open","sticky":false,"template":"","format":"standard","meta":{"_jetpack_memberships_contains_paid_content":false,"footnotes":""},"categories":[250],"tags":[],"class_list":["post-2240","post","type-post","status-publish","format-standard","has-post-thumbnail","hentry","category-noticias"],"jetpack_featured_media_url":"https:\/\/www.oidossucios.com\/site\/wp-content\/uploads\/2009\/10\/2240.jpg","yoast_head":"<!-- This site is optimized with the Yoast SEO plugin v14.0.4 - https:\/\/yoast.com\/wordpress\/plugins\/seo\/ -->\n<title>Slash graba tema con Andrew Stockdale - OidosSucios.Com<\/title>\n<meta name=\"description\" content=\"El legendario guitarrista anunci\u00f3 la grabaci\u00f3n de una canci\u00f3n con el vocalista de Wolfmother\" \/>\n<meta name=\"robots\" content=\"index, follow\" \/>\n<meta name=\"googlebot\" content=\"index, follow, max-snippet:-1, max-image-preview:large, max-video-preview:-1\" \/>\n<meta name=\"bingbot\" content=\"index, follow, max-snippet:-1, max-image-preview:large, max-video-preview:-1\" \/>\n<link rel=\"canonical\" href=\"https:\/\/www.oidossucios.com\/site\/slash-graba-tema-con-andrew-stockdale\/\" \/>\n<meta property=\"og:locale\" content=\"es_ES\" \/>\n<meta property=\"og:type\" content=\"article\" \/>\n<meta property=\"og:title\" content=\"Slash graba tema con Andrew Stockdale - OidosSucios.Com\" \/>\n<meta property=\"og:description\" content=\"El legendario guitarrista anunci\u00f3 la grabaci\u00f3n de una canci\u00f3n con el vocalista de Wolfmother\" \/>\n<meta property=\"og:url\" content=\"https:\/\/www.oidossucios.com\/site\/slash-graba-tema-con-andrew-stockdale\/\" \/>\n<meta property=\"og:site_name\" content=\"OidosSucios.Com\" \/>\n<meta property=\"article:published_time\" content=\"2009-10-21T16:47:00+00:00\" \/>\n<meta property=\"og:image\" content=\"https:\/\/www.oidossucios.com\/site\/wp-content\/uploads\/2009\/10\/2240.jpg\" \/>\n\t<meta property=\"og:image:width\" content=\"350\" \/>\n\t<meta property=\"og:image:height\" content=\"250\" \/>\n<meta name=\"twitter:card\" content=\"summary_large_image\" \/>\n<meta name=\"twitter:creator\" content=\"@oidossucios\" \/>\n<script type=\"application\/ld+json\" class=\"yoast-schema-graph\">{\"@context\":\"https:\/\/schema.org\",\"@graph\":[{\"@type\":\"WebSite\",\"@id\":\"https:\/\/www.oidossucios.com\/site\/#website\",\"url\":\"https:\/\/www.oidossucios.com\/site\/\",\"name\":\"OidosSucios.Com\",\"description\":\"M\\u00fasica, conciertos, discos\",\"potentialAction\":[{\"@type\":\"SearchAction\",\"target\":\"https:\/\/www.oidossucios.com\/site\/?s={search_term_string}\",\"query-input\":\"required name=search_term_string\"}],\"inLanguage\":\"es\"},{\"@type\":\"ImageObject\",\"@id\":\"https:\/\/www.oidossucios.com\/site\/slash-graba-tema-con-andrew-stockdale\/#primaryimage\",\"inLanguage\":\"es\",\"url\":\"https:\/\/www.oidossucios.com\/site\/wp-content\/uploads\/2009\/10\/2240.jpg\",\"width\":350,\"height\":250},{\"@type\":\"WebPage\",\"@id\":\"https:\/\/www.oidossucios.com\/site\/slash-graba-tema-con-andrew-stockdale\/#webpage\",\"url\":\"https:\/\/www.oidossucios.com\/site\/slash-graba-tema-con-andrew-stockdale\/\",\"name\":\"Slash graba tema con Andrew Stockdale - OidosSucios.Com\",\"isPartOf\":{\"@id\":\"https:\/\/www.oidossucios.com\/site\/#website\"},\"primaryImageOfPage\":{\"@id\":\"https:\/\/www.oidossucios.com\/site\/slash-graba-tema-con-andrew-stockdale\/#primaryimage\"},\"datePublished\":\"2009-10-21T16:47:00+00:00\",\"dateModified\":\"2009-10-21T16:47:00+00:00\",\"author\":{\"@id\":\"https:\/\/www.oidossucios.com\/site\/#\/schema\/person\/24559eeb76bf83a63296fb072393a688\"},\"description\":\"El legendario guitarrista anunci\\u00f3 la grabaci\\u00f3n de una canci\\u00f3n con el vocalista de Wolfmother\",\"inLanguage\":\"es\",\"potentialAction\":[{\"@type\":\"ReadAction\",\"target\":[\"https:\/\/www.oidossucios.com\/site\/slash-graba-tema-con-andrew-stockdale\/\"]}]},{\"@type\":[\"Person\"],\"@id\":\"https:\/\/www.oidossucios.com\/site\/#\/schema\/person\/24559eeb76bf83a63296fb072393a688\",\"name\":\"Oidossucios\",\"image\":{\"@type\":\"ImageObject\",\"@id\":\"https:\/\/www.oidossucios.com\/site\/#personlogo\",\"inLanguage\":\"es\",\"url\":\"https:\/\/secure.gravatar.com\/avatar\/74fcb480f42f1a33e50a0b6e6369a3f907be2e43dc84fa5f76c66e9c22b4a5ab?s=96&d=mm&r=g\",\"caption\":\"Oidossucios\"},\"sameAs\":[\"https:\/\/twitter.com\/oidossucios\"]}]}<\/script>\n<!-- \/ Yoast SEO plugin. -->","jetpack_sharing_enabled":true,"_links":{"self":[{"href":"https:\/\/www.oidossucios.com\/site\/wp-json\/wp\/v2\/posts\/2240","targetHints":{"allow":["GET"]}}],"collection":[{"href":"https:\/\/www.oidossucios.com\/site\/wp-json\/wp\/v2\/posts"}],"about":[{"href":"https:\/\/www.oidossucios.com\/site\/wp-json\/wp\/v2\/types\/post"}],"author":[{"embeddable":true,"href":"https:\/\/www.oidossucios.com\/site\/wp-json\/wp\/v2\/users\/4"}],"replies":[{"embeddable":true,"href":"https:\/\/www.oidossucios.com\/site\/wp-json\/wp\/v2\/comments?post=2240"}],"version-history":[{"count":0,"href":"https:\/\/www.oidossucios.com\/site\/wp-json\/wp\/v2\/posts\/2240\/revisions"}],"wp:featuredmedia":[{"embeddable":true,"href":"https:\/\/www.oidossucios.com\/site\/wp-json\/wp\/v2\/media\/100002240"}],"wp:attachment":[{"href":"https:\/\/www.oidossucios.com\/site\/wp-json\/wp\/v2\/media?parent=2240"}],"wp:term":[{"taxonomy":"category","embeddable":true,"href":"https:\/\/www.oidossucios.com\/site\/wp-json\/wp\/v2\/categories?post=2240"},{"taxonomy":"post_tag","embeddable":true,"href":"https:\/\/www.oidossucios.com\/site\/wp-json\/wp\/v2\/tags?post=2240"}],"curies":[{"name":"wp","href":"https:\/\/api.w.org\/{rel}","templated":true}]}}