{"id":2291,"date":"2009-11-16T06:53:00","date_gmt":"2009-11-16T06:53:00","guid":{"rendered":"https:\/\/www.oidossucios.com\/site\/2009\/11\/16\/the-asbestos-estrena-su-primer-video\/"},"modified":"2009-11-16T06:53:00","modified_gmt":"2009-11-16T06:53:00","slug":"the-asbestos-estrena-su-primer-video","status":"publish","type":"post","link":"https:\/\/www.oidossucios.com\/site\/the-asbestos-estrena-su-primer-video\/","title":{"rendered":"The Asbestos estrena su primer video"},"content":{"rendered":"<p>Bajo la&nbsp; producci\u00f3n de Balkong Studios y Flashback Producciones, como premio del&nbsp; primer lugar del&nbsp; concurso Escuela de Rock de HOT 94, David Donoso (Voz y&nbsp; guitarra), Jos\u00e9 Luis Gutierrez (Guitarra),&nbsp; Daniel &#8220;Cheky&#8221; Jelinek (Bater\u00eda) y Juan Donoso (Bajo), integrantes de la banda The Asbestos, estrenaran el video clip de &#8220;Jack And The Harlots&#8221; en las instalaciones del Centro Cultural Chacao este mi\u00e9rcoles 18 de noviembre a partir de las 7:00 pm junto a una presentaci\u00f3n en vivo totalmente gratis. <br \/>&nbsp;<br \/>&#8220;Asesinar es muy parecido a bailar&#8221; es la frase que encabeza el coro del tema &#8220;Jack and the Harlots&#8221;, inspirada en el legendario asesino en serie Jack el Destripador, y que se convertir\u00e1 en el primer videoclip de esta joven banda que, a pesar de la corta edad de sus integrantes, viene ascendiendo en las emisoras de radio locales, contando con 2 hits promocionales:&nbsp; &#8220;Jack and the harlots&#8221; y&nbsp; &#8220;She&#8221;, adem\u00e1s de un nuevo sencillo en rotaci\u00f3n &#8220;Lights, camera and action&#8221;, temas que estar\u00e1n presentes en su disco debut &#8220;Waking The Nightmare&#8221; que saldr\u00e1 a la calle para el primer trimestre de 2010. <\/p>\n<p>Esta producci\u00f3n se origina de la colaboraci\u00f3n de dos importantes empresas audiovisuales del pa\u00eds, Balkong Studios y Flashback Producciones, quienes luego de presenciar la participaci\u00f3n de la banda en el concurso Escuela de Rock de HOT 94 decidieron otorgarle a la agrupaci\u00f3n la realizaci\u00f3n de un videoclip. <br \/>&nbsp;<br \/>&nbsp;&#8220;Bajo la Manga, Laboratorio Audiuovisual&#8221;, siempre apoyando el talento audiovisual local, cede uno de sus espacios programados en el Centro Cultural Chacao para la realizaci\u00f3n de esta presentaci\u00f3n, con entrada libre, que contar\u00e1 con la animaci\u00f3n de Irene Arechavaleta y Rodolfo Colmenares, ambos del&nbsp; programa juvenil Actitud Flashback de HOT 94. El evento iniciar\u00e1 con unas breves palabras de los realizadores del videoclip, seguidas del &#8220;Making Off&#8221; y la proyecci\u00f3n del mismo, cerrando con la presentaci\u00f3n de la agrupaci\u00f3n. Al final, los asistentes podr\u00e1n disfrutar de un brindis inaugural y se conceder\u00e1n las entrevistas para los medios.<br \/>&nbsp;<br \/>&nbsp;<\/p>\n<p><\/p>\n","protected":false},"excerpt":{"rendered":"<p>La banda caraque\u00f1a presentar\u00e1 el videoclip &quot;Jack And The Harlots&quot; en el Centro Cultural Chacao el pr\u00f3ximo 18 de noviembre<\/p>\n","protected":false},"author":4,"featured_media":100002291,"comment_status":"open","ping_status":"open","sticky":false,"template":"","format":"standard","meta":{"_jetpack_memberships_contains_paid_content":false,"footnotes":""},"categories":[250],"tags":[],"class_list":["post-2291","post","type-post","status-publish","format-standard","has-post-thumbnail","hentry","category-noticias"],"jetpack_featured_media_url":"https:\/\/www.oidossucios.com\/site\/wp-content\/uploads\/2009\/11\/2291.jpg","yoast_head":"<!-- This site is optimized with the Yoast SEO plugin v14.0.4 - https:\/\/yoast.com\/wordpress\/plugins\/seo\/ -->\n<title>The Asbestos estrena su primer video - OidosSucios.Com<\/title>\n<meta name=\"description\" content=\"La banda caraque\u00f1a presentar\u00e1 el videoclip &quot;Jack And The Harlots&quot; en el Centro Cultural Chacao el pr\u00f3ximo 18 de noviembre\" \/>\n<meta name=\"robots\" content=\"index, follow\" \/>\n<meta name=\"googlebot\" content=\"index, follow, max-snippet:-1, max-image-preview:large, max-video-preview:-1\" \/>\n<meta name=\"bingbot\" content=\"index, follow, max-snippet:-1, max-image-preview:large, max-video-preview:-1\" \/>\n<link rel=\"canonical\" href=\"https:\/\/www.oidossucios.com\/site\/the-asbestos-estrena-su-primer-video\/\" \/>\n<meta property=\"og:locale\" content=\"es_ES\" \/>\n<meta property=\"og:type\" content=\"article\" \/>\n<meta property=\"og:title\" content=\"The Asbestos estrena su primer video - OidosSucios.Com\" \/>\n<meta property=\"og:description\" content=\"La banda caraque\u00f1a presentar\u00e1 el videoclip &quot;Jack And The Harlots&quot; en el Centro Cultural Chacao el pr\u00f3ximo 18 de noviembre\" \/>\n<meta property=\"og:url\" content=\"https:\/\/www.oidossucios.com\/site\/the-asbestos-estrena-su-primer-video\/\" \/>\n<meta property=\"og:site_name\" content=\"OidosSucios.Com\" \/>\n<meta property=\"article:published_time\" content=\"2009-11-16T06:53:00+00:00\" \/>\n<meta property=\"og:image\" content=\"https:\/\/www.oidossucios.com\/site\/wp-content\/uploads\/2009\/11\/2291.jpg\" \/>\n\t<meta property=\"og:image:width\" content=\"350\" \/>\n\t<meta property=\"og:image:height\" content=\"250\" \/>\n<meta name=\"twitter:card\" content=\"summary_large_image\" \/>\n<meta name=\"twitter:creator\" content=\"@oidossucios\" \/>\n<script type=\"application\/ld+json\" class=\"yoast-schema-graph\">{\"@context\":\"https:\/\/schema.org\",\"@graph\":[{\"@type\":\"WebSite\",\"@id\":\"https:\/\/www.oidossucios.com\/site\/#website\",\"url\":\"https:\/\/www.oidossucios.com\/site\/\",\"name\":\"OidosSucios.Com\",\"description\":\"M\\u00fasica, conciertos, discos\",\"potentialAction\":[{\"@type\":\"SearchAction\",\"target\":\"https:\/\/www.oidossucios.com\/site\/?s={search_term_string}\",\"query-input\":\"required name=search_term_string\"}],\"inLanguage\":\"es\"},{\"@type\":\"ImageObject\",\"@id\":\"https:\/\/www.oidossucios.com\/site\/the-asbestos-estrena-su-primer-video\/#primaryimage\",\"inLanguage\":\"es\",\"url\":\"https:\/\/www.oidossucios.com\/site\/wp-content\/uploads\/2009\/11\/2291.jpg\",\"width\":350,\"height\":250},{\"@type\":\"WebPage\",\"@id\":\"https:\/\/www.oidossucios.com\/site\/the-asbestos-estrena-su-primer-video\/#webpage\",\"url\":\"https:\/\/www.oidossucios.com\/site\/the-asbestos-estrena-su-primer-video\/\",\"name\":\"The Asbestos estrena su primer video - OidosSucios.Com\",\"isPartOf\":{\"@id\":\"https:\/\/www.oidossucios.com\/site\/#website\"},\"primaryImageOfPage\":{\"@id\":\"https:\/\/www.oidossucios.com\/site\/the-asbestos-estrena-su-primer-video\/#primaryimage\"},\"datePublished\":\"2009-11-16T06:53:00+00:00\",\"dateModified\":\"2009-11-16T06:53:00+00:00\",\"author\":{\"@id\":\"https:\/\/www.oidossucios.com\/site\/#\/schema\/person\/24559eeb76bf83a63296fb072393a688\"},\"description\":\"La banda caraque\\u00f1a presentar\\u00e1 el videoclip &quot;Jack And The Harlots&quot; en el Centro Cultural Chacao el pr\\u00f3ximo 18 de noviembre\",\"inLanguage\":\"es\",\"potentialAction\":[{\"@type\":\"ReadAction\",\"target\":[\"https:\/\/www.oidossucios.com\/site\/the-asbestos-estrena-su-primer-video\/\"]}]},{\"@type\":[\"Person\"],\"@id\":\"https:\/\/www.oidossucios.com\/site\/#\/schema\/person\/24559eeb76bf83a63296fb072393a688\",\"name\":\"Oidossucios\",\"image\":{\"@type\":\"ImageObject\",\"@id\":\"https:\/\/www.oidossucios.com\/site\/#personlogo\",\"inLanguage\":\"es\",\"url\":\"https:\/\/secure.gravatar.com\/avatar\/74fcb480f42f1a33e50a0b6e6369a3f907be2e43dc84fa5f76c66e9c22b4a5ab?s=96&d=mm&r=g\",\"caption\":\"Oidossucios\"},\"sameAs\":[\"https:\/\/twitter.com\/oidossucios\"]}]}<\/script>\n<!-- \/ Yoast SEO plugin. -->","jetpack_sharing_enabled":true,"_links":{"self":[{"href":"https:\/\/www.oidossucios.com\/site\/wp-json\/wp\/v2\/posts\/2291","targetHints":{"allow":["GET"]}}],"collection":[{"href":"https:\/\/www.oidossucios.com\/site\/wp-json\/wp\/v2\/posts"}],"about":[{"href":"https:\/\/www.oidossucios.com\/site\/wp-json\/wp\/v2\/types\/post"}],"author":[{"embeddable":true,"href":"https:\/\/www.oidossucios.com\/site\/wp-json\/wp\/v2\/users\/4"}],"replies":[{"embeddable":true,"href":"https:\/\/www.oidossucios.com\/site\/wp-json\/wp\/v2\/comments?post=2291"}],"version-history":[{"count":0,"href":"https:\/\/www.oidossucios.com\/site\/wp-json\/wp\/v2\/posts\/2291\/revisions"}],"wp:featuredmedia":[{"embeddable":true,"href":"https:\/\/www.oidossucios.com\/site\/wp-json\/wp\/v2\/media\/100002291"}],"wp:attachment":[{"href":"https:\/\/www.oidossucios.com\/site\/wp-json\/wp\/v2\/media?parent=2291"}],"wp:term":[{"taxonomy":"category","embeddable":true,"href":"https:\/\/www.oidossucios.com\/site\/wp-json\/wp\/v2\/categories?post=2291"},{"taxonomy":"post_tag","embeddable":true,"href":"https:\/\/www.oidossucios.com\/site\/wp-json\/wp\/v2\/tags?post=2291"}],"curies":[{"name":"wp","href":"https:\/\/api.w.org\/{rel}","templated":true}]}}