{"id":2294,"date":"2009-11-17T13:58:00","date_gmt":"2009-11-17T13:58:00","guid":{"rendered":"https:\/\/www.oidossucios.com\/site\/2009\/11\/17\/todo-listo-para-el-concierto-de-epica\/"},"modified":"2009-11-17T13:58:00","modified_gmt":"2009-11-17T13:58:00","slug":"todo-listo-para-el-concierto-de-epica","status":"publish","type":"post","link":"https:\/\/www.oidossucios.com\/site\/todo-listo-para-el-concierto-de-epica\/","title":{"rendered":"Todo listo para el concierto de Epica"},"content":{"rendered":"<p>La agrupaci\u00f3n holandesa de metal sinf\u00f3nico Epica estar\u00e1 nuevamente en Venezuela, esta vez en Caracas, para ofrecer un concierto el pr\u00f3ximo viernes 27 de noviembre en el Centro de Eventos de la Universidad Nueva Esparta.<\/p>\n<p>Por segunda vez, en poco m\u00e1s de un a\u00f1o, la banda liderada por la cantante mezzosoprano Simone Simons volver\u00e1 a Venezuela, luego de que el pasado 10 de septiembre de 2008 se presentara en la ciudad de Valencia. Para aquella ocasi\u00f3n, la banda presentaba lo que ser\u00eda su \u00e1lbum m\u00e1s reciente &#8220;The Divine Conspirancy&#8221; (2007), cuya gira pasaba por varios pa\u00edses latinoamericanos; esta vez no solo dar\u00e1n a conocer un nuevo trabajo, el cual lleva por nombre &#8220;Design Your Universe&#8221; (que apenas acaba de salir), sino que promocionar\u00e1n el disco &#8220;The Classical Conspirancy&#8221;, el cual fue grabado en vivo junto con la orquesta y coro nacionales de Holanda el pasado a\u00f1o.<\/p>\n<p>El concierto en Venezuela, que est\u00e1 siendo producido por Averno Producciones, empezar\u00e1 a las 6 p.m e iniciar\u00e1, por si fuera poco, con el show de las reconocidas bandas venezolanas Nota Profana y Sibelius, quienes se encargar\u00e1n de agregar todo un ambiente de lujo para la noche. Nota Profana es una banda de metal g\u00f3tico orquestal conformada por una gran cantidad de m\u00fasicos venezolanos formados en orquestas juveniles e infantiles, quienes tambi\u00e9n cuentan con la cantante soprano alemana Gaby Koss (ex-integrante de Haggard). Sibelius, por su parte, es una respetada banda de metal neocl\u00e1sico integrada por dos talentosos m\u00fasicos cuyo nivel musical fue adquirido principalmente en conservatorios de m\u00fasica cl\u00e1sica, el guitarrista Philipp Scherr y el multintrumentista Jorge Rojas; \u00e9stos abrieron, el a\u00f1o pasado, el concierto de la banda estadounidense Symphony X en Caracas.<\/p>\n<p>La Universidad Nueva Esparta, ubicada en el Municipio El Hatillo, cuenta con facilidades de estacionamiento y transporte p\u00fablico. Adem\u00e1s, la empresa dispondr\u00e1 de transporte al terminar el concierto que llevar\u00e1 al p\u00fablico hasta la estaci\u00f3n del Metro Altamira.<\/p>\n<p>Las entradas para este nuevo concierto solo estar\u00e1n en preventa y se encuentran en su segunda etapa a un precio de Bs.F 300. Pueden ser adquiridas en los siguientes puntos de venta:<\/p>\n<p>Caracas: Ariah Records (Torre Centrum de Sabana Grande), tiendas Comegato Store (CC. City Market de Sabana Grande y CC. Plaza Las Am\u00e9ricas de El Cafetal), Melomaniac Records Store (CC. Doral Center de Chacaito) y tiendas Rockadicto (City Market de Sabana Grande y Guarenas).<br \/>Valencia: Tattoo Galery Family (CC. Los 3 Hermanos, Urb. Camoruco).<br \/>Maracay: Sauron Records (CC. La Capilla II).<br \/>Barquisimeto: Soundlab Records (Urb. Del Este).<br \/>Maracaibo: Maracaibo Show (a trav\u00e9s del n\u00famero 0414 619 52 79).<br \/>Matur\u00edn: Dark Side (CC. La Cascada).<br \/>Ciudad Bol\u00edvar: Biohazard Records (Cristal Shopping Center).<br \/>La preventa ascender\u00e1 en los pr\u00f3ximos d\u00edas a una tercera y \u00faltima etapa por el valor de Bs.F 350. El d\u00eda del evento no se vender\u00e1n entradas en taquilla.<\/p>\n<p>Para mayor informaci\u00f3n puedes ingresar a www.avernoproducciones.com.ve.<\/p>\n<p>.youtube.com\/v\/adbVjcBAPVk&amp;hl=en_US&amp;fs=1&amp;&#8221;&gt;<param name=\"allowFullScreen\" value=\"true\"><\/param><param name=\"allowscriptaccess\" value=\"always\"><\/param><object height=\"295\" width=\"480\"><param name=\"movie\" value=\"http:\/\/www.youtube.com\/v\/6TiK0dSmnp0&#038;hl=en_US&#038;fs=1\"><\/param><param name=\"allowFullScreen\" value=\"true\"><\/param><param name=\"allowscriptaccess\" value=\"always\"><\/param><\/object><\/p>\n","protected":false},"excerpt":{"rendered":"<p>La banda holandesa se presentar\u00e1 en Caracas el pr\u00f3ximo 27 de noviembre en la Universidad Nueva Esparta<\/p>\n","protected":false},"author":4,"featured_media":100002294,"comment_status":"open","ping_status":"open","sticky":false,"template":"","format":"standard","meta":{"_jetpack_memberships_contains_paid_content":false,"footnotes":""},"categories":[250],"tags":[],"class_list":["post-2294","post","type-post","status-publish","format-standard","has-post-thumbnail","hentry","category-noticias"],"jetpack_featured_media_url":"https:\/\/www.oidossucios.com\/site\/wp-content\/uploads\/2009\/11\/2294.jpg","yoast_head":"<!-- This site is optimized with the Yoast SEO plugin v14.0.4 - https:\/\/yoast.com\/wordpress\/plugins\/seo\/ -->\n<title>Todo listo para el concierto de Epica - OidosSucios.Com<\/title>\n<meta name=\"description\" content=\"La banda holandesa se presentar\u00e1 en Caracas el pr\u00f3ximo 27 de noviembre en la Universidad Nueva Esparta\" \/>\n<meta name=\"robots\" content=\"index, follow\" \/>\n<meta name=\"googlebot\" content=\"index, follow, max-snippet:-1, max-image-preview:large, max-video-preview:-1\" \/>\n<meta name=\"bingbot\" content=\"index, follow, max-snippet:-1, max-image-preview:large, max-video-preview:-1\" \/>\n<link rel=\"canonical\" href=\"https:\/\/www.oidossucios.com\/site\/todo-listo-para-el-concierto-de-epica\/\" \/>\n<meta property=\"og:locale\" content=\"es_ES\" \/>\n<meta property=\"og:type\" content=\"article\" \/>\n<meta property=\"og:title\" content=\"Todo listo para el concierto de Epica - OidosSucios.Com\" \/>\n<meta property=\"og:description\" content=\"La banda holandesa se presentar\u00e1 en Caracas el pr\u00f3ximo 27 de noviembre en la Universidad Nueva Esparta\" \/>\n<meta property=\"og:url\" content=\"https:\/\/www.oidossucios.com\/site\/todo-listo-para-el-concierto-de-epica\/\" \/>\n<meta property=\"og:site_name\" content=\"OidosSucios.Com\" \/>\n<meta property=\"article:published_time\" content=\"2009-11-17T13:58:00+00:00\" \/>\n<meta property=\"og:image\" content=\"https:\/\/www.oidossucios.com\/site\/wp-content\/uploads\/2009\/11\/2294.jpg\" \/>\n\t<meta property=\"og:image:width\" content=\"350\" \/>\n\t<meta property=\"og:image:height\" content=\"250\" \/>\n<meta name=\"twitter:card\" content=\"summary_large_image\" \/>\n<meta name=\"twitter:creator\" content=\"@oidossucios\" \/>\n<script type=\"application\/ld+json\" class=\"yoast-schema-graph\">{\"@context\":\"https:\/\/schema.org\",\"@graph\":[{\"@type\":\"WebSite\",\"@id\":\"https:\/\/www.oidossucios.com\/site\/#website\",\"url\":\"https:\/\/www.oidossucios.com\/site\/\",\"name\":\"OidosSucios.Com\",\"description\":\"M\\u00fasica, conciertos, discos\",\"potentialAction\":[{\"@type\":\"SearchAction\",\"target\":\"https:\/\/www.oidossucios.com\/site\/?s={search_term_string}\",\"query-input\":\"required name=search_term_string\"}],\"inLanguage\":\"es\"},{\"@type\":\"ImageObject\",\"@id\":\"https:\/\/www.oidossucios.com\/site\/todo-listo-para-el-concierto-de-epica\/#primaryimage\",\"inLanguage\":\"es\",\"url\":\"https:\/\/www.oidossucios.com\/site\/wp-content\/uploads\/2009\/11\/2294.jpg\",\"width\":350,\"height\":250},{\"@type\":\"WebPage\",\"@id\":\"https:\/\/www.oidossucios.com\/site\/todo-listo-para-el-concierto-de-epica\/#webpage\",\"url\":\"https:\/\/www.oidossucios.com\/site\/todo-listo-para-el-concierto-de-epica\/\",\"name\":\"Todo listo para el concierto de Epica - OidosSucios.Com\",\"isPartOf\":{\"@id\":\"https:\/\/www.oidossucios.com\/site\/#website\"},\"primaryImageOfPage\":{\"@id\":\"https:\/\/www.oidossucios.com\/site\/todo-listo-para-el-concierto-de-epica\/#primaryimage\"},\"datePublished\":\"2009-11-17T13:58:00+00:00\",\"dateModified\":\"2009-11-17T13:58:00+00:00\",\"author\":{\"@id\":\"https:\/\/www.oidossucios.com\/site\/#\/schema\/person\/24559eeb76bf83a63296fb072393a688\"},\"description\":\"La banda holandesa se presentar\\u00e1 en Caracas el pr\\u00f3ximo 27 de noviembre en la Universidad Nueva Esparta\",\"inLanguage\":\"es\",\"potentialAction\":[{\"@type\":\"ReadAction\",\"target\":[\"https:\/\/www.oidossucios.com\/site\/todo-listo-para-el-concierto-de-epica\/\"]}]},{\"@type\":[\"Person\"],\"@id\":\"https:\/\/www.oidossucios.com\/site\/#\/schema\/person\/24559eeb76bf83a63296fb072393a688\",\"name\":\"Oidossucios\",\"image\":{\"@type\":\"ImageObject\",\"@id\":\"https:\/\/www.oidossucios.com\/site\/#personlogo\",\"inLanguage\":\"es\",\"url\":\"https:\/\/secure.gravatar.com\/avatar\/74fcb480f42f1a33e50a0b6e6369a3f907be2e43dc84fa5f76c66e9c22b4a5ab?s=96&d=mm&r=g\",\"caption\":\"Oidossucios\"},\"sameAs\":[\"https:\/\/twitter.com\/oidossucios\"]}]}<\/script>\n<!-- \/ Yoast SEO plugin. -->","jetpack_sharing_enabled":true,"_links":{"self":[{"href":"https:\/\/www.oidossucios.com\/site\/wp-json\/wp\/v2\/posts\/2294","targetHints":{"allow":["GET"]}}],"collection":[{"href":"https:\/\/www.oidossucios.com\/site\/wp-json\/wp\/v2\/posts"}],"about":[{"href":"https:\/\/www.oidossucios.com\/site\/wp-json\/wp\/v2\/types\/post"}],"author":[{"embeddable":true,"href":"https:\/\/www.oidossucios.com\/site\/wp-json\/wp\/v2\/users\/4"}],"replies":[{"embeddable":true,"href":"https:\/\/www.oidossucios.com\/site\/wp-json\/wp\/v2\/comments?post=2294"}],"version-history":[{"count":0,"href":"https:\/\/www.oidossucios.com\/site\/wp-json\/wp\/v2\/posts\/2294\/revisions"}],"wp:featuredmedia":[{"embeddable":true,"href":"https:\/\/www.oidossucios.com\/site\/wp-json\/wp\/v2\/media\/100002294"}],"wp:attachment":[{"href":"https:\/\/www.oidossucios.com\/site\/wp-json\/wp\/v2\/media?parent=2294"}],"wp:term":[{"taxonomy":"category","embeddable":true,"href":"https:\/\/www.oidossucios.com\/site\/wp-json\/wp\/v2\/categories?post=2294"},{"taxonomy":"post_tag","embeddable":true,"href":"https:\/\/www.oidossucios.com\/site\/wp-json\/wp\/v2\/tags?post=2294"}],"curies":[{"name":"wp","href":"https:\/\/api.w.org\/{rel}","templated":true}]}}