{"id":2334,"date":"2009-12-08T03:33:00","date_gmt":"2009-12-08T03:33:00","guid":{"rendered":"https:\/\/www.oidossucios.com\/site\/2009\/12\/08\/arrestan-a-pete-doherty-en-berlin\/"},"modified":"2009-12-08T03:33:00","modified_gmt":"2009-12-08T03:33:00","slug":"arrestan-a-pete-doherty-en-berlin","status":"publish","type":"post","link":"https:\/\/www.oidossucios.com\/site\/arrestan-a-pete-doherty-en-berlin\/","title":{"rendered":"Arrestan a Pete Doherty en Berl\u00edn"},"content":{"rendered":"<p>Seg\u00fan inform\u00f3 el diario alem\u00e1n Bild, Pete Doherty fue arrestado el pasado domingo en Berl\u00edn.<\/p>\n<p>El cantante, quien acaba de terminar su tour en solitario por Alemania, fue acusado de lanzar un vaso de vidrio a un autom\u00f3vil, rompiendo la ventana trasera. Seg\u00fan se report\u00f3, Doherty fue arrestado en el distrito Kreuzberg de la ciudad, donde se encontraba bebiendo con dos amigos.<\/p>\n<p>&#8220;Los tres fueron echados del bar&#8221;, declar\u00f3 un bartender. &#8220;Pete estaba tomando shots y preguntaba constantemente por coca\u00edna&#8221;. <\/p>\n<p>Al momento del incidente un peat\u00f3n llam\u00f3 a la polic\u00eda local, la cual detuvo y acus\u00f3 a Doherty de da\u00f1o material.<\/p>\n<p><\/p>\n","protected":false},"excerpt":{"rendered":"<p>El vocalista brit\u00e1nico fue acusado de causar da\u00f1os materiales <\/p>\n","protected":false},"author":4,"featured_media":100002334,"comment_status":"open","ping_status":"open","sticky":false,"template":"","format":"standard","meta":{"_jetpack_memberships_contains_paid_content":false,"footnotes":""},"categories":[250],"tags":[],"class_list":["post-2334","post","type-post","status-publish","format-standard","has-post-thumbnail","hentry","category-noticias"],"jetpack_featured_media_url":"https:\/\/www.oidossucios.com\/site\/wp-content\/uploads\/2009\/12\/2334.jpg","yoast_head":"<!-- This site is optimized with the Yoast SEO plugin v14.0.4 - https:\/\/yoast.com\/wordpress\/plugins\/seo\/ -->\n<title>Arrestan a Pete Doherty en Berl\u00edn - OidosSucios.Com<\/title>\n<meta name=\"description\" content=\"El vocalista brit\u00e1nico fue acusado de causar da\u00f1os materiales\" \/>\n<meta name=\"robots\" content=\"index, follow\" \/>\n<meta name=\"googlebot\" content=\"index, follow, max-snippet:-1, max-image-preview:large, max-video-preview:-1\" \/>\n<meta name=\"bingbot\" content=\"index, follow, max-snippet:-1, max-image-preview:large, max-video-preview:-1\" \/>\n<link rel=\"canonical\" href=\"https:\/\/www.oidossucios.com\/site\/arrestan-a-pete-doherty-en-berlin\/\" \/>\n<meta property=\"og:locale\" content=\"es_ES\" \/>\n<meta property=\"og:type\" content=\"article\" \/>\n<meta property=\"og:title\" content=\"Arrestan a Pete Doherty en Berl\u00edn - OidosSucios.Com\" \/>\n<meta property=\"og:description\" content=\"El vocalista brit\u00e1nico fue acusado de causar da\u00f1os materiales\" \/>\n<meta property=\"og:url\" content=\"https:\/\/www.oidossucios.com\/site\/arrestan-a-pete-doherty-en-berlin\/\" \/>\n<meta property=\"og:site_name\" content=\"OidosSucios.Com\" \/>\n<meta property=\"article:published_time\" content=\"2009-12-08T03:33:00+00:00\" \/>\n<meta property=\"og:image\" content=\"https:\/\/www.oidossucios.com\/site\/wp-content\/uploads\/2009\/12\/2334.jpg\" \/>\n\t<meta property=\"og:image:width\" content=\"350\" \/>\n\t<meta property=\"og:image:height\" content=\"250\" \/>\n<meta name=\"twitter:card\" content=\"summary_large_image\" \/>\n<meta name=\"twitter:creator\" content=\"@oidossucios\" \/>\n<script type=\"application\/ld+json\" class=\"yoast-schema-graph\">{\"@context\":\"https:\/\/schema.org\",\"@graph\":[{\"@type\":\"WebSite\",\"@id\":\"https:\/\/www.oidossucios.com\/site\/#website\",\"url\":\"https:\/\/www.oidossucios.com\/site\/\",\"name\":\"OidosSucios.Com\",\"description\":\"M\\u00fasica, conciertos, discos\",\"potentialAction\":[{\"@type\":\"SearchAction\",\"target\":\"https:\/\/www.oidossucios.com\/site\/?s={search_term_string}\",\"query-input\":\"required name=search_term_string\"}],\"inLanguage\":\"es\"},{\"@type\":\"ImageObject\",\"@id\":\"https:\/\/www.oidossucios.com\/site\/arrestan-a-pete-doherty-en-berlin\/#primaryimage\",\"inLanguage\":\"es\",\"url\":\"https:\/\/www.oidossucios.com\/site\/wp-content\/uploads\/2009\/12\/2334.jpg\",\"width\":350,\"height\":250},{\"@type\":\"WebPage\",\"@id\":\"https:\/\/www.oidossucios.com\/site\/arrestan-a-pete-doherty-en-berlin\/#webpage\",\"url\":\"https:\/\/www.oidossucios.com\/site\/arrestan-a-pete-doherty-en-berlin\/\",\"name\":\"Arrestan a Pete Doherty en Berl\\u00edn - OidosSucios.Com\",\"isPartOf\":{\"@id\":\"https:\/\/www.oidossucios.com\/site\/#website\"},\"primaryImageOfPage\":{\"@id\":\"https:\/\/www.oidossucios.com\/site\/arrestan-a-pete-doherty-en-berlin\/#primaryimage\"},\"datePublished\":\"2009-12-08T03:33:00+00:00\",\"dateModified\":\"2009-12-08T03:33:00+00:00\",\"author\":{\"@id\":\"https:\/\/www.oidossucios.com\/site\/#\/schema\/person\/24559eeb76bf83a63296fb072393a688\"},\"description\":\"El vocalista brit\\u00e1nico fue acusado de causar da\\u00f1os materiales\",\"inLanguage\":\"es\",\"potentialAction\":[{\"@type\":\"ReadAction\",\"target\":[\"https:\/\/www.oidossucios.com\/site\/arrestan-a-pete-doherty-en-berlin\/\"]}]},{\"@type\":[\"Person\"],\"@id\":\"https:\/\/www.oidossucios.com\/site\/#\/schema\/person\/24559eeb76bf83a63296fb072393a688\",\"name\":\"Oidossucios\",\"image\":{\"@type\":\"ImageObject\",\"@id\":\"https:\/\/www.oidossucios.com\/site\/#personlogo\",\"inLanguage\":\"es\",\"url\":\"https:\/\/secure.gravatar.com\/avatar\/74fcb480f42f1a33e50a0b6e6369a3f907be2e43dc84fa5f76c66e9c22b4a5ab?s=96&d=mm&r=g\",\"caption\":\"Oidossucios\"},\"sameAs\":[\"https:\/\/twitter.com\/oidossucios\"]}]}<\/script>\n<!-- \/ Yoast SEO plugin. -->","jetpack_sharing_enabled":true,"_links":{"self":[{"href":"https:\/\/www.oidossucios.com\/site\/wp-json\/wp\/v2\/posts\/2334","targetHints":{"allow":["GET"]}}],"collection":[{"href":"https:\/\/www.oidossucios.com\/site\/wp-json\/wp\/v2\/posts"}],"about":[{"href":"https:\/\/www.oidossucios.com\/site\/wp-json\/wp\/v2\/types\/post"}],"author":[{"embeddable":true,"href":"https:\/\/www.oidossucios.com\/site\/wp-json\/wp\/v2\/users\/4"}],"replies":[{"embeddable":true,"href":"https:\/\/www.oidossucios.com\/site\/wp-json\/wp\/v2\/comments?post=2334"}],"version-history":[{"count":0,"href":"https:\/\/www.oidossucios.com\/site\/wp-json\/wp\/v2\/posts\/2334\/revisions"}],"wp:featuredmedia":[{"embeddable":true,"href":"https:\/\/www.oidossucios.com\/site\/wp-json\/wp\/v2\/media\/100002334"}],"wp:attachment":[{"href":"https:\/\/www.oidossucios.com\/site\/wp-json\/wp\/v2\/media?parent=2334"}],"wp:term":[{"taxonomy":"category","embeddable":true,"href":"https:\/\/www.oidossucios.com\/site\/wp-json\/wp\/v2\/categories?post=2334"},{"taxonomy":"post_tag","embeddable":true,"href":"https:\/\/www.oidossucios.com\/site\/wp-json\/wp\/v2\/tags?post=2334"}],"curies":[{"name":"wp","href":"https:\/\/api.w.org\/{rel}","templated":true}]}}