{"id":2414,"date":"2010-01-22T22:00:00","date_gmt":"2010-01-22T22:00:00","guid":{"rendered":"https:\/\/www.oidossucios.com\/site\/2010\/01\/22\/jonathan-davis-esperen-lo-mejor-de-nosotros-y-cuenten-con-un-espectaculo-de-primera\/"},"modified":"2020-05-15T13:10:47","modified_gmt":"2020-05-15T17:10:47","slug":"jonathan-davis-esperen-lo-mejor-de-nosotros-y-cuenten-con-un-espectaculo-de-primera","status":"publish","type":"post","link":"https:\/\/www.oidossucios.com\/site\/jonathan-davis-esperen-lo-mejor-de-nosotros-y-cuenten-con-un-espectaculo-de-primera\/","title":{"rendered":"Jonathan Davis &#8220;Esperen lo mejor de nosotros y cuenten con un espect\u00e1culo de primera&#8221;"},"content":{"rendered":"<p>Por Melanio Escobar<\/p>\n<p>En marzo de 2002 Korn se present\u00f3 en Venezuela, en el marco del Caracas Pop Festival, ante una enorme y asombrada audiencia que disfrut\u00f3 al m\u00e1ximo lo que ha sido uno de los mejores shows de la d\u00e9cada en el pa\u00eds.<\/p>\n<p>Este 28 de enero, est\u00e1n de vuelta, de la mano de Solid Show Producciones, en el denominado Solid Fest.<\/p>\n<p><span style=\"font-weight: bold;\">Melanio Escobar<\/span> de <span style=\"font-style: italic;\">OidosSucios.Com<\/span>, convers\u00f3 v\u00eda telef\u00f3nica en exclusiva con su l\u00edder y vocalista Jonathan Davis. Conoce sus planes para el show en Caracas, sus gustos musicales actuales, y su opini\u00f3n de Ch\u00e1vez.<\/p>\n<p><span style=\"font-weight: bold;\">\u00bfQu\u00e9 hay diferente en Korn desde su show en Caracas hace 8 a\u00f1os?<\/span><br \/>\n\u00bf8 a\u00f1os? \u00bfEn serio ha pasado tanto tiempo? Jajaja, bueno han cambiado muchas cosas, la banda ya no es la misma, hay nuevo baterista, nuevo guitarrista eso es principalmente lo que ha cambiado de resto nada.<\/p>\n<p><span style=\"font-weight: bold;\">\u00bfQu\u00e9 piensas de la fuerte influencia que tuvo la banda en una generaci\u00f3n completa?<\/span><br \/>\nEs abrumador, completamente abrumador no esper\u00e1bamos que eso pasara, solo hac\u00edamos la m\u00fasica que am\u00e1bamos y todo fue muy loco.<\/p>\n<p><span style=\"font-weight: bold;\">El Nu Metal vino y se fue pero Korn se mantuvo rockeando \u00bfCu\u00e1l es el secreto?<\/span><br \/>\nCreo que no hay secretos, hacer lo que amas y mantenerte fiel a lo que eres es lo que hace que todo funcione adem\u00e1s nuestros fans son incre\u00edbles gracias a ellos es que estamos donde estamos.<\/p>\n<p><span style=\"font-weight: bold;\">\u00bfEs dif\u00edcil seguir con una banda que no posee sus miembros originales?<\/span><br \/>\nNo, para nada en realidad es bastante f\u00e1cil, todo es ir con la corriente, hacer m\u00fasica con nuevos integrantes es divertido.<\/p>\n<p><span style=\"font-weight: bold;\">\u00bfQu\u00e9 podemos esperar con este nuevo \u00e1lbum? \u00bfEl hecho de que est\u00e9n trabajando con Ross Robinson de nuevo significa que est\u00e1n volviendo a sus ra\u00edces?<\/span><br \/>\nTotalmente, es una vuelta al sonido vieja escuela, estamos retomando lo que alguna vez hizo de Korn lo que es hoy d\u00eda.<\/p>\n<p><span style=\"font-weight: bold;\">\u00bfSientes la presi\u00f3n de hacer lo que lograste hace 10 a\u00f1os? \u00bfEs Dif\u00edcil tener ese pasado?<\/span><br \/>\nSi, claro que siento la presi\u00f3n, pero trato de no pensar mucho en eso, ponerlo a un lado si se puede decir, de otra forma interferir\u00eda con el proceso creativo de la banda y es lo menos que queremos, como te dije tratamos de hacer lo que nos gusta, los que nos hace feliz y as\u00ed es como trabajamos.<\/p>\n<p><span style=\"font-weight: bold;\">\u00bfCu\u00e1ndo sale el nuevo \u00e1lbum?<\/span><br \/>\nAun lo estamos haciendo, as\u00ed que por cuestiones de disquera no tenemos fecha, pero de seguro este a\u00f1o lo tenemos en la calle.<\/p>\n<p><span style=\"font-weight: bold;\">\u00bfDisfrutas tocar las canciones viejas?<\/span><br \/>\nSi lo amamos, nos encanta.<\/p>\n<p><span style=\"font-weight: bold;\">\u00bfVan a tocar canciones de las nuevas en Caracas?<\/span><br \/>\nNo para nada, queremos guardar esos temas para cuando saquemos el nuevo disco, haremos una mezcla de los temas de toda la vida.<\/p>\n<p><span style=\"font-weight: bold;\">\u00bfRecuerdas la banda que fue su telonero hace 8 a\u00f1os?<\/span><br \/>\nNo, no tuvimos la oportunidad de escucharla.<\/p>\n<p><span style=\"font-weight: bold;\">Bueno la banda que abri\u00f3 ese a\u00f1o fue Candy 66 y ellos tocaran de nuevo con ustedes. \u00bfNo escuchas nunca a tus bandas teloneras?<\/span><br \/>\nBueno siempre trato de escuchar por lo menos un tema. Este a\u00f1o lo haremos.<br \/>\n<br style=\"font-weight: bold;\" \/><span style=\"font-weight: bold;\">Candy 66 y Korn creo que har\u00e1n la misma magia que hubo en el primer show.<\/span><br \/>\nDefinitivamente ver\u00e1n magia, la misma magia o mejor.<\/p>\n<p><span style=\"font-weight: bold;\">Recuerdo que cuando usaron de arte para el disco de <span style=\"font-style: italic;\">Issues <\/span>un trabajo de un fan me dej\u00f3 impactado \u00bfPiensan hacer algo de eso para la nueva placa?<\/span><br \/>\nS\u00ed, eso fue bastante cool, creo que con el nuevo \u00e1lbum tambi\u00e9n incluiremos una interacci\u00f3n con los fans, nos encantan ese tipo de cosas, creo que si lo haremos.<br \/>\n<br style=\"font-weight: bold;\" \/><span style=\"font-weight: bold;\">Hay un poster de Korn en el HRC de Miami \u00bfDe verdad lo mandaron ustedes?<\/span><br \/>\nSi es 100% real.<br \/>\n<span style=\"font-weight: bold;\">Siempre pens\u00e9 que era un mito los \u00edtem de Hard Rock Caf\u00e9.<\/span><\/p>\n<p><span style=\"font-weight: bold;\">Tengo 2 amigos que en sus nalgas tienen el logo de Korn tatuado \u00bfQu\u00e9 sienten ustedes cuando alguien se tat\u00faa el nombre de su banda?<\/span><br \/>\nJajaja \u00bfen serio? Bueno para nosotros es un honor, es un compromiso de verdaderos fans, es algo para toda la vida y lo apreciamos demasiado, de hecho tenemos una pagina donde la gente manda sus <a href=\"https:\/\/humanflytattoo.com\/\" target=\"_blank\" rel=\"noopener noreferrer\">tatuajes<\/a> y siempre me meto a revisarlo cosa que me da mucho orgullo.<\/p>\n<p><span style=\"font-weight: bold;\">\u00bfEl tatuaje de HIV que tienes en el brazo te ha servido?<\/span><br \/>\nDefinitivamente s\u00ed, hay muchas mujeres que pueden tener virus y el tatuaje es un constante recuerdo de que no debo hacer locuras mas all\u00e1 de lo normal, jajaja.<\/p>\n<p><span style=\"font-weight: bold;\">\u00bfSabes de nuestro presidente? \u00bfQu\u00e9 har\u00edas si t\u00fa fueras el presidente de Venezuela?<\/span><br \/>\n\u00bfHugo Ch\u00e1vez? Claro, hemos o\u00eddo muchas de sus locuras, pero no somos una banda que est\u00e1 metida en la pol\u00edtica. Por lo personal amo a la gente, y si fuera su presidente creo que eso es lo que tratar\u00eda de mostrarles.<\/p>\n<p><span style=\"font-weight: bold;\">\u00bfTe arrepientes de algo musicalmente hablando?<\/span><br \/>\nDe nada, creo que todo lo que hemos hecho ha sido un paso para el siguiente escal\u00f3n, todo nos ha llevado a lo que somos hoy.<\/p>\n<p><span style=\"font-weight: bold;\">\u00bfPor qu\u00e9 est\u00e1n comenzando el tour en Sur America?<\/span><br \/>\nBueno la verdad nos llamaron y dijeron que si quer\u00edamos tocar en Caracas y dijimos que claro, que nos encantar\u00eda all\u00e1, as\u00ed que aceptamos hacer un nuevo show.<\/p>\n<p><span style=\"font-weight: bold;\">Qu\u00e9 bandas estas oyendo en este momento? \u00bfQu\u00e9 es lo que tienes en tu Ipod?<\/span><br \/>\nLa banda de West Borland de Limp Bizkit &#8220;Black light Burns&#8221; es una de mis favoritas en este momento y esta chica, Lady Gaga.<\/p>\n<p><span style=\"font-weight: bold;\">\u00bfLady Gaga? Bueno muchos dicen que es la Marilyn Manson del pop<\/span><br \/>\nCompletamente, me encanta todo lo que hace, el asunto con las ropas, las canciones la forma en que hace que la m\u00fasica pop no sea una real porquer\u00eda, me parece s\u00faper inteligente. Creo que es una de las artistas mas innovadoras del momento y ahora que lo dices s\u00ed, jajaja, me parece que es la Marilyn Manson del pop.<\/p>\n<p><span style=\"font-weight: bold;\">Gracias por todo Jonathan \u00bftienes alg\u00fan mensaje para tus fans?<\/span><br \/>\nChicos. los amamos. Estamos muy ansioso por verlos en este show. Esperen lo mejor de nosotros y cuenten con un espect\u00e1culo de primera.<\/p>\n<p>&nbsp;<\/p>\n","protected":false},"excerpt":{"rendered":"<p>El vocalista de la agrupaci\u00f3n metalera Korn convers\u00f3 v\u00eda telef\u00f3nica con OidosSucios.Com. Conoce lo que se viene para el show del 28 de enero en Caracas.<\/p>\n","protected":false},"author":4,"featured_media":100002414,"comment_status":"open","ping_status":"open","sticky":false,"template":"","format":"standard","meta":{"_jetpack_memberships_contains_paid_content":false,"footnotes":""},"categories":[695],"tags":[741,150,216,578],"class_list":["post-2414","post","type-post","status-publish","format-standard","has-post-thumbnail","hentry","category-articulos","tag-jonathan-davis","tag-korn","tag-melaniobar","tag-solid-show"],"jetpack_featured_media_url":"https:\/\/www.oidossucios.com\/site\/wp-content\/uploads\/2010\/01\/2414.jpg","yoast_head":"<!-- This site is optimized with the Yoast SEO plugin v14.0.4 - https:\/\/yoast.com\/wordpress\/plugins\/seo\/ -->\n<title>Jonathan Davis &quot;Esperen lo mejor de nosotros y cuenten con un espect\u00e1culo de primera&quot; - OidosSucios.Com<\/title>\n<meta name=\"description\" content=\"El vocalista de la agrupaci\u00f3n metalera Korn convers\u00f3 v\u00eda telef\u00f3nica con OidosSucios.Com. Conoce lo que se viene para el show del 28 de enero en Caracas.\" \/>\n<meta name=\"robots\" content=\"index, follow\" \/>\n<meta name=\"googlebot\" content=\"index, follow, max-snippet:-1, max-image-preview:large, max-video-preview:-1\" \/>\n<meta name=\"bingbot\" content=\"index, follow, max-snippet:-1, max-image-preview:large, max-video-preview:-1\" \/>\n<link rel=\"canonical\" href=\"https:\/\/www.oidossucios.com\/site\/jonathan-davis-esperen-lo-mejor-de-nosotros-y-cuenten-con-un-espectaculo-de-primera\/\" \/>\n<meta property=\"og:locale\" content=\"es_ES\" \/>\n<meta property=\"og:type\" content=\"article\" \/>\n<meta property=\"og:title\" content=\"Jonathan Davis &quot;Esperen lo mejor de nosotros y cuenten con un espect\u00e1culo de primera&quot; - OidosSucios.Com\" \/>\n<meta property=\"og:description\" content=\"El vocalista de la agrupaci\u00f3n metalera Korn convers\u00f3 v\u00eda telef\u00f3nica con OidosSucios.Com. Conoce lo que se viene para el show del 28 de enero en Caracas.\" \/>\n<meta property=\"og:url\" content=\"https:\/\/www.oidossucios.com\/site\/jonathan-davis-esperen-lo-mejor-de-nosotros-y-cuenten-con-un-espectaculo-de-primera\/\" \/>\n<meta property=\"og:site_name\" content=\"OidosSucios.Com\" \/>\n<meta property=\"article:published_time\" content=\"2010-01-22T22:00:00+00:00\" \/>\n<meta property=\"article:modified_time\" content=\"2020-05-15T17:10:47+00:00\" \/>\n<meta property=\"og:image\" content=\"https:\/\/www.oidossucios.com\/site\/wp-content\/uploads\/2010\/01\/2414.jpg\" \/>\n\t<meta property=\"og:image:width\" content=\"350\" \/>\n\t<meta property=\"og:image:height\" content=\"242\" \/>\n<meta name=\"twitter:card\" content=\"summary_large_image\" \/>\n<meta name=\"twitter:creator\" content=\"@oidossucios\" \/>\n<script type=\"application\/ld+json\" class=\"yoast-schema-graph\">{\"@context\":\"https:\/\/schema.org\",\"@graph\":[{\"@type\":\"WebSite\",\"@id\":\"https:\/\/www.oidossucios.com\/site\/#website\",\"url\":\"https:\/\/www.oidossucios.com\/site\/\",\"name\":\"OidosSucios.Com\",\"description\":\"M\\u00fasica, conciertos, discos\",\"potentialAction\":[{\"@type\":\"SearchAction\",\"target\":\"https:\/\/www.oidossucios.com\/site\/?s={search_term_string}\",\"query-input\":\"required name=search_term_string\"}],\"inLanguage\":\"es\"},{\"@type\":\"ImageObject\",\"@id\":\"https:\/\/www.oidossucios.com\/site\/jonathan-davis-esperen-lo-mejor-de-nosotros-y-cuenten-con-un-espectaculo-de-primera\/#primaryimage\",\"inLanguage\":\"es\",\"url\":\"https:\/\/www.oidossucios.com\/site\/wp-content\/uploads\/2010\/01\/2414.jpg\",\"width\":350,\"height\":242},{\"@type\":\"WebPage\",\"@id\":\"https:\/\/www.oidossucios.com\/site\/jonathan-davis-esperen-lo-mejor-de-nosotros-y-cuenten-con-un-espectaculo-de-primera\/#webpage\",\"url\":\"https:\/\/www.oidossucios.com\/site\/jonathan-davis-esperen-lo-mejor-de-nosotros-y-cuenten-con-un-espectaculo-de-primera\/\",\"name\":\"Jonathan Davis \\\"Esperen lo mejor de nosotros y cuenten con un espect\\u00e1culo de primera\\\" - OidosSucios.Com\",\"isPartOf\":{\"@id\":\"https:\/\/www.oidossucios.com\/site\/#website\"},\"primaryImageOfPage\":{\"@id\":\"https:\/\/www.oidossucios.com\/site\/jonathan-davis-esperen-lo-mejor-de-nosotros-y-cuenten-con-un-espectaculo-de-primera\/#primaryimage\"},\"datePublished\":\"2010-01-22T22:00:00+00:00\",\"dateModified\":\"2020-05-15T17:10:47+00:00\",\"author\":{\"@id\":\"https:\/\/www.oidossucios.com\/site\/#\/schema\/person\/24559eeb76bf83a63296fb072393a688\"},\"description\":\"El vocalista de la agrupaci\\u00f3n metalera Korn convers\\u00f3 v\\u00eda telef\\u00f3nica con OidosSucios.Com. Conoce lo que se viene para el show del 28 de enero en Caracas.\",\"inLanguage\":\"es\",\"potentialAction\":[{\"@type\":\"ReadAction\",\"target\":[\"https:\/\/www.oidossucios.com\/site\/jonathan-davis-esperen-lo-mejor-de-nosotros-y-cuenten-con-un-espectaculo-de-primera\/\"]}]},{\"@type\":[\"Person\"],\"@id\":\"https:\/\/www.oidossucios.com\/site\/#\/schema\/person\/24559eeb76bf83a63296fb072393a688\",\"name\":\"Oidossucios\",\"image\":{\"@type\":\"ImageObject\",\"@id\":\"https:\/\/www.oidossucios.com\/site\/#personlogo\",\"inLanguage\":\"es\",\"url\":\"https:\/\/secure.gravatar.com\/avatar\/74fcb480f42f1a33e50a0b6e6369a3f907be2e43dc84fa5f76c66e9c22b4a5ab?s=96&d=mm&r=g\",\"caption\":\"Oidossucios\"},\"sameAs\":[\"https:\/\/twitter.com\/oidossucios\"]}]}<\/script>\n<!-- \/ Yoast SEO plugin. -->","jetpack_sharing_enabled":true,"_links":{"self":[{"href":"https:\/\/www.oidossucios.com\/site\/wp-json\/wp\/v2\/posts\/2414","targetHints":{"allow":["GET"]}}],"collection":[{"href":"https:\/\/www.oidossucios.com\/site\/wp-json\/wp\/v2\/posts"}],"about":[{"href":"https:\/\/www.oidossucios.com\/site\/wp-json\/wp\/v2\/types\/post"}],"author":[{"embeddable":true,"href":"https:\/\/www.oidossucios.com\/site\/wp-json\/wp\/v2\/users\/4"}],"replies":[{"embeddable":true,"href":"https:\/\/www.oidossucios.com\/site\/wp-json\/wp\/v2\/comments?post=2414"}],"version-history":[{"count":3,"href":"https:\/\/www.oidossucios.com\/site\/wp-json\/wp\/v2\/posts\/2414\/revisions"}],"predecessor-version":[{"id":111116818,"href":"https:\/\/www.oidossucios.com\/site\/wp-json\/wp\/v2\/posts\/2414\/revisions\/111116818"}],"wp:featuredmedia":[{"embeddable":true,"href":"https:\/\/www.oidossucios.com\/site\/wp-json\/wp\/v2\/media\/100002414"}],"wp:attachment":[{"href":"https:\/\/www.oidossucios.com\/site\/wp-json\/wp\/v2\/media?parent=2414"}],"wp:term":[{"taxonomy":"category","embeddable":true,"href":"https:\/\/www.oidossucios.com\/site\/wp-json\/wp\/v2\/categories?post=2414"},{"taxonomy":"post_tag","embeddable":true,"href":"https:\/\/www.oidossucios.com\/site\/wp-json\/wp\/v2\/tags?post=2414"}],"curies":[{"name":"wp","href":"https:\/\/api.w.org\/{rel}","templated":true}]}}