{"id":2430,"date":"2010-02-03T00:55:00","date_gmt":"2010-02-03T00:55:00","guid":{"rendered":"https:\/\/www.oidossucios.com\/site\/2010\/02\/03\/steven-tyler-amenaza-con-demandar-a-aerosmith\/"},"modified":"2010-02-03T00:55:00","modified_gmt":"2010-02-03T00:55:00","slug":"steven-tyler-amenaza-con-demandar-a-aerosmith","status":"publish","type":"post","link":"https:\/\/www.oidossucios.com\/site\/steven-tyler-amenaza-con-demandar-a-aerosmith\/","title":{"rendered":"Steven Tyler amenaza con demandar a Aerosmith"},"content":{"rendered":"<p>El culebr\u00f3n de Aerosmith sigue. El abogado de Steven Tyler inst\u00f3 al m\u00e1nager de la agrupaci\u00f3n a que desistan con la idea de buscar reemplazarlo, ya que este quiere seguir cantando y tan s\u00f3lo est\u00e1 apartado actualmente debido a su tratamiento contra la adicci\u00f3n a los analg\u00e9sicos.<\/p>\n<p>&#8220;A Steven Tyler no le gustan las demandas. Aerosmith sin \u00e9l es como los Rolling Stones sin Mick Jagger. Steven es Aerosmith junto a la banda. Es el hombre que el p\u00fablico conoce. Me sorprender\u00eda si el manager siquiera sugiriera el reemplazarlo&#8221; diuo el abogado.<\/p>\n<p>De seguir adelante con la idea del reemplazo, Tyler y su abogado proceder\u00edan a demandar a la banda.<\/p>\n<p>Sea como sea, extraoficialmente se dice que Aerosmith ya tiene nuevamente agendada una fecha para Venezuela en mayo pr\u00f3ximo.<\/p>\n","protected":false},"excerpt":{"rendered":"<p>El vocalista de la agrupaci\u00f3n ha amenazado con demandar al resto de sus compa\u00f1eros si insisten en sustituirlo.<\/p>\n","protected":false},"author":4,"featured_media":100002430,"comment_status":"open","ping_status":"open","sticky":false,"template":"","format":"standard","meta":{"_jetpack_memberships_contains_paid_content":false,"footnotes":""},"categories":[250],"tags":[],"class_list":["post-2430","post","type-post","status-publish","format-standard","has-post-thumbnail","hentry","category-noticias"],"jetpack_featured_media_url":"https:\/\/www.oidossucios.com\/site\/wp-content\/uploads\/2010\/02\/2430.jpg","yoast_head":"<!-- This site is optimized with the Yoast SEO plugin v14.0.4 - https:\/\/yoast.com\/wordpress\/plugins\/seo\/ -->\n<title>Steven Tyler amenaza con demandar a Aerosmith - OidosSucios.Com<\/title>\n<meta name=\"description\" content=\"El vocalista de la agrupaci\u00f3n ha amenazado con demandar al resto de sus compa\u00f1eros si insisten en sustituirlo.\" \/>\n<meta name=\"robots\" content=\"index, follow\" \/>\n<meta name=\"googlebot\" content=\"index, follow, max-snippet:-1, max-image-preview:large, max-video-preview:-1\" \/>\n<meta name=\"bingbot\" content=\"index, follow, max-snippet:-1, max-image-preview:large, max-video-preview:-1\" \/>\n<link rel=\"canonical\" href=\"https:\/\/www.oidossucios.com\/site\/steven-tyler-amenaza-con-demandar-a-aerosmith\/\" \/>\n<meta property=\"og:locale\" content=\"es_ES\" \/>\n<meta property=\"og:type\" content=\"article\" \/>\n<meta property=\"og:title\" content=\"Steven Tyler amenaza con demandar a Aerosmith - OidosSucios.Com\" \/>\n<meta property=\"og:description\" content=\"El vocalista de la agrupaci\u00f3n ha amenazado con demandar al resto de sus compa\u00f1eros si insisten en sustituirlo.\" \/>\n<meta property=\"og:url\" content=\"https:\/\/www.oidossucios.com\/site\/steven-tyler-amenaza-con-demandar-a-aerosmith\/\" \/>\n<meta property=\"og:site_name\" content=\"OidosSucios.Com\" \/>\n<meta property=\"article:published_time\" content=\"2010-02-03T00:55:00+00:00\" \/>\n<meta property=\"og:image\" content=\"https:\/\/www.oidossucios.com\/site\/wp-content\/uploads\/2010\/02\/2430.jpg\" \/>\n\t<meta property=\"og:image:width\" content=\"350\" \/>\n\t<meta property=\"og:image:height\" content=\"278\" \/>\n<meta name=\"twitter:card\" content=\"summary_large_image\" \/>\n<meta name=\"twitter:creator\" content=\"@oidossucios\" \/>\n<script type=\"application\/ld+json\" class=\"yoast-schema-graph\">{\"@context\":\"https:\/\/schema.org\",\"@graph\":[{\"@type\":\"WebSite\",\"@id\":\"https:\/\/www.oidossucios.com\/site\/#website\",\"url\":\"https:\/\/www.oidossucios.com\/site\/\",\"name\":\"OidosSucios.Com\",\"description\":\"M\\u00fasica, conciertos, discos\",\"potentialAction\":[{\"@type\":\"SearchAction\",\"target\":\"https:\/\/www.oidossucios.com\/site\/?s={search_term_string}\",\"query-input\":\"required name=search_term_string\"}],\"inLanguage\":\"es\"},{\"@type\":\"ImageObject\",\"@id\":\"https:\/\/www.oidossucios.com\/site\/steven-tyler-amenaza-con-demandar-a-aerosmith\/#primaryimage\",\"inLanguage\":\"es\",\"url\":\"https:\/\/www.oidossucios.com\/site\/wp-content\/uploads\/2010\/02\/2430.jpg\",\"width\":350,\"height\":278},{\"@type\":\"WebPage\",\"@id\":\"https:\/\/www.oidossucios.com\/site\/steven-tyler-amenaza-con-demandar-a-aerosmith\/#webpage\",\"url\":\"https:\/\/www.oidossucios.com\/site\/steven-tyler-amenaza-con-demandar-a-aerosmith\/\",\"name\":\"Steven Tyler amenaza con demandar a Aerosmith - OidosSucios.Com\",\"isPartOf\":{\"@id\":\"https:\/\/www.oidossucios.com\/site\/#website\"},\"primaryImageOfPage\":{\"@id\":\"https:\/\/www.oidossucios.com\/site\/steven-tyler-amenaza-con-demandar-a-aerosmith\/#primaryimage\"},\"datePublished\":\"2010-02-03T00:55:00+00:00\",\"dateModified\":\"2010-02-03T00:55:00+00:00\",\"author\":{\"@id\":\"https:\/\/www.oidossucios.com\/site\/#\/schema\/person\/24559eeb76bf83a63296fb072393a688\"},\"description\":\"El vocalista de la agrupaci\\u00f3n ha amenazado con demandar al resto de sus compa\\u00f1eros si insisten en sustituirlo.\",\"inLanguage\":\"es\",\"potentialAction\":[{\"@type\":\"ReadAction\",\"target\":[\"https:\/\/www.oidossucios.com\/site\/steven-tyler-amenaza-con-demandar-a-aerosmith\/\"]}]},{\"@type\":[\"Person\"],\"@id\":\"https:\/\/www.oidossucios.com\/site\/#\/schema\/person\/24559eeb76bf83a63296fb072393a688\",\"name\":\"Oidossucios\",\"image\":{\"@type\":\"ImageObject\",\"@id\":\"https:\/\/www.oidossucios.com\/site\/#personlogo\",\"inLanguage\":\"es\",\"url\":\"https:\/\/secure.gravatar.com\/avatar\/74fcb480f42f1a33e50a0b6e6369a3f907be2e43dc84fa5f76c66e9c22b4a5ab?s=96&d=mm&r=g\",\"caption\":\"Oidossucios\"},\"sameAs\":[\"https:\/\/twitter.com\/oidossucios\"]}]}<\/script>\n<!-- \/ Yoast SEO plugin. -->","jetpack_sharing_enabled":true,"_links":{"self":[{"href":"https:\/\/www.oidossucios.com\/site\/wp-json\/wp\/v2\/posts\/2430","targetHints":{"allow":["GET"]}}],"collection":[{"href":"https:\/\/www.oidossucios.com\/site\/wp-json\/wp\/v2\/posts"}],"about":[{"href":"https:\/\/www.oidossucios.com\/site\/wp-json\/wp\/v2\/types\/post"}],"author":[{"embeddable":true,"href":"https:\/\/www.oidossucios.com\/site\/wp-json\/wp\/v2\/users\/4"}],"replies":[{"embeddable":true,"href":"https:\/\/www.oidossucios.com\/site\/wp-json\/wp\/v2\/comments?post=2430"}],"version-history":[{"count":0,"href":"https:\/\/www.oidossucios.com\/site\/wp-json\/wp\/v2\/posts\/2430\/revisions"}],"wp:featuredmedia":[{"embeddable":true,"href":"https:\/\/www.oidossucios.com\/site\/wp-json\/wp\/v2\/media\/100002430"}],"wp:attachment":[{"href":"https:\/\/www.oidossucios.com\/site\/wp-json\/wp\/v2\/media?parent=2430"}],"wp:term":[{"taxonomy":"category","embeddable":true,"href":"https:\/\/www.oidossucios.com\/site\/wp-json\/wp\/v2\/categories?post=2430"},{"taxonomy":"post_tag","embeddable":true,"href":"https:\/\/www.oidossucios.com\/site\/wp-json\/wp\/v2\/tags?post=2430"}],"curies":[{"name":"wp","href":"https:\/\/api.w.org\/{rel}","templated":true}]}}