{"id":2473,"date":"2010-03-03T04:09:43","date_gmt":"2010-03-03T04:09:43","guid":{"rendered":"https:\/\/www.oidossucios.com\/site\/2010\/03\/03\/metallica-comenzo-2da-etapa-de-gira-latina\/"},"modified":"2010-03-03T04:09:43","modified_gmt":"2010-03-03T04:09:43","slug":"metallica-comenzo-2da-etapa-de-gira-latina","status":"publish","type":"post","link":"https:\/\/www.oidossucios.com\/site\/metallica-comenzo-2da-etapa-de-gira-latina\/","title":{"rendered":"Metallica comenz\u00f3 2da etapa de gira latina"},"content":{"rendered":"<p>Metallica comenz\u00f3 ayer 1 de marzo la segunda etapa de su gira por Latinoam\u00e9rica.<\/p>\n<p>Este primer show lo dieron en el Estadio Tres de Marzo de la ciudad de Guadalajara en M\u00e9xico. <\/p>\n<p>El set-list del concierto fue as\u00ed:<\/p>\n<p>Creeping Death<br \/>For Whom The Bell Tolls<br \/>Through The Never<br \/>The Four Horsemen<br \/>Fade To Black<br \/>That Was Just Your Life<br \/>The End Of The Line<br \/>Sad But True<br \/>Broken, Beat and Scarrd<br \/>The Judas Kiss<br \/>One<br \/>Master Of Puppets<br \/>Battery<br \/>Nothing Else Matters<br \/>Enter Sandman<br \/>&#8211; &#8211; &#8211; &#8211; &#8211; &#8211; &#8211; &#8211;<br \/>Breadfan<br \/>Whiplash<br \/>Seek and Destroy<\/p>\n<p>Sus pr\u00f3ximas paradas ser\u00e1n en Monterrey, Guatemala, Costa Rica y Panam\u00e1.         <\/p>\n","protected":false},"excerpt":{"rendered":"<p>La agrupaci\u00f3n estadounidense comenz\u00f3 ayer 1 de marzo la segunda parte de su gira por latinoam\u00e9rica.<\/p>\n","protected":false},"author":4,"featured_media":0,"comment_status":"open","ping_status":"open","sticky":false,"template":"","format":"standard","meta":{"_jetpack_memberships_contains_paid_content":false,"footnotes":""},"categories":[142],"tags":[],"class_list":["post-2473","post","type-post","status-publish","format-standard","hentry","category-buzznews"],"jetpack_featured_media_url":"","yoast_head":"<!-- This site is optimized with the Yoast SEO plugin v14.0.4 - https:\/\/yoast.com\/wordpress\/plugins\/seo\/ -->\n<title>Metallica comenz\u00f3 2da etapa de gira latina - OidosSucios.Com<\/title>\n<meta name=\"description\" content=\"La agrupaci\u00f3n estadounidense comenz\u00f3 ayer 1 de marzo la segunda parte de su gira por latinoam\u00e9rica.\" \/>\n<meta name=\"robots\" content=\"index, follow\" \/>\n<meta name=\"googlebot\" content=\"index, follow, max-snippet:-1, max-image-preview:large, max-video-preview:-1\" \/>\n<meta name=\"bingbot\" content=\"index, follow, max-snippet:-1, max-image-preview:large, max-video-preview:-1\" \/>\n<link rel=\"canonical\" href=\"https:\/\/www.oidossucios.com\/site\/metallica-comenzo-2da-etapa-de-gira-latina\/\" \/>\n<meta property=\"og:locale\" content=\"es_ES\" \/>\n<meta property=\"og:type\" content=\"article\" \/>\n<meta property=\"og:title\" content=\"Metallica comenz\u00f3 2da etapa de gira latina - OidosSucios.Com\" \/>\n<meta property=\"og:description\" content=\"La agrupaci\u00f3n estadounidense comenz\u00f3 ayer 1 de marzo la segunda parte de su gira por latinoam\u00e9rica.\" \/>\n<meta property=\"og:url\" content=\"https:\/\/www.oidossucios.com\/site\/metallica-comenzo-2da-etapa-de-gira-latina\/\" \/>\n<meta property=\"og:site_name\" content=\"OidosSucios.Com\" \/>\n<meta property=\"article:published_time\" content=\"2010-03-03T04:09:43+00:00\" \/>\n<meta name=\"twitter:card\" content=\"summary_large_image\" \/>\n<meta name=\"twitter:creator\" content=\"@oidossucios\" \/>\n<script type=\"application\/ld+json\" class=\"yoast-schema-graph\">{\"@context\":\"https:\/\/schema.org\",\"@graph\":[{\"@type\":\"WebSite\",\"@id\":\"https:\/\/www.oidossucios.com\/site\/#website\",\"url\":\"https:\/\/www.oidossucios.com\/site\/\",\"name\":\"OidosSucios.Com\",\"description\":\"M\\u00fasica, conciertos, discos\",\"potentialAction\":[{\"@type\":\"SearchAction\",\"target\":\"https:\/\/www.oidossucios.com\/site\/?s={search_term_string}\",\"query-input\":\"required name=search_term_string\"}],\"inLanguage\":\"es\"},{\"@type\":\"WebPage\",\"@id\":\"https:\/\/www.oidossucios.com\/site\/metallica-comenzo-2da-etapa-de-gira-latina\/#webpage\",\"url\":\"https:\/\/www.oidossucios.com\/site\/metallica-comenzo-2da-etapa-de-gira-latina\/\",\"name\":\"Metallica comenz\\u00f3 2da etapa de gira latina - OidosSucios.Com\",\"isPartOf\":{\"@id\":\"https:\/\/www.oidossucios.com\/site\/#website\"},\"datePublished\":\"2010-03-03T04:09:43+00:00\",\"dateModified\":\"2010-03-03T04:09:43+00:00\",\"author\":{\"@id\":\"https:\/\/www.oidossucios.com\/site\/#\/schema\/person\/24559eeb76bf83a63296fb072393a688\"},\"description\":\"La agrupaci\\u00f3n estadounidense comenz\\u00f3 ayer 1 de marzo la segunda parte de su gira por latinoam\\u00e9rica.\",\"inLanguage\":\"es\",\"potentialAction\":[{\"@type\":\"ReadAction\",\"target\":[\"https:\/\/www.oidossucios.com\/site\/metallica-comenzo-2da-etapa-de-gira-latina\/\"]}]},{\"@type\":[\"Person\"],\"@id\":\"https:\/\/www.oidossucios.com\/site\/#\/schema\/person\/24559eeb76bf83a63296fb072393a688\",\"name\":\"Oidossucios\",\"image\":{\"@type\":\"ImageObject\",\"@id\":\"https:\/\/www.oidossucios.com\/site\/#personlogo\",\"inLanguage\":\"es\",\"url\":\"https:\/\/secure.gravatar.com\/avatar\/74fcb480f42f1a33e50a0b6e6369a3f907be2e43dc84fa5f76c66e9c22b4a5ab?s=96&d=mm&r=g\",\"caption\":\"Oidossucios\"},\"sameAs\":[\"https:\/\/twitter.com\/oidossucios\"]}]}<\/script>\n<!-- \/ Yoast SEO plugin. -->","jetpack_sharing_enabled":true,"_links":{"self":[{"href":"https:\/\/www.oidossucios.com\/site\/wp-json\/wp\/v2\/posts\/2473","targetHints":{"allow":["GET"]}}],"collection":[{"href":"https:\/\/www.oidossucios.com\/site\/wp-json\/wp\/v2\/posts"}],"about":[{"href":"https:\/\/www.oidossucios.com\/site\/wp-json\/wp\/v2\/types\/post"}],"author":[{"embeddable":true,"href":"https:\/\/www.oidossucios.com\/site\/wp-json\/wp\/v2\/users\/4"}],"replies":[{"embeddable":true,"href":"https:\/\/www.oidossucios.com\/site\/wp-json\/wp\/v2\/comments?post=2473"}],"version-history":[{"count":0,"href":"https:\/\/www.oidossucios.com\/site\/wp-json\/wp\/v2\/posts\/2473\/revisions"}],"wp:attachment":[{"href":"https:\/\/www.oidossucios.com\/site\/wp-json\/wp\/v2\/media?parent=2473"}],"wp:term":[{"taxonomy":"category","embeddable":true,"href":"https:\/\/www.oidossucios.com\/site\/wp-json\/wp\/v2\/categories?post=2473"},{"taxonomy":"post_tag","embeddable":true,"href":"https:\/\/www.oidossucios.com\/site\/wp-json\/wp\/v2\/tags?post=2473"}],"curies":[{"name":"wp","href":"https:\/\/api.w.org\/{rel}","templated":true}]}}