{"id":2480,"date":"2010-03-05T03:30:00","date_gmt":"2010-03-05T03:30:00","guid":{"rendered":"https:\/\/www.oidossucios.com\/site\/2010\/03\/05\/famasloop-y-viniloversus-abriran-el-show-de-franz-ferdinand\/"},"modified":"2010-03-05T03:30:00","modified_gmt":"2010-03-05T03:30:00","slug":"famasloop-y-viniloversus-abriran-el-show-de-franz-ferdinand","status":"publish","type":"post","link":"https:\/\/www.oidossucios.com\/site\/famasloop-y-viniloversus-abriran-el-show-de-franz-ferdinand\/","title":{"rendered":"Famasloop y Viniloversus abrir\u00e1n el show de Franz Ferdinand"},"content":{"rendered":"<p>Water Brother confirm\u00f3 las actuaciones de las bandas venezolanas Famasloop y Viniloversus en el concierto de Franz Ferdinand a realizarse el&nbsp; pr\u00f3ximo 25 de marzo en el Anfiteatro del Sambil.<\/p>\n<p>Famasloop, liderados por Alain Garc\u00eda y Rafael Urbina, se encuentran actualmente en la promoci\u00f3n de su segundo \u00e1lbum &#8220;Casa 4&#8221;, producido por el reconocido productor argentino Twitty Gonzalez (Soda Stereo y Gustavo Cerati). De este disco se destaca el tema &#8220;Al Rev\u00e9s&#8221;, cuyo video clip logr\u00f3 entrar en los 10 + Pedidos de MTV y su actual sencillo promocional &#8220;Nada Que ver&#8221; se encuentra rotando en las emisoras del target a nivel nacional. <\/p>\n<p>Vinoloversus, conformada por Rodrigo Gons\u00e1lves (guitarra y voz), Juan V\u00edctor Belisario (bajo), Adri\u00e1n Salas (bajo) y Orlando Mart\u00ednez (bater\u00eda), est\u00e1n por lanzar oficialmente su segundo trabajo. Estas dos bandas han traspasado las fronteras de Venezuela realizando conciertos en pa\u00edses como Estados Unidos, Argentina, M\u00e9xico y Espa\u00f1a.<\/p>\n<p>La banda escocesa Franz Ferdinand visitar\u00e1 nuestro pa\u00eds en el marco de su gira latinoamericana, visitando Argentina, Brasil, Colombia, Per\u00fa y Paraguay. <\/p>\n<p>Las entradas para este concierto pueden ser adquiridas en Tecniciencias Libros El Sambil, tiendas Esperanto del San Ignacio y el Tol\u00f3n, y a trav\u00e9s de TuTicket.Com.<\/p>\n<p><\/p>\n","protected":false},"excerpt":{"rendered":"<p>Water Brother confirm\u00f3 las actuaciones de las dos bandas venezolanas en el concierto del pr\u00f3ximo 25 de marzo en el Anfiteatro del Sambil<\/p>\n","protected":false},"author":4,"featured_media":100002480,"comment_status":"open","ping_status":"open","sticky":false,"template":"","format":"standard","meta":{"_jetpack_memberships_contains_paid_content":false,"footnotes":""},"categories":[250],"tags":[],"class_list":["post-2480","post","type-post","status-publish","format-standard","has-post-thumbnail","hentry","category-noticias"],"jetpack_featured_media_url":"https:\/\/www.oidossucios.com\/site\/wp-content\/uploads\/2010\/03\/2480.jpg","yoast_head":"<!-- This site is optimized with the Yoast SEO plugin v14.0.4 - https:\/\/yoast.com\/wordpress\/plugins\/seo\/ -->\n<title>Famasloop y Viniloversus abrir\u00e1n el show de Franz Ferdinand - OidosSucios.Com<\/title>\n<meta name=\"description\" content=\"Water Brother confirm\u00f3 las actuaciones de las dos bandas venezolanas en el concierto del pr\u00f3ximo 25 de marzo en el Anfiteatro del Sambil\" \/>\n<meta name=\"robots\" content=\"index, follow\" \/>\n<meta name=\"googlebot\" content=\"index, follow, max-snippet:-1, max-image-preview:large, max-video-preview:-1\" \/>\n<meta name=\"bingbot\" content=\"index, follow, max-snippet:-1, max-image-preview:large, max-video-preview:-1\" \/>\n<link rel=\"canonical\" href=\"https:\/\/www.oidossucios.com\/site\/famasloop-y-viniloversus-abriran-el-show-de-franz-ferdinand\/\" \/>\n<meta property=\"og:locale\" content=\"es_ES\" \/>\n<meta property=\"og:type\" content=\"article\" \/>\n<meta property=\"og:title\" content=\"Famasloop y Viniloversus abrir\u00e1n el show de Franz Ferdinand - OidosSucios.Com\" \/>\n<meta property=\"og:description\" content=\"Water Brother confirm\u00f3 las actuaciones de las dos bandas venezolanas en el concierto del pr\u00f3ximo 25 de marzo en el Anfiteatro del Sambil\" \/>\n<meta property=\"og:url\" content=\"https:\/\/www.oidossucios.com\/site\/famasloop-y-viniloversus-abriran-el-show-de-franz-ferdinand\/\" \/>\n<meta property=\"og:site_name\" content=\"OidosSucios.Com\" \/>\n<meta property=\"article:published_time\" content=\"2010-03-05T03:30:00+00:00\" \/>\n<meta property=\"og:image\" content=\"https:\/\/www.oidossucios.com\/site\/wp-content\/uploads\/2010\/03\/2480.jpg\" \/>\n\t<meta property=\"og:image:width\" content=\"350\" \/>\n\t<meta property=\"og:image:height\" content=\"250\" \/>\n<meta name=\"twitter:card\" content=\"summary_large_image\" \/>\n<meta name=\"twitter:creator\" content=\"@oidossucios\" \/>\n<script type=\"application\/ld+json\" class=\"yoast-schema-graph\">{\"@context\":\"https:\/\/schema.org\",\"@graph\":[{\"@type\":\"WebSite\",\"@id\":\"https:\/\/www.oidossucios.com\/site\/#website\",\"url\":\"https:\/\/www.oidossucios.com\/site\/\",\"name\":\"OidosSucios.Com\",\"description\":\"M\\u00fasica, conciertos, discos\",\"potentialAction\":[{\"@type\":\"SearchAction\",\"target\":\"https:\/\/www.oidossucios.com\/site\/?s={search_term_string}\",\"query-input\":\"required name=search_term_string\"}],\"inLanguage\":\"es\"},{\"@type\":\"ImageObject\",\"@id\":\"https:\/\/www.oidossucios.com\/site\/famasloop-y-viniloversus-abriran-el-show-de-franz-ferdinand\/#primaryimage\",\"inLanguage\":\"es\",\"url\":\"https:\/\/www.oidossucios.com\/site\/wp-content\/uploads\/2010\/03\/2480.jpg\",\"width\":350,\"height\":250},{\"@type\":\"WebPage\",\"@id\":\"https:\/\/www.oidossucios.com\/site\/famasloop-y-viniloversus-abriran-el-show-de-franz-ferdinand\/#webpage\",\"url\":\"https:\/\/www.oidossucios.com\/site\/famasloop-y-viniloversus-abriran-el-show-de-franz-ferdinand\/\",\"name\":\"Famasloop y Viniloversus abrir\\u00e1n el show de Franz Ferdinand - OidosSucios.Com\",\"isPartOf\":{\"@id\":\"https:\/\/www.oidossucios.com\/site\/#website\"},\"primaryImageOfPage\":{\"@id\":\"https:\/\/www.oidossucios.com\/site\/famasloop-y-viniloversus-abriran-el-show-de-franz-ferdinand\/#primaryimage\"},\"datePublished\":\"2010-03-05T03:30:00+00:00\",\"dateModified\":\"2010-03-05T03:30:00+00:00\",\"author\":{\"@id\":\"https:\/\/www.oidossucios.com\/site\/#\/schema\/person\/24559eeb76bf83a63296fb072393a688\"},\"description\":\"Water Brother confirm\\u00f3 las actuaciones de las dos bandas venezolanas en el concierto del pr\\u00f3ximo 25 de marzo en el Anfiteatro del Sambil\",\"inLanguage\":\"es\",\"potentialAction\":[{\"@type\":\"ReadAction\",\"target\":[\"https:\/\/www.oidossucios.com\/site\/famasloop-y-viniloversus-abriran-el-show-de-franz-ferdinand\/\"]}]},{\"@type\":[\"Person\"],\"@id\":\"https:\/\/www.oidossucios.com\/site\/#\/schema\/person\/24559eeb76bf83a63296fb072393a688\",\"name\":\"Oidossucios\",\"image\":{\"@type\":\"ImageObject\",\"@id\":\"https:\/\/www.oidossucios.com\/site\/#personlogo\",\"inLanguage\":\"es\",\"url\":\"https:\/\/secure.gravatar.com\/avatar\/74fcb480f42f1a33e50a0b6e6369a3f907be2e43dc84fa5f76c66e9c22b4a5ab?s=96&d=mm&r=g\",\"caption\":\"Oidossucios\"},\"sameAs\":[\"https:\/\/twitter.com\/oidossucios\"]}]}<\/script>\n<!-- \/ Yoast SEO plugin. -->","jetpack_sharing_enabled":true,"_links":{"self":[{"href":"https:\/\/www.oidossucios.com\/site\/wp-json\/wp\/v2\/posts\/2480","targetHints":{"allow":["GET"]}}],"collection":[{"href":"https:\/\/www.oidossucios.com\/site\/wp-json\/wp\/v2\/posts"}],"about":[{"href":"https:\/\/www.oidossucios.com\/site\/wp-json\/wp\/v2\/types\/post"}],"author":[{"embeddable":true,"href":"https:\/\/www.oidossucios.com\/site\/wp-json\/wp\/v2\/users\/4"}],"replies":[{"embeddable":true,"href":"https:\/\/www.oidossucios.com\/site\/wp-json\/wp\/v2\/comments?post=2480"}],"version-history":[{"count":0,"href":"https:\/\/www.oidossucios.com\/site\/wp-json\/wp\/v2\/posts\/2480\/revisions"}],"wp:featuredmedia":[{"embeddable":true,"href":"https:\/\/www.oidossucios.com\/site\/wp-json\/wp\/v2\/media\/100002480"}],"wp:attachment":[{"href":"https:\/\/www.oidossucios.com\/site\/wp-json\/wp\/v2\/media?parent=2480"}],"wp:term":[{"taxonomy":"category","embeddable":true,"href":"https:\/\/www.oidossucios.com\/site\/wp-json\/wp\/v2\/categories?post=2480"},{"taxonomy":"post_tag","embeddable":true,"href":"https:\/\/www.oidossucios.com\/site\/wp-json\/wp\/v2\/tags?post=2480"}],"curies":[{"name":"wp","href":"https:\/\/api.w.org\/{rel}","templated":true}]}}