{"id":2498,"date":"2010-03-11T17:52:00","date_gmt":"2010-03-11T17:52:00","guid":{"rendered":"https:\/\/www.oidossucios.com\/site\/2010\/03\/11\/todo-listo-para-stick-men-en-caracas\/"},"modified":"2010-03-11T17:52:00","modified_gmt":"2010-03-11T17:52:00","slug":"todo-listo-para-stick-men-en-caracas","status":"publish","type":"post","link":"https:\/\/www.oidossucios.com\/site\/todo-listo-para-stick-men-en-caracas\/","title":{"rendered":"Todo listo para Stick Men en Caracas"},"content":{"rendered":"<p>El tr\u00edo liderado por el bajista y exponente del Chapman Stick, Tony Levin (Peter Gabriel, King Crimson, Pink Floyd, Yes, John Lennon), llegar\u00e1 a nuestro pa\u00eds este domingo 14 de marzo, como parada final de la gira por siete ciudades de Latinoam\u00e9rica. El Centro Cultural Corp Banca ya est\u00e1 preparado para recibir al proyecto de virtuosos que completan Pat Mastelotto en la bater\u00eda y Michael Bernier en el Chapman Stick. <\/p>\n<p>Tony Levin publica en su website www.papabear.com su diario, y el comienzo de su gira por Latinoam\u00e9rica no es la excepci\u00f3n. Algunas de sus entradas sobre sus conciertos en ciudades latinas han sido:<\/p>\n<p>&#8220;Marzo 2, M\u00e9xico: Es el comienzo de la gira Latinoamericana, y va a ser emocionante&#8230;.en el hotel coincidimos con Styx y REO Speedwagon, as\u00ed que tenemos una especie de convenci\u00f3n de rock. <\/p>\n<p>Marzo 3, Mexico: Grandes problemas con nuestro show en Chile&#8230; cuando ocurre algo como el terremoto, t\u00fa quieres llegar y conectarte con la gente. Esta es una rara oportunidad, con el concierto una semana despu\u00e9s del terremoto, de al menos compartir algo de m\u00fasica&#8230;. s\u00e9 que gente con tickets est\u00e1 pendiente de la p\u00e1gina. Logramos encontrar vuelos a Santiago, as\u00ed que estoy muy feliz.<\/p>\n<p>Marzo 4, Mexico: Los dos shows en Ciudad de M\u00e9xico fueron grandiosos, maravillosa audiencia, y nos estremece estar aqu\u00ed con nuestra m\u00fasica&#8221;.<\/p>\n<p>Las entradas para disfrutar de Stick Men tienen un precio \u00fanico de Bs.F 580 y est\u00e1n a la venta en www.profitproducciones.com, en las taquillas del Centro Cultural Corp Banca, en los stand de Ticketmundo del C.C paseo El Hatillo y Tol\u00f3n, y en www.ticketmundo.com.<span style=\"font-weight: bold;\"><br \/> <\/span><\/p>\n","protected":false},"excerpt":{"rendered":"<p>El tr\u00edo liderado por el bajista Tony Levin se presentar\u00e1 este domingo 14 de marzo en el Centro Cultural Corp Banca<\/p>\n","protected":false},"author":4,"featured_media":100002498,"comment_status":"open","ping_status":"open","sticky":false,"template":"","format":"standard","meta":{"_jetpack_memberships_contains_paid_content":false,"footnotes":""},"categories":[250],"tags":[],"class_list":["post-2498","post","type-post","status-publish","format-standard","has-post-thumbnail","hentry","category-noticias"],"jetpack_featured_media_url":"https:\/\/www.oidossucios.com\/site\/wp-content\/uploads\/2010\/03\/2498.jpg","yoast_head":"<!-- This site is optimized with the Yoast SEO plugin v14.0.4 - https:\/\/yoast.com\/wordpress\/plugins\/seo\/ -->\n<title>Todo listo para Stick Men en Caracas - OidosSucios.Com<\/title>\n<meta name=\"description\" content=\"El tr\u00edo liderado por el bajista Tony Levin se presentar\u00e1 este domingo 14 de marzo en el Centro Cultural Corp Banca\" \/>\n<meta name=\"robots\" content=\"index, follow\" \/>\n<meta name=\"googlebot\" content=\"index, follow, max-snippet:-1, max-image-preview:large, max-video-preview:-1\" \/>\n<meta name=\"bingbot\" content=\"index, follow, max-snippet:-1, max-image-preview:large, max-video-preview:-1\" \/>\n<link rel=\"canonical\" href=\"https:\/\/www.oidossucios.com\/site\/todo-listo-para-stick-men-en-caracas\/\" \/>\n<meta property=\"og:locale\" content=\"es_ES\" \/>\n<meta property=\"og:type\" content=\"article\" \/>\n<meta property=\"og:title\" content=\"Todo listo para Stick Men en Caracas - OidosSucios.Com\" \/>\n<meta property=\"og:description\" content=\"El tr\u00edo liderado por el bajista Tony Levin se presentar\u00e1 este domingo 14 de marzo en el Centro Cultural Corp Banca\" \/>\n<meta property=\"og:url\" content=\"https:\/\/www.oidossucios.com\/site\/todo-listo-para-stick-men-en-caracas\/\" \/>\n<meta property=\"og:site_name\" content=\"OidosSucios.Com\" \/>\n<meta property=\"article:published_time\" content=\"2010-03-11T17:52:00+00:00\" \/>\n<meta property=\"og:image\" content=\"https:\/\/www.oidossucios.com\/site\/wp-content\/uploads\/2010\/03\/2498.jpg\" \/>\n\t<meta property=\"og:image:width\" content=\"350\" \/>\n\t<meta property=\"og:image:height\" content=\"250\" \/>\n<meta name=\"twitter:card\" content=\"summary_large_image\" \/>\n<meta name=\"twitter:creator\" content=\"@oidossucios\" \/>\n<script type=\"application\/ld+json\" class=\"yoast-schema-graph\">{\"@context\":\"https:\/\/schema.org\",\"@graph\":[{\"@type\":\"WebSite\",\"@id\":\"https:\/\/www.oidossucios.com\/site\/#website\",\"url\":\"https:\/\/www.oidossucios.com\/site\/\",\"name\":\"OidosSucios.Com\",\"description\":\"M\\u00fasica, conciertos, discos\",\"potentialAction\":[{\"@type\":\"SearchAction\",\"target\":\"https:\/\/www.oidossucios.com\/site\/?s={search_term_string}\",\"query-input\":\"required name=search_term_string\"}],\"inLanguage\":\"es\"},{\"@type\":\"ImageObject\",\"@id\":\"https:\/\/www.oidossucios.com\/site\/todo-listo-para-stick-men-en-caracas\/#primaryimage\",\"inLanguage\":\"es\",\"url\":\"https:\/\/www.oidossucios.com\/site\/wp-content\/uploads\/2010\/03\/2498.jpg\",\"width\":350,\"height\":250},{\"@type\":\"WebPage\",\"@id\":\"https:\/\/www.oidossucios.com\/site\/todo-listo-para-stick-men-en-caracas\/#webpage\",\"url\":\"https:\/\/www.oidossucios.com\/site\/todo-listo-para-stick-men-en-caracas\/\",\"name\":\"Todo listo para Stick Men en Caracas - OidosSucios.Com\",\"isPartOf\":{\"@id\":\"https:\/\/www.oidossucios.com\/site\/#website\"},\"primaryImageOfPage\":{\"@id\":\"https:\/\/www.oidossucios.com\/site\/todo-listo-para-stick-men-en-caracas\/#primaryimage\"},\"datePublished\":\"2010-03-11T17:52:00+00:00\",\"dateModified\":\"2010-03-11T17:52:00+00:00\",\"author\":{\"@id\":\"https:\/\/www.oidossucios.com\/site\/#\/schema\/person\/24559eeb76bf83a63296fb072393a688\"},\"description\":\"El tr\\u00edo liderado por el bajista Tony Levin se presentar\\u00e1 este domingo 14 de marzo en el Centro Cultural Corp Banca\",\"inLanguage\":\"es\",\"potentialAction\":[{\"@type\":\"ReadAction\",\"target\":[\"https:\/\/www.oidossucios.com\/site\/todo-listo-para-stick-men-en-caracas\/\"]}]},{\"@type\":[\"Person\"],\"@id\":\"https:\/\/www.oidossucios.com\/site\/#\/schema\/person\/24559eeb76bf83a63296fb072393a688\",\"name\":\"Oidossucios\",\"image\":{\"@type\":\"ImageObject\",\"@id\":\"https:\/\/www.oidossucios.com\/site\/#personlogo\",\"inLanguage\":\"es\",\"url\":\"https:\/\/secure.gravatar.com\/avatar\/74fcb480f42f1a33e50a0b6e6369a3f907be2e43dc84fa5f76c66e9c22b4a5ab?s=96&d=mm&r=g\",\"caption\":\"Oidossucios\"},\"sameAs\":[\"https:\/\/twitter.com\/oidossucios\"]}]}<\/script>\n<!-- \/ Yoast SEO plugin. -->","jetpack_sharing_enabled":true,"_links":{"self":[{"href":"https:\/\/www.oidossucios.com\/site\/wp-json\/wp\/v2\/posts\/2498","targetHints":{"allow":["GET"]}}],"collection":[{"href":"https:\/\/www.oidossucios.com\/site\/wp-json\/wp\/v2\/posts"}],"about":[{"href":"https:\/\/www.oidossucios.com\/site\/wp-json\/wp\/v2\/types\/post"}],"author":[{"embeddable":true,"href":"https:\/\/www.oidossucios.com\/site\/wp-json\/wp\/v2\/users\/4"}],"replies":[{"embeddable":true,"href":"https:\/\/www.oidossucios.com\/site\/wp-json\/wp\/v2\/comments?post=2498"}],"version-history":[{"count":0,"href":"https:\/\/www.oidossucios.com\/site\/wp-json\/wp\/v2\/posts\/2498\/revisions"}],"wp:featuredmedia":[{"embeddable":true,"href":"https:\/\/www.oidossucios.com\/site\/wp-json\/wp\/v2\/media\/100002498"}],"wp:attachment":[{"href":"https:\/\/www.oidossucios.com\/site\/wp-json\/wp\/v2\/media?parent=2498"}],"wp:term":[{"taxonomy":"category","embeddable":true,"href":"https:\/\/www.oidossucios.com\/site\/wp-json\/wp\/v2\/categories?post=2498"},{"taxonomy":"post_tag","embeddable":true,"href":"https:\/\/www.oidossucios.com\/site\/wp-json\/wp\/v2\/tags?post=2498"}],"curies":[{"name":"wp","href":"https:\/\/api.w.org\/{rel}","templated":true}]}}