{"id":2509,"date":"2010-03-16T16:37:00","date_gmt":"2010-03-16T16:37:00","guid":{"rendered":"https:\/\/www.oidossucios.com\/site\/2010\/03\/16\/los-mesoneros-estrenan-el-incredulo\/"},"modified":"2010-03-16T16:37:00","modified_gmt":"2010-03-16T16:37:00","slug":"los-mesoneros-estrenan-el-incredulo","status":"publish","type":"post","link":"https:\/\/www.oidossucios.com\/site\/los-mesoneros-estrenan-el-incredulo\/","title":{"rendered":"Los Mesoneros estrenan &#8220;El incr\u00e9dulo&#8221;"},"content":{"rendered":"<p>La banda caraque\u00f1a Los Mesoneros estrenar\u00e1 su nuevo sencillo titulado &#8220;El incr\u00e9dulo&#8221;, impregnado de su gracia indie rock que los ha hecho reconocibles en tan poco tiempo.<\/p>\n<p>Luego de conseguir el primer lugar en el Festival Intercolegial Nuevas Bandas y el Festival Washingstock en 2008, esta agrupaci\u00f3n no solo logr\u00f3 ganar nuevos seguidores, sino que logr\u00f3 posicionarse como una de las bandas nacionales que demuestra que el futuro de la m\u00fasica nacional est\u00e1 en buenas manos. <\/p>\n<p>Este quinteto integrado por Luis Jim\u00e9nez (guitarra y voz l\u00edder), Andr\u00e9s Belloso (bajo), Andr\u00e9s Sucre (bater\u00eda), Juan Ignacio Sucre (guitarra y coros) y Carlos Sardi (teclados) se dedic\u00f3 gran parte del a\u00f1o pasado a dar a conocer su m\u00fasica en conciertos en los mejores colegios y locales de la capital. A la par, sus integrantes comenzaron la grabaci\u00f3n de su primer EP en los Estudios Remoto (Caracas), bajo la producci\u00f3n de Gustavo Casas (a.k.a. G2), vocalista y guitarrista de la agrupaci\u00f3n Wahala.&nbsp; <\/p>\n<p>Meses de trabajo en 2009 entregan finalmente este nuevo sencillo titulado &#8220;El incr\u00e9dulo&#8221;, que&nbsp; junto a &#8220;No puedes ver&#8221;, &#8220;Miedo y ficci\u00f3n&#8221;, &#8220;Ciclos&#8221; y &#8220;Lo que sol\u00eda importar&#8221;, da una peque\u00f1a muestra de lo que ser\u00e1 la primera producci\u00f3n de esta banda caraque\u00f1a.<\/p>\n<p>Para m\u00e1s informaci\u00f3n, visita:<\/p>\n<p>www.myspace.com\/losmesoneros&nbsp; <\/p>\n","protected":false},"excerpt":{"rendered":"<p>El quinteto caraque\u00f1o presenta su nuevo tema como una peque\u00f1a muestra de lo que ser\u00e1 su primera producci\u00f3n discogr\u00e1fica<\/p>\n","protected":false},"author":4,"featured_media":100002509,"comment_status":"open","ping_status":"open","sticky":false,"template":"","format":"standard","meta":{"_jetpack_memberships_contains_paid_content":false,"footnotes":""},"categories":[250],"tags":[],"class_list":["post-2509","post","type-post","status-publish","format-standard","has-post-thumbnail","hentry","category-noticias"],"jetpack_featured_media_url":"https:\/\/www.oidossucios.com\/site\/wp-content\/uploads\/2010\/03\/2509.jpg","yoast_head":"<!-- This site is optimized with the Yoast SEO plugin v14.0.4 - https:\/\/yoast.com\/wordpress\/plugins\/seo\/ -->\n<title>Los Mesoneros estrenan &quot;El incr\u00e9dulo&quot; - OidosSucios.Com<\/title>\n<meta name=\"description\" content=\"El quinteto caraque\u00f1o presenta su nuevo tema como una peque\u00f1a muestra de lo que ser\u00e1 su primera producci\u00f3n discogr\u00e1fica\" \/>\n<meta name=\"robots\" content=\"index, follow\" \/>\n<meta name=\"googlebot\" content=\"index, follow, max-snippet:-1, max-image-preview:large, max-video-preview:-1\" \/>\n<meta name=\"bingbot\" content=\"index, follow, max-snippet:-1, max-image-preview:large, max-video-preview:-1\" \/>\n<link rel=\"canonical\" href=\"https:\/\/www.oidossucios.com\/site\/los-mesoneros-estrenan-el-incredulo\/\" \/>\n<meta property=\"og:locale\" content=\"es_ES\" \/>\n<meta property=\"og:type\" content=\"article\" \/>\n<meta property=\"og:title\" content=\"Los Mesoneros estrenan &quot;El incr\u00e9dulo&quot; - OidosSucios.Com\" \/>\n<meta property=\"og:description\" content=\"El quinteto caraque\u00f1o presenta su nuevo tema como una peque\u00f1a muestra de lo que ser\u00e1 su primera producci\u00f3n discogr\u00e1fica\" \/>\n<meta property=\"og:url\" content=\"https:\/\/www.oidossucios.com\/site\/los-mesoneros-estrenan-el-incredulo\/\" \/>\n<meta property=\"og:site_name\" content=\"OidosSucios.Com\" \/>\n<meta property=\"article:published_time\" content=\"2010-03-16T16:37:00+00:00\" \/>\n<meta property=\"og:image\" content=\"https:\/\/www.oidossucios.com\/site\/wp-content\/uploads\/2010\/03\/2509.jpg\" \/>\n\t<meta property=\"og:image:width\" content=\"350\" \/>\n\t<meta property=\"og:image:height\" content=\"250\" \/>\n<meta name=\"twitter:card\" content=\"summary_large_image\" \/>\n<meta name=\"twitter:creator\" content=\"@oidossucios\" \/>\n<script type=\"application\/ld+json\" class=\"yoast-schema-graph\">{\"@context\":\"https:\/\/schema.org\",\"@graph\":[{\"@type\":\"WebSite\",\"@id\":\"https:\/\/www.oidossucios.com\/site\/#website\",\"url\":\"https:\/\/www.oidossucios.com\/site\/\",\"name\":\"OidosSucios.Com\",\"description\":\"M\\u00fasica, conciertos, discos\",\"potentialAction\":[{\"@type\":\"SearchAction\",\"target\":\"https:\/\/www.oidossucios.com\/site\/?s={search_term_string}\",\"query-input\":\"required name=search_term_string\"}],\"inLanguage\":\"es\"},{\"@type\":\"ImageObject\",\"@id\":\"https:\/\/www.oidossucios.com\/site\/los-mesoneros-estrenan-el-incredulo\/#primaryimage\",\"inLanguage\":\"es\",\"url\":\"https:\/\/www.oidossucios.com\/site\/wp-content\/uploads\/2010\/03\/2509.jpg\",\"width\":350,\"height\":250},{\"@type\":\"WebPage\",\"@id\":\"https:\/\/www.oidossucios.com\/site\/los-mesoneros-estrenan-el-incredulo\/#webpage\",\"url\":\"https:\/\/www.oidossucios.com\/site\/los-mesoneros-estrenan-el-incredulo\/\",\"name\":\"Los Mesoneros estrenan \\\"El incr\\u00e9dulo\\\" - OidosSucios.Com\",\"isPartOf\":{\"@id\":\"https:\/\/www.oidossucios.com\/site\/#website\"},\"primaryImageOfPage\":{\"@id\":\"https:\/\/www.oidossucios.com\/site\/los-mesoneros-estrenan-el-incredulo\/#primaryimage\"},\"datePublished\":\"2010-03-16T16:37:00+00:00\",\"dateModified\":\"2010-03-16T16:37:00+00:00\",\"author\":{\"@id\":\"https:\/\/www.oidossucios.com\/site\/#\/schema\/person\/24559eeb76bf83a63296fb072393a688\"},\"description\":\"El quinteto caraque\\u00f1o presenta su nuevo tema como una peque\\u00f1a muestra de lo que ser\\u00e1 su primera producci\\u00f3n discogr\\u00e1fica\",\"inLanguage\":\"es\",\"potentialAction\":[{\"@type\":\"ReadAction\",\"target\":[\"https:\/\/www.oidossucios.com\/site\/los-mesoneros-estrenan-el-incredulo\/\"]}]},{\"@type\":[\"Person\"],\"@id\":\"https:\/\/www.oidossucios.com\/site\/#\/schema\/person\/24559eeb76bf83a63296fb072393a688\",\"name\":\"Oidossucios\",\"image\":{\"@type\":\"ImageObject\",\"@id\":\"https:\/\/www.oidossucios.com\/site\/#personlogo\",\"inLanguage\":\"es\",\"url\":\"https:\/\/secure.gravatar.com\/avatar\/74fcb480f42f1a33e50a0b6e6369a3f907be2e43dc84fa5f76c66e9c22b4a5ab?s=96&d=mm&r=g\",\"caption\":\"Oidossucios\"},\"sameAs\":[\"https:\/\/twitter.com\/oidossucios\"]}]}<\/script>\n<!-- \/ Yoast SEO plugin. -->","jetpack_sharing_enabled":true,"_links":{"self":[{"href":"https:\/\/www.oidossucios.com\/site\/wp-json\/wp\/v2\/posts\/2509","targetHints":{"allow":["GET"]}}],"collection":[{"href":"https:\/\/www.oidossucios.com\/site\/wp-json\/wp\/v2\/posts"}],"about":[{"href":"https:\/\/www.oidossucios.com\/site\/wp-json\/wp\/v2\/types\/post"}],"author":[{"embeddable":true,"href":"https:\/\/www.oidossucios.com\/site\/wp-json\/wp\/v2\/users\/4"}],"replies":[{"embeddable":true,"href":"https:\/\/www.oidossucios.com\/site\/wp-json\/wp\/v2\/comments?post=2509"}],"version-history":[{"count":0,"href":"https:\/\/www.oidossucios.com\/site\/wp-json\/wp\/v2\/posts\/2509\/revisions"}],"wp:featuredmedia":[{"embeddable":true,"href":"https:\/\/www.oidossucios.com\/site\/wp-json\/wp\/v2\/media\/100002509"}],"wp:attachment":[{"href":"https:\/\/www.oidossucios.com\/site\/wp-json\/wp\/v2\/media?parent=2509"}],"wp:term":[{"taxonomy":"category","embeddable":true,"href":"https:\/\/www.oidossucios.com\/site\/wp-json\/wp\/v2\/categories?post=2509"},{"taxonomy":"post_tag","embeddable":true,"href":"https:\/\/www.oidossucios.com\/site\/wp-json\/wp\/v2\/tags?post=2509"}],"curies":[{"name":"wp","href":"https:\/\/api.w.org\/{rel}","templated":true}]}}