{"id":2511,"date":"2010-03-17T03:29:00","date_gmt":"2010-03-17T03:29:00","guid":{"rendered":"https:\/\/www.oidossucios.com\/site\/2010\/03\/17\/reprograman-festival-kikiriwiki-2010\/"},"modified":"2010-03-17T03:29:00","modified_gmt":"2010-03-17T03:29:00","slug":"reprograman-festival-kikiriwiki-2010","status":"publish","type":"post","link":"https:\/\/www.oidossucios.com\/site\/reprograman-festival-kikiriwiki-2010\/","title":{"rendered":"Reprograman Festival Kikiriwiki 2010"},"content":{"rendered":"<p>Los organizadores del Festival de Bandas Kikiriwiki 2010 anunciaron que el mismo ser\u00e1 reprogramado para el trimestre abril-julio del presente a\u00f1o. Este evento ten\u00eda planificado realizarse el viernes 19 de marzo en el estacionamiento del Estadio de F\u00fatbol de la Universidad Sim\u00f3n Bol\u00edvar, con la participaci\u00f3n de bandas como Charlie Papa, The Asbestos, ViniloVersus y La Vida Boheme.<\/p>\n<p>Las autoridades de la Universidad Sim\u00f3n Bol\u00edvar, en vista de las deficiencias en la prestaci\u00f3n de servicios b\u00e1sicos asociados al d\u00e9ficit presupuestario y a v\u00edsperas de la Prueba de Admisi\u00f3n de Carreras Cortas a realizarse el 20 de marzo de 2010, consideraron necesario reprogramar este festival para garantizar la seguridad de dicha prueba.<\/p>\n<p><\/p>\n","protected":false},"excerpt":{"rendered":"<p>Los organizadores del evento anunciaron que el mismo ser\u00e1 reprogramado para el trimestre abril-julio del presente a\u00f1o<\/p>\n","protected":false},"author":4,"featured_media":100002511,"comment_status":"open","ping_status":"open","sticky":false,"template":"","format":"standard","meta":{"_jetpack_memberships_contains_paid_content":false,"footnotes":""},"categories":[250],"tags":[],"class_list":["post-2511","post","type-post","status-publish","format-standard","has-post-thumbnail","hentry","category-noticias"],"jetpack_featured_media_url":"https:\/\/www.oidossucios.com\/site\/wp-content\/uploads\/2010\/03\/2511.jpg","yoast_head":"<!-- This site is optimized with the Yoast SEO plugin v14.0.4 - https:\/\/yoast.com\/wordpress\/plugins\/seo\/ -->\n<title>Reprograman Festival Kikiriwiki 2010 - OidosSucios.Com<\/title>\n<meta name=\"description\" content=\"Los organizadores del evento anunciaron que el mismo ser\u00e1 reprogramado para el trimestre abril-julio del presente a\u00f1o\" \/>\n<meta name=\"robots\" content=\"index, follow\" \/>\n<meta name=\"googlebot\" content=\"index, follow, max-snippet:-1, max-image-preview:large, max-video-preview:-1\" \/>\n<meta name=\"bingbot\" content=\"index, follow, max-snippet:-1, max-image-preview:large, max-video-preview:-1\" \/>\n<link rel=\"canonical\" href=\"https:\/\/www.oidossucios.com\/site\/reprograman-festival-kikiriwiki-2010\/\" \/>\n<meta property=\"og:locale\" content=\"es_ES\" \/>\n<meta property=\"og:type\" content=\"article\" \/>\n<meta property=\"og:title\" content=\"Reprograman Festival Kikiriwiki 2010 - OidosSucios.Com\" \/>\n<meta property=\"og:description\" content=\"Los organizadores del evento anunciaron que el mismo ser\u00e1 reprogramado para el trimestre abril-julio del presente a\u00f1o\" \/>\n<meta property=\"og:url\" content=\"https:\/\/www.oidossucios.com\/site\/reprograman-festival-kikiriwiki-2010\/\" \/>\n<meta property=\"og:site_name\" content=\"OidosSucios.Com\" \/>\n<meta property=\"article:published_time\" content=\"2010-03-17T03:29:00+00:00\" \/>\n<meta property=\"og:image\" content=\"https:\/\/www.oidossucios.com\/site\/wp-content\/uploads\/2010\/03\/2511.jpg\" \/>\n\t<meta property=\"og:image:width\" content=\"350\" \/>\n\t<meta property=\"og:image:height\" content=\"250\" \/>\n<meta name=\"twitter:card\" content=\"summary_large_image\" \/>\n<meta name=\"twitter:creator\" content=\"@oidossucios\" \/>\n<script type=\"application\/ld+json\" class=\"yoast-schema-graph\">{\"@context\":\"https:\/\/schema.org\",\"@graph\":[{\"@type\":\"WebSite\",\"@id\":\"https:\/\/www.oidossucios.com\/site\/#website\",\"url\":\"https:\/\/www.oidossucios.com\/site\/\",\"name\":\"OidosSucios.Com\",\"description\":\"M\\u00fasica, conciertos, discos\",\"potentialAction\":[{\"@type\":\"SearchAction\",\"target\":\"https:\/\/www.oidossucios.com\/site\/?s={search_term_string}\",\"query-input\":\"required name=search_term_string\"}],\"inLanguage\":\"es\"},{\"@type\":\"ImageObject\",\"@id\":\"https:\/\/www.oidossucios.com\/site\/reprograman-festival-kikiriwiki-2010\/#primaryimage\",\"inLanguage\":\"es\",\"url\":\"https:\/\/www.oidossucios.com\/site\/wp-content\/uploads\/2010\/03\/2511.jpg\",\"width\":350,\"height\":250},{\"@type\":\"WebPage\",\"@id\":\"https:\/\/www.oidossucios.com\/site\/reprograman-festival-kikiriwiki-2010\/#webpage\",\"url\":\"https:\/\/www.oidossucios.com\/site\/reprograman-festival-kikiriwiki-2010\/\",\"name\":\"Reprograman Festival Kikiriwiki 2010 - OidosSucios.Com\",\"isPartOf\":{\"@id\":\"https:\/\/www.oidossucios.com\/site\/#website\"},\"primaryImageOfPage\":{\"@id\":\"https:\/\/www.oidossucios.com\/site\/reprograman-festival-kikiriwiki-2010\/#primaryimage\"},\"datePublished\":\"2010-03-17T03:29:00+00:00\",\"dateModified\":\"2010-03-17T03:29:00+00:00\",\"author\":{\"@id\":\"https:\/\/www.oidossucios.com\/site\/#\/schema\/person\/24559eeb76bf83a63296fb072393a688\"},\"description\":\"Los organizadores del evento anunciaron que el mismo ser\\u00e1 reprogramado para el trimestre abril-julio del presente a\\u00f1o\",\"inLanguage\":\"es\",\"potentialAction\":[{\"@type\":\"ReadAction\",\"target\":[\"https:\/\/www.oidossucios.com\/site\/reprograman-festival-kikiriwiki-2010\/\"]}]},{\"@type\":[\"Person\"],\"@id\":\"https:\/\/www.oidossucios.com\/site\/#\/schema\/person\/24559eeb76bf83a63296fb072393a688\",\"name\":\"Oidossucios\",\"image\":{\"@type\":\"ImageObject\",\"@id\":\"https:\/\/www.oidossucios.com\/site\/#personlogo\",\"inLanguage\":\"es\",\"url\":\"https:\/\/secure.gravatar.com\/avatar\/74fcb480f42f1a33e50a0b6e6369a3f907be2e43dc84fa5f76c66e9c22b4a5ab?s=96&d=mm&r=g\",\"caption\":\"Oidossucios\"},\"sameAs\":[\"https:\/\/twitter.com\/oidossucios\"]}]}<\/script>\n<!-- \/ Yoast SEO plugin. -->","jetpack_sharing_enabled":true,"_links":{"self":[{"href":"https:\/\/www.oidossucios.com\/site\/wp-json\/wp\/v2\/posts\/2511","targetHints":{"allow":["GET"]}}],"collection":[{"href":"https:\/\/www.oidossucios.com\/site\/wp-json\/wp\/v2\/posts"}],"about":[{"href":"https:\/\/www.oidossucios.com\/site\/wp-json\/wp\/v2\/types\/post"}],"author":[{"embeddable":true,"href":"https:\/\/www.oidossucios.com\/site\/wp-json\/wp\/v2\/users\/4"}],"replies":[{"embeddable":true,"href":"https:\/\/www.oidossucios.com\/site\/wp-json\/wp\/v2\/comments?post=2511"}],"version-history":[{"count":0,"href":"https:\/\/www.oidossucios.com\/site\/wp-json\/wp\/v2\/posts\/2511\/revisions"}],"wp:featuredmedia":[{"embeddable":true,"href":"https:\/\/www.oidossucios.com\/site\/wp-json\/wp\/v2\/media\/100002511"}],"wp:attachment":[{"href":"https:\/\/www.oidossucios.com\/site\/wp-json\/wp\/v2\/media?parent=2511"}],"wp:term":[{"taxonomy":"category","embeddable":true,"href":"https:\/\/www.oidossucios.com\/site\/wp-json\/wp\/v2\/categories?post=2511"},{"taxonomy":"post_tag","embeddable":true,"href":"https:\/\/www.oidossucios.com\/site\/wp-json\/wp\/v2\/tags?post=2511"}],"curies":[{"name":"wp","href":"https:\/\/api.w.org\/{rel}","templated":true}]}}