{"id":2601,"date":"2010-05-11T11:13:00","date_gmt":"2010-05-11T11:13:00","guid":{"rendered":"https:\/\/www.oidossucios.com\/site\/2010\/05\/11\/carlos-dengler-se-separa-de-interpol\/"},"modified":"2010-05-11T11:13:00","modified_gmt":"2010-05-11T11:13:00","slug":"carlos-dengler-se-separa-de-interpol","status":"publish","type":"post","link":"https:\/\/www.oidossucios.com\/site\/carlos-dengler-se-separa-de-interpol\/","title":{"rendered":"Carlos Dengler se separa de Interpol"},"content":{"rendered":"<p>La banda neoyorkina Interpol hizo p\u00fablica ayer la salida del bajista Carlos Dengler. <\/p>\n<p>La agrupaci\u00f3n explic\u00f3 que el m\u00fasico efectivamente contribuy\u00f3 en la grabaci\u00f3n del \u00faltimo \u00e1lbum de estudio, pero que ya no formar\u00eda parte de Interpol.<\/p>\n<p>&#8220;Luego de que finalizara la grabaci\u00f3n del disco, Carlos nos inform\u00f3 que dejar\u00eda la banda. Ha decidido seguir otro camino e ir tras nuevas metas&#8221;, escribi\u00f3 la agrupaci\u00f3n. &#8220;La separaci\u00f3n es amistosa y todos les deseamos \u00e9xito y felicidad&#8221;.<\/p>\n<p>Dengler recientemente ha estado involucrado en la creaci\u00f3n de soundtracks para pel\u00edculas, televisi\u00f3n y anuncios publicitarios que ha estado mostrando a trav\u00e9s de su p\u00e1gina web oficial Carlosdengler.com.<\/p>\n<p>La banda, que se refiri\u00f3 a Dengler como un &#8220;individuo impresionantemente talentoso&#8221;, agreg\u00f3 que contar\u00e1 con la presencia de una serie de bajistas relevantes a lo largo de su pr\u00f3xima gira, y que pronto se revelar\u00edan las identidades de estos m\u00fasicos.<\/p>\n<p><\/p>\n","protected":false},"excerpt":{"rendered":"<p>La agrupaci\u00f3n neoyorkina anunci\u00f3 que el bajista ya no formar\u00e1 parte de la alineaci\u00f3n<\/p>\n","protected":false},"author":4,"featured_media":100002601,"comment_status":"open","ping_status":"open","sticky":false,"template":"","format":"standard","meta":{"_jetpack_memberships_contains_paid_content":false,"footnotes":""},"categories":[250],"tags":[],"class_list":["post-2601","post","type-post","status-publish","format-standard","has-post-thumbnail","hentry","category-noticias"],"jetpack_featured_media_url":"https:\/\/www.oidossucios.com\/site\/wp-content\/uploads\/2010\/05\/2601.jpg","yoast_head":"<!-- This site is optimized with the Yoast SEO plugin v14.0.4 - https:\/\/yoast.com\/wordpress\/plugins\/seo\/ -->\n<title>Carlos Dengler se separa de Interpol - OidosSucios.Com<\/title>\n<meta name=\"description\" content=\"La agrupaci\u00f3n neoyorkina anunci\u00f3 que el bajista ya no formar\u00e1 parte de la alineaci\u00f3n\" \/>\n<meta name=\"robots\" content=\"index, follow\" \/>\n<meta name=\"googlebot\" content=\"index, follow, max-snippet:-1, max-image-preview:large, max-video-preview:-1\" \/>\n<meta name=\"bingbot\" content=\"index, follow, max-snippet:-1, max-image-preview:large, max-video-preview:-1\" \/>\n<link rel=\"canonical\" href=\"https:\/\/www.oidossucios.com\/site\/carlos-dengler-se-separa-de-interpol\/\" \/>\n<meta property=\"og:locale\" content=\"es_ES\" \/>\n<meta property=\"og:type\" content=\"article\" \/>\n<meta property=\"og:title\" content=\"Carlos Dengler se separa de Interpol - OidosSucios.Com\" \/>\n<meta property=\"og:description\" content=\"La agrupaci\u00f3n neoyorkina anunci\u00f3 que el bajista ya no formar\u00e1 parte de la alineaci\u00f3n\" \/>\n<meta property=\"og:url\" content=\"https:\/\/www.oidossucios.com\/site\/carlos-dengler-se-separa-de-interpol\/\" \/>\n<meta property=\"og:site_name\" content=\"OidosSucios.Com\" \/>\n<meta property=\"article:published_time\" content=\"2010-05-11T11:13:00+00:00\" \/>\n<meta property=\"og:image\" content=\"https:\/\/www.oidossucios.com\/site\/wp-content\/uploads\/2010\/05\/2601.jpg\" \/>\n\t<meta property=\"og:image:width\" content=\"350\" \/>\n\t<meta property=\"og:image:height\" content=\"250\" \/>\n<meta name=\"twitter:card\" content=\"summary_large_image\" \/>\n<meta name=\"twitter:creator\" content=\"@oidossucios\" \/>\n<script type=\"application\/ld+json\" class=\"yoast-schema-graph\">{\"@context\":\"https:\/\/schema.org\",\"@graph\":[{\"@type\":\"WebSite\",\"@id\":\"https:\/\/www.oidossucios.com\/site\/#website\",\"url\":\"https:\/\/www.oidossucios.com\/site\/\",\"name\":\"OidosSucios.Com\",\"description\":\"M\\u00fasica, conciertos, discos\",\"potentialAction\":[{\"@type\":\"SearchAction\",\"target\":\"https:\/\/www.oidossucios.com\/site\/?s={search_term_string}\",\"query-input\":\"required name=search_term_string\"}],\"inLanguage\":\"es\"},{\"@type\":\"ImageObject\",\"@id\":\"https:\/\/www.oidossucios.com\/site\/carlos-dengler-se-separa-de-interpol\/#primaryimage\",\"inLanguage\":\"es\",\"url\":\"https:\/\/www.oidossucios.com\/site\/wp-content\/uploads\/2010\/05\/2601.jpg\",\"width\":350,\"height\":250},{\"@type\":\"WebPage\",\"@id\":\"https:\/\/www.oidossucios.com\/site\/carlos-dengler-se-separa-de-interpol\/#webpage\",\"url\":\"https:\/\/www.oidossucios.com\/site\/carlos-dengler-se-separa-de-interpol\/\",\"name\":\"Carlos Dengler se separa de Interpol - OidosSucios.Com\",\"isPartOf\":{\"@id\":\"https:\/\/www.oidossucios.com\/site\/#website\"},\"primaryImageOfPage\":{\"@id\":\"https:\/\/www.oidossucios.com\/site\/carlos-dengler-se-separa-de-interpol\/#primaryimage\"},\"datePublished\":\"2010-05-11T11:13:00+00:00\",\"dateModified\":\"2010-05-11T11:13:00+00:00\",\"author\":{\"@id\":\"https:\/\/www.oidossucios.com\/site\/#\/schema\/person\/24559eeb76bf83a63296fb072393a688\"},\"description\":\"La agrupaci\\u00f3n neoyorkina anunci\\u00f3 que el bajista ya no formar\\u00e1 parte de la alineaci\\u00f3n\",\"inLanguage\":\"es\",\"potentialAction\":[{\"@type\":\"ReadAction\",\"target\":[\"https:\/\/www.oidossucios.com\/site\/carlos-dengler-se-separa-de-interpol\/\"]}]},{\"@type\":[\"Person\"],\"@id\":\"https:\/\/www.oidossucios.com\/site\/#\/schema\/person\/24559eeb76bf83a63296fb072393a688\",\"name\":\"Oidossucios\",\"image\":{\"@type\":\"ImageObject\",\"@id\":\"https:\/\/www.oidossucios.com\/site\/#personlogo\",\"inLanguage\":\"es\",\"url\":\"https:\/\/secure.gravatar.com\/avatar\/74fcb480f42f1a33e50a0b6e6369a3f907be2e43dc84fa5f76c66e9c22b4a5ab?s=96&d=mm&r=g\",\"caption\":\"Oidossucios\"},\"sameAs\":[\"https:\/\/twitter.com\/oidossucios\"]}]}<\/script>\n<!-- \/ Yoast SEO plugin. -->","jetpack_sharing_enabled":true,"_links":{"self":[{"href":"https:\/\/www.oidossucios.com\/site\/wp-json\/wp\/v2\/posts\/2601","targetHints":{"allow":["GET"]}}],"collection":[{"href":"https:\/\/www.oidossucios.com\/site\/wp-json\/wp\/v2\/posts"}],"about":[{"href":"https:\/\/www.oidossucios.com\/site\/wp-json\/wp\/v2\/types\/post"}],"author":[{"embeddable":true,"href":"https:\/\/www.oidossucios.com\/site\/wp-json\/wp\/v2\/users\/4"}],"replies":[{"embeddable":true,"href":"https:\/\/www.oidossucios.com\/site\/wp-json\/wp\/v2\/comments?post=2601"}],"version-history":[{"count":0,"href":"https:\/\/www.oidossucios.com\/site\/wp-json\/wp\/v2\/posts\/2601\/revisions"}],"wp:featuredmedia":[{"embeddable":true,"href":"https:\/\/www.oidossucios.com\/site\/wp-json\/wp\/v2\/media\/100002601"}],"wp:attachment":[{"href":"https:\/\/www.oidossucios.com\/site\/wp-json\/wp\/v2\/media?parent=2601"}],"wp:term":[{"taxonomy":"category","embeddable":true,"href":"https:\/\/www.oidossucios.com\/site\/wp-json\/wp\/v2\/categories?post=2601"},{"taxonomy":"post_tag","embeddable":true,"href":"https:\/\/www.oidossucios.com\/site\/wp-json\/wp\/v2\/tags?post=2601"}],"curies":[{"name":"wp","href":"https:\/\/api.w.org\/{rel}","templated":true}]}}