{"id":2602,"date":"2010-05-11T15:55:00","date_gmt":"2010-05-11T15:55:00","guid":{"rendered":"https:\/\/www.oidossucios.com\/site\/2010\/05\/11\/confirmado-el-show-de-andres-calamaro\/"},"modified":"2010-05-11T15:55:00","modified_gmt":"2010-05-11T15:55:00","slug":"confirmado-el-show-de-andres-calamaro","status":"publish","type":"post","link":"https:\/\/www.oidossucios.com\/site\/confirmado-el-show-de-andres-calamaro\/","title":{"rendered":"Confirmado el show de Andr\u00e9s Calamaro"},"content":{"rendered":"<p>El cantautor argentino Andr\u00e9s Calamaro se presentar\u00e1 el pr\u00f3ximo 9 de julio en el CIEC de la Universidad Metropolitana (donde anteriormente fueron los shows de NOFX y Megadeth), seg\u00fan ha confirmado hoy Evenpro en su p\u00e1gina web. La noticia ya la <a href=\"\/noticias\/2581\/andres-calamaro-green-day-black-eyed-peas\/\">hab\u00edamos adelantado hace algunos d\u00edas<\/a>.<\/p>\n<p>El fundador de Los Rodr\u00edguez se encuentra en una gira para promocionar su m\u00e1s reciente \u00e1lbum &#8220;On The Rock&#8221;. Precisamente, la \u00fanica vez que se present\u00f3 en Venezuela fue con la  mencionada banda, en el Festival Iberoamericano de Rock de 1991 que se llev\u00f3 a cabo en el autocine de El Cafetal. Durante esos d\u00edas, Calamaro fue detenido por unas horas por la polic\u00eda al fumar marihuana al libre en las mesas del Gran Caf\u00e9 de Sabana Grande.<\/p>\n<p>Las entradas para el show estar\u00e1n a la venta a partir de este jueves a precios que van desde los Bs. 450 en Hard Rock Cafe y Diverxity (Sambil), Tiendas Esperanto (San Ignacio, Paseo las Mercedes, Millenium y Recreo) y www.evenpro.com.<\/p>\n","protected":false},"excerpt":{"rendered":"<p>El cantautor argentino se presentar\u00e1 en el CIEC de la Universidad Metropolitana el pr\u00f3ximo 9 de julio.<\/p>\n","protected":false},"author":4,"featured_media":100002602,"comment_status":"open","ping_status":"open","sticky":false,"template":"","format":"standard","meta":{"_jetpack_memberships_contains_paid_content":false,"footnotes":""},"categories":[250],"tags":[],"class_list":["post-2602","post","type-post","status-publish","format-standard","has-post-thumbnail","hentry","category-noticias"],"jetpack_featured_media_url":"https:\/\/www.oidossucios.com\/site\/wp-content\/uploads\/2010\/05\/2602.jpg","yoast_head":"<!-- This site is optimized with the Yoast SEO plugin v14.0.4 - https:\/\/yoast.com\/wordpress\/plugins\/seo\/ -->\n<title>Confirmado el show de Andr\u00e9s Calamaro - OidosSucios.Com<\/title>\n<meta name=\"description\" content=\"El cantautor argentino se presentar\u00e1 en el CIEC de la Universidad Metropolitana el pr\u00f3ximo 9 de julio.\" \/>\n<meta name=\"robots\" content=\"index, follow\" \/>\n<meta name=\"googlebot\" content=\"index, follow, max-snippet:-1, max-image-preview:large, max-video-preview:-1\" \/>\n<meta name=\"bingbot\" content=\"index, follow, max-snippet:-1, max-image-preview:large, max-video-preview:-1\" \/>\n<link rel=\"canonical\" href=\"https:\/\/www.oidossucios.com\/site\/confirmado-el-show-de-andres-calamaro\/\" \/>\n<meta property=\"og:locale\" content=\"es_ES\" \/>\n<meta property=\"og:type\" content=\"article\" \/>\n<meta property=\"og:title\" content=\"Confirmado el show de Andr\u00e9s Calamaro - OidosSucios.Com\" \/>\n<meta property=\"og:description\" content=\"El cantautor argentino se presentar\u00e1 en el CIEC de la Universidad Metropolitana el pr\u00f3ximo 9 de julio.\" \/>\n<meta property=\"og:url\" content=\"https:\/\/www.oidossucios.com\/site\/confirmado-el-show-de-andres-calamaro\/\" \/>\n<meta property=\"og:site_name\" content=\"OidosSucios.Com\" \/>\n<meta property=\"article:published_time\" content=\"2010-05-11T15:55:00+00:00\" \/>\n<meta property=\"og:image\" content=\"https:\/\/www.oidossucios.com\/site\/wp-content\/uploads\/2010\/05\/2602.jpg\" \/>\n\t<meta property=\"og:image:width\" content=\"350\" \/>\n\t<meta property=\"og:image:height\" content=\"250\" \/>\n<meta name=\"twitter:card\" content=\"summary_large_image\" \/>\n<meta name=\"twitter:creator\" content=\"@oidossucios\" \/>\n<script type=\"application\/ld+json\" class=\"yoast-schema-graph\">{\"@context\":\"https:\/\/schema.org\",\"@graph\":[{\"@type\":\"WebSite\",\"@id\":\"https:\/\/www.oidossucios.com\/site\/#website\",\"url\":\"https:\/\/www.oidossucios.com\/site\/\",\"name\":\"OidosSucios.Com\",\"description\":\"M\\u00fasica, conciertos, discos\",\"potentialAction\":[{\"@type\":\"SearchAction\",\"target\":\"https:\/\/www.oidossucios.com\/site\/?s={search_term_string}\",\"query-input\":\"required name=search_term_string\"}],\"inLanguage\":\"es\"},{\"@type\":\"ImageObject\",\"@id\":\"https:\/\/www.oidossucios.com\/site\/confirmado-el-show-de-andres-calamaro\/#primaryimage\",\"inLanguage\":\"es\",\"url\":\"https:\/\/www.oidossucios.com\/site\/wp-content\/uploads\/2010\/05\/2602.jpg\",\"width\":350,\"height\":250},{\"@type\":\"WebPage\",\"@id\":\"https:\/\/www.oidossucios.com\/site\/confirmado-el-show-de-andres-calamaro\/#webpage\",\"url\":\"https:\/\/www.oidossucios.com\/site\/confirmado-el-show-de-andres-calamaro\/\",\"name\":\"Confirmado el show de Andr\\u00e9s Calamaro - OidosSucios.Com\",\"isPartOf\":{\"@id\":\"https:\/\/www.oidossucios.com\/site\/#website\"},\"primaryImageOfPage\":{\"@id\":\"https:\/\/www.oidossucios.com\/site\/confirmado-el-show-de-andres-calamaro\/#primaryimage\"},\"datePublished\":\"2010-05-11T15:55:00+00:00\",\"dateModified\":\"2010-05-11T15:55:00+00:00\",\"author\":{\"@id\":\"https:\/\/www.oidossucios.com\/site\/#\/schema\/person\/24559eeb76bf83a63296fb072393a688\"},\"description\":\"El cantautor argentino se presentar\\u00e1 en el CIEC de la Universidad Metropolitana el pr\\u00f3ximo 9 de julio.\",\"inLanguage\":\"es\",\"potentialAction\":[{\"@type\":\"ReadAction\",\"target\":[\"https:\/\/www.oidossucios.com\/site\/confirmado-el-show-de-andres-calamaro\/\"]}]},{\"@type\":[\"Person\"],\"@id\":\"https:\/\/www.oidossucios.com\/site\/#\/schema\/person\/24559eeb76bf83a63296fb072393a688\",\"name\":\"Oidossucios\",\"image\":{\"@type\":\"ImageObject\",\"@id\":\"https:\/\/www.oidossucios.com\/site\/#personlogo\",\"inLanguage\":\"es\",\"url\":\"https:\/\/secure.gravatar.com\/avatar\/74fcb480f42f1a33e50a0b6e6369a3f907be2e43dc84fa5f76c66e9c22b4a5ab?s=96&d=mm&r=g\",\"caption\":\"Oidossucios\"},\"sameAs\":[\"https:\/\/twitter.com\/oidossucios\"]}]}<\/script>\n<!-- \/ Yoast SEO plugin. -->","jetpack_sharing_enabled":true,"_links":{"self":[{"href":"https:\/\/www.oidossucios.com\/site\/wp-json\/wp\/v2\/posts\/2602","targetHints":{"allow":["GET"]}}],"collection":[{"href":"https:\/\/www.oidossucios.com\/site\/wp-json\/wp\/v2\/posts"}],"about":[{"href":"https:\/\/www.oidossucios.com\/site\/wp-json\/wp\/v2\/types\/post"}],"author":[{"embeddable":true,"href":"https:\/\/www.oidossucios.com\/site\/wp-json\/wp\/v2\/users\/4"}],"replies":[{"embeddable":true,"href":"https:\/\/www.oidossucios.com\/site\/wp-json\/wp\/v2\/comments?post=2602"}],"version-history":[{"count":0,"href":"https:\/\/www.oidossucios.com\/site\/wp-json\/wp\/v2\/posts\/2602\/revisions"}],"wp:featuredmedia":[{"embeddable":true,"href":"https:\/\/www.oidossucios.com\/site\/wp-json\/wp\/v2\/media\/100002602"}],"wp:attachment":[{"href":"https:\/\/www.oidossucios.com\/site\/wp-json\/wp\/v2\/media?parent=2602"}],"wp:term":[{"taxonomy":"category","embeddable":true,"href":"https:\/\/www.oidossucios.com\/site\/wp-json\/wp\/v2\/categories?post=2602"},{"taxonomy":"post_tag","embeddable":true,"href":"https:\/\/www.oidossucios.com\/site\/wp-json\/wp\/v2\/tags?post=2602"}],"curies":[{"name":"wp","href":"https:\/\/api.w.org\/{rel}","templated":true}]}}