{"id":2616,"date":"2010-05-18T17:15:00","date_gmt":"2010-05-18T17:15:00","guid":{"rendered":"https:\/\/www.oidossucios.com\/site\/2010\/05\/18\/novedades-sobre-la-salud-de-gustavo-cerati\/"},"modified":"2010-05-18T17:15:00","modified_gmt":"2010-05-18T17:15:00","slug":"novedades-sobre-la-salud-de-gustavo-cerati","status":"publish","type":"post","link":"https:\/\/www.oidossucios.com\/site\/novedades-sobre-la-salud-de-gustavo-cerati\/","title":{"rendered":"Novedades sobre la salud de Gustavo Cerati"},"content":{"rendered":"<p>Una vez <a href=\"\/noticias\/2614\/comunicado-oficial-sobre-la-salud-de-gustavo\/\">difundida la informaci\u00f3n oficial<\/a> esta ma\u00f1ana sobre la salud del m\u00fasico argentino Gustavo Cerati, internado en el Centro M\u00e9dico Docente de la Trinidad de Caracas desde el pasado s\u00e1bado, OidosSucios.Com ha podido hablar con un galeno del instituto quien nos inform\u00f3 sobre el estado del mismo.<\/p>\n<p>El m\u00e9dico, el cual prefiere mantener bajo el anonimato su identidad, nos cuenta que &#8220;El paciente ingres\u00f3 pasada la medianoche del s\u00e1bado, acompa\u00f1ado por su manager, su fisioterapeuta de gira y una representante de Evenpro, presentado dolores en el pecho y dificultad para movilizarse. Las razones pertenecen a la privacidad del paciente, pero hemos tomado todas las medidas para lograr su recuperaci\u00f3n. Su m\u00e9dico tratante es Vladimir Fuenmayor&#8221;.<\/p>\n<p>&#8220;Su estado actual es af\u00e1sico, no habla en absoluto, ni gesticula ni mueve la cabeza. Responde a los llamados que se le hacen tom\u00e1ndose las manos de manera errante, es decir, trata de agarrarse ambas manos pero la mayor\u00eda de las veces no lo logra.&#8221; Continua el galeno &#8220;Su estado actual es de obnubilaci\u00f3n, lo que quiere decir que esta como perdido, est\u00e1 consciente de su situaci\u00f3n pero sus respuestas f\u00edsicas no son coherentes&#8221;.<\/p>\n<p>A Cerati se le aplica actualmente un tratamiento con esteroides con el fin de ensanchar las venas del cerebro&nbsp; para que el mismo se oxigene &#8220;El periodo de observaci\u00f3n culmina ma\u00f1ana. No podemos predecir si ser\u00e1 dado de alta, pues nuestro objetivo es verificar que no se presentar\u00e1&nbsp; ninguna hemorragia. En caso de certificarlo, podremos autorizar su salida del centro, lo cual no quiere decir que est\u00e9 recuperado, pero si podr\u00eda volver a su pa\u00eds en una aeroambulancia, lo cual es el deseo actual de su representante. Pero sinceramente, yo veo dif\u00edcil que esto suceda antes del fin de semana&#8221;.<\/p>\n<p>&#8220;En los casos de accidentes cerebro vasculares, no se puede determinar el da\u00f1o al instante. Hay pacientes que al d\u00eda siguiente de sufrirlos salen caminando, pero otros que tardan meses en recuperarse. Lo primero es determinar el da\u00f1o cerebral, lo cual, lamentablemente, solo se puede hacer con el paso del tiempo.&#8221;.<\/p>\n<p>Cerati se encuentra en un piso especial de la cl\u00ednica, en el \u00e1rea de suites, registrado con un nombre y cedula falsos &#8220;Ha sido incomodo el trato con gente que se ha acercado a preguntar por \u00e9l&#8221;. Su habitaci\u00f3n cuenta con 2 escoltas las 24 horas del d\u00eda.<\/p>\n<p>En OidosSucios.Com entendemos la preocupaci\u00f3n de los fans por saber sobre Cerati, por eso nos hemos esforzado en seguir esta informaci\u00f3n desde que trascendi\u00f3 por primera vez. Pero tambi\u00e9n entendemos que el m\u00fasico pasa por una situaci\u00f3n dif\u00edcil que debe ser respetada por todos, medios y fans, por lo cual pedimos encarecidamente a nuestros lectores no acercarse a la cl\u00ednica, pues nada conseguir\u00e1n all\u00ed m\u00e1s que alterar el ambiente. En lo que tengamos novedades, se las iremos informando.<\/p>\n<p>Evenpro ha comunicado, que ha sido designado como \u00fanico vocero m\u00e9dico del Centro M\u00e9dico Docente de La Trinidad, el Dr. Alfredo S\u00e1ez.<\/p>\n<p><\/p>\n","protected":false},"excerpt":{"rendered":"<p>OidosSucios.Com ha podido conocer, de fuentes del Centro M\u00e9dico Docente de La Trinidad, un poco m\u00e1s sobre la salud del m\u00fasico argentino.<\/p>\n","protected":false},"author":4,"featured_media":100002616,"comment_status":"open","ping_status":"open","sticky":false,"template":"","format":"standard","meta":{"_jetpack_memberships_contains_paid_content":false,"footnotes":""},"categories":[250],"tags":[],"class_list":["post-2616","post","type-post","status-publish","format-standard","has-post-thumbnail","hentry","category-noticias"],"jetpack_featured_media_url":"https:\/\/www.oidossucios.com\/site\/wp-content\/uploads\/2010\/05\/2616.jpg","yoast_head":"<!-- This site is optimized with the Yoast SEO plugin v14.0.4 - https:\/\/yoast.com\/wordpress\/plugins\/seo\/ -->\n<title>Novedades sobre la salud de Gustavo Cerati - OidosSucios.Com<\/title>\n<meta name=\"description\" content=\"OidosSucios.Com ha podido conocer, de fuentes del Centro M\u00e9dico Docente de La Trinidad, un poco m\u00e1s sobre la salud del m\u00fasico argentino.\" \/>\n<meta name=\"robots\" content=\"index, follow\" \/>\n<meta name=\"googlebot\" content=\"index, follow, max-snippet:-1, max-image-preview:large, max-video-preview:-1\" \/>\n<meta name=\"bingbot\" content=\"index, follow, max-snippet:-1, max-image-preview:large, max-video-preview:-1\" \/>\n<link rel=\"canonical\" href=\"https:\/\/www.oidossucios.com\/site\/novedades-sobre-la-salud-de-gustavo-cerati\/\" \/>\n<meta property=\"og:locale\" content=\"es_ES\" \/>\n<meta property=\"og:type\" content=\"article\" \/>\n<meta property=\"og:title\" content=\"Novedades sobre la salud de Gustavo Cerati - OidosSucios.Com\" \/>\n<meta property=\"og:description\" content=\"OidosSucios.Com ha podido conocer, de fuentes del Centro M\u00e9dico Docente de La Trinidad, un poco m\u00e1s sobre la salud del m\u00fasico argentino.\" \/>\n<meta property=\"og:url\" content=\"https:\/\/www.oidossucios.com\/site\/novedades-sobre-la-salud-de-gustavo-cerati\/\" \/>\n<meta property=\"og:site_name\" content=\"OidosSucios.Com\" \/>\n<meta property=\"article:published_time\" content=\"2010-05-18T17:15:00+00:00\" \/>\n<meta property=\"og:image\" content=\"https:\/\/www.oidossucios.com\/site\/wp-content\/uploads\/2010\/05\/2616.jpg\" \/>\n\t<meta property=\"og:image:width\" content=\"350\" \/>\n\t<meta property=\"og:image:height\" content=\"250\" \/>\n<meta name=\"twitter:card\" content=\"summary_large_image\" \/>\n<meta name=\"twitter:creator\" content=\"@oidossucios\" \/>\n<script type=\"application\/ld+json\" class=\"yoast-schema-graph\">{\"@context\":\"https:\/\/schema.org\",\"@graph\":[{\"@type\":\"WebSite\",\"@id\":\"https:\/\/www.oidossucios.com\/site\/#website\",\"url\":\"https:\/\/www.oidossucios.com\/site\/\",\"name\":\"OidosSucios.Com\",\"description\":\"M\\u00fasica, conciertos, discos\",\"potentialAction\":[{\"@type\":\"SearchAction\",\"target\":\"https:\/\/www.oidossucios.com\/site\/?s={search_term_string}\",\"query-input\":\"required name=search_term_string\"}],\"inLanguage\":\"es\"},{\"@type\":\"ImageObject\",\"@id\":\"https:\/\/www.oidossucios.com\/site\/novedades-sobre-la-salud-de-gustavo-cerati\/#primaryimage\",\"inLanguage\":\"es\",\"url\":\"https:\/\/www.oidossucios.com\/site\/wp-content\/uploads\/2010\/05\/2616.jpg\",\"width\":350,\"height\":250},{\"@type\":\"WebPage\",\"@id\":\"https:\/\/www.oidossucios.com\/site\/novedades-sobre-la-salud-de-gustavo-cerati\/#webpage\",\"url\":\"https:\/\/www.oidossucios.com\/site\/novedades-sobre-la-salud-de-gustavo-cerati\/\",\"name\":\"Novedades sobre la salud de Gustavo Cerati - OidosSucios.Com\",\"isPartOf\":{\"@id\":\"https:\/\/www.oidossucios.com\/site\/#website\"},\"primaryImageOfPage\":{\"@id\":\"https:\/\/www.oidossucios.com\/site\/novedades-sobre-la-salud-de-gustavo-cerati\/#primaryimage\"},\"datePublished\":\"2010-05-18T17:15:00+00:00\",\"dateModified\":\"2010-05-18T17:15:00+00:00\",\"author\":{\"@id\":\"https:\/\/www.oidossucios.com\/site\/#\/schema\/person\/24559eeb76bf83a63296fb072393a688\"},\"description\":\"OidosSucios.Com ha podido conocer, de fuentes del Centro M\\u00e9dico Docente de La Trinidad, un poco m\\u00e1s sobre la salud del m\\u00fasico argentino.\",\"inLanguage\":\"es\",\"potentialAction\":[{\"@type\":\"ReadAction\",\"target\":[\"https:\/\/www.oidossucios.com\/site\/novedades-sobre-la-salud-de-gustavo-cerati\/\"]}]},{\"@type\":[\"Person\"],\"@id\":\"https:\/\/www.oidossucios.com\/site\/#\/schema\/person\/24559eeb76bf83a63296fb072393a688\",\"name\":\"Oidossucios\",\"image\":{\"@type\":\"ImageObject\",\"@id\":\"https:\/\/www.oidossucios.com\/site\/#personlogo\",\"inLanguage\":\"es\",\"url\":\"https:\/\/secure.gravatar.com\/avatar\/74fcb480f42f1a33e50a0b6e6369a3f907be2e43dc84fa5f76c66e9c22b4a5ab?s=96&d=mm&r=g\",\"caption\":\"Oidossucios\"},\"sameAs\":[\"https:\/\/twitter.com\/oidossucios\"]}]}<\/script>\n<!-- \/ Yoast SEO plugin. -->","jetpack_sharing_enabled":true,"_links":{"self":[{"href":"https:\/\/www.oidossucios.com\/site\/wp-json\/wp\/v2\/posts\/2616","targetHints":{"allow":["GET"]}}],"collection":[{"href":"https:\/\/www.oidossucios.com\/site\/wp-json\/wp\/v2\/posts"}],"about":[{"href":"https:\/\/www.oidossucios.com\/site\/wp-json\/wp\/v2\/types\/post"}],"author":[{"embeddable":true,"href":"https:\/\/www.oidossucios.com\/site\/wp-json\/wp\/v2\/users\/4"}],"replies":[{"embeddable":true,"href":"https:\/\/www.oidossucios.com\/site\/wp-json\/wp\/v2\/comments?post=2616"}],"version-history":[{"count":0,"href":"https:\/\/www.oidossucios.com\/site\/wp-json\/wp\/v2\/posts\/2616\/revisions"}],"wp:featuredmedia":[{"embeddable":true,"href":"https:\/\/www.oidossucios.com\/site\/wp-json\/wp\/v2\/media\/100002616"}],"wp:attachment":[{"href":"https:\/\/www.oidossucios.com\/site\/wp-json\/wp\/v2\/media?parent=2616"}],"wp:term":[{"taxonomy":"category","embeddable":true,"href":"https:\/\/www.oidossucios.com\/site\/wp-json\/wp\/v2\/categories?post=2616"},{"taxonomy":"post_tag","embeddable":true,"href":"https:\/\/www.oidossucios.com\/site\/wp-json\/wp\/v2\/tags?post=2616"}],"curies":[{"name":"wp","href":"https:\/\/api.w.org\/{rel}","templated":true}]}}