{"id":2624,"date":"2010-05-21T04:49:00","date_gmt":"2010-05-21T04:49:00","guid":{"rendered":"https:\/\/www.oidossucios.com\/site\/2010\/05\/21\/bono-se-somete-a-operacion-de-emergencia\/"},"modified":"2010-05-21T04:49:00","modified_gmt":"2010-05-21T04:49:00","slug":"bono-se-somete-a-operacion-de-emergencia","status":"publish","type":"post","link":"https:\/\/www.oidossucios.com\/site\/bono-se-somete-a-operacion-de-emergencia\/","title":{"rendered":"Bono se somete a operaci\u00f3n de emergencia"},"content":{"rendered":"<p>Bono fue sometido hoy a una operaci\u00f3n de espalda de emergencia a causa de una herida sufrida durante los ensayos de preparaci\u00f3n del tour, seg\u00fan se public\u00f3 en su p\u00e1gina web.<\/p>\n<p>El cantante fue admitido en un hospital de M\u00fanich, Alemania, y se encuentra bajo los cuidados del especialista neurocirujano Dr. Jorg Tonn. Bono permanecer\u00e1 los pr\u00f3ximos d\u00edas esta unidad, antes de regresar a su pa\u00eds para su recuperaci\u00f3n.<\/p>\n<p>&#8220;Ha sido ingresado en la unidad de neurocirug\u00eda de un hospital de M\u00fanich, donde permanecer\u00e1 a lo largo de los pr\u00f3ximos d\u00edas hasta que sea dado de alta y se traslade a casa para su recuperaci\u00f3n. Una vez que su estado sea evaluado de forma adecuada, el hospital emitir\u00e1 un comunicado en el que informar\u00e1 sobre el estado de salud del cantante&#8221;, explic\u00f3 el portavoz del artista.<\/p>\n<p>Mientras tanto, el portavoz inform\u00f3 que el comienzo de la gira&nbsp; de U2 &#8220;U2360\u00b0&#8221;, la cual ten\u00eda previsto comenzar el 3 de junio en Salt Lake City, ha sido pospuesto hasta pr\u00f3ximo aviso a causa de la salud de Bono.<\/p>\n<p><\/p>\n","protected":false},"excerpt":{"rendered":"<p>El vocalista tuvo que ser llevado a un hospital en Alemania a causa de una herida sufrida durante los ensayos del tour<\/p>\n","protected":false},"author":4,"featured_media":100002624,"comment_status":"open","ping_status":"open","sticky":false,"template":"","format":"standard","meta":{"_jetpack_memberships_contains_paid_content":false,"footnotes":""},"categories":[250],"tags":[],"class_list":["post-2624","post","type-post","status-publish","format-standard","has-post-thumbnail","hentry","category-noticias"],"jetpack_featured_media_url":"https:\/\/www.oidossucios.com\/site\/wp-content\/uploads\/2010\/05\/2624.jpg","yoast_head":"<!-- This site is optimized with the Yoast SEO plugin v14.0.4 - https:\/\/yoast.com\/wordpress\/plugins\/seo\/ -->\n<title>Bono se somete a operaci\u00f3n de emergencia - OidosSucios.Com<\/title>\n<meta name=\"description\" content=\"El vocalista tuvo que ser llevado a un hospital en Alemania a causa de una herida sufrida durante los ensayos del tour\" \/>\n<meta name=\"robots\" content=\"index, follow\" \/>\n<meta name=\"googlebot\" content=\"index, follow, max-snippet:-1, max-image-preview:large, max-video-preview:-1\" \/>\n<meta name=\"bingbot\" content=\"index, follow, max-snippet:-1, max-image-preview:large, max-video-preview:-1\" \/>\n<link rel=\"canonical\" href=\"https:\/\/www.oidossucios.com\/site\/bono-se-somete-a-operacion-de-emergencia\/\" \/>\n<meta property=\"og:locale\" content=\"es_ES\" \/>\n<meta property=\"og:type\" content=\"article\" \/>\n<meta property=\"og:title\" content=\"Bono se somete a operaci\u00f3n de emergencia - OidosSucios.Com\" \/>\n<meta property=\"og:description\" content=\"El vocalista tuvo que ser llevado a un hospital en Alemania a causa de una herida sufrida durante los ensayos del tour\" \/>\n<meta property=\"og:url\" content=\"https:\/\/www.oidossucios.com\/site\/bono-se-somete-a-operacion-de-emergencia\/\" \/>\n<meta property=\"og:site_name\" content=\"OidosSucios.Com\" \/>\n<meta property=\"article:published_time\" content=\"2010-05-21T04:49:00+00:00\" \/>\n<meta property=\"og:image\" content=\"https:\/\/www.oidossucios.com\/site\/wp-content\/uploads\/2010\/05\/2624.jpg\" \/>\n\t<meta property=\"og:image:width\" content=\"350\" \/>\n\t<meta property=\"og:image:height\" content=\"233\" \/>\n<meta name=\"twitter:card\" content=\"summary_large_image\" \/>\n<meta name=\"twitter:creator\" content=\"@oidossucios\" \/>\n<script type=\"application\/ld+json\" class=\"yoast-schema-graph\">{\"@context\":\"https:\/\/schema.org\",\"@graph\":[{\"@type\":\"WebSite\",\"@id\":\"https:\/\/www.oidossucios.com\/site\/#website\",\"url\":\"https:\/\/www.oidossucios.com\/site\/\",\"name\":\"OidosSucios.Com\",\"description\":\"M\\u00fasica, conciertos, discos\",\"potentialAction\":[{\"@type\":\"SearchAction\",\"target\":\"https:\/\/www.oidossucios.com\/site\/?s={search_term_string}\",\"query-input\":\"required name=search_term_string\"}],\"inLanguage\":\"es\"},{\"@type\":\"ImageObject\",\"@id\":\"https:\/\/www.oidossucios.com\/site\/bono-se-somete-a-operacion-de-emergencia\/#primaryimage\",\"inLanguage\":\"es\",\"url\":\"https:\/\/www.oidossucios.com\/site\/wp-content\/uploads\/2010\/05\/2624.jpg\",\"width\":350,\"height\":233},{\"@type\":\"WebPage\",\"@id\":\"https:\/\/www.oidossucios.com\/site\/bono-se-somete-a-operacion-de-emergencia\/#webpage\",\"url\":\"https:\/\/www.oidossucios.com\/site\/bono-se-somete-a-operacion-de-emergencia\/\",\"name\":\"Bono se somete a operaci\\u00f3n de emergencia - OidosSucios.Com\",\"isPartOf\":{\"@id\":\"https:\/\/www.oidossucios.com\/site\/#website\"},\"primaryImageOfPage\":{\"@id\":\"https:\/\/www.oidossucios.com\/site\/bono-se-somete-a-operacion-de-emergencia\/#primaryimage\"},\"datePublished\":\"2010-05-21T04:49:00+00:00\",\"dateModified\":\"2010-05-21T04:49:00+00:00\",\"author\":{\"@id\":\"https:\/\/www.oidossucios.com\/site\/#\/schema\/person\/24559eeb76bf83a63296fb072393a688\"},\"description\":\"El vocalista tuvo que ser llevado a un hospital en Alemania a causa de una herida sufrida durante los ensayos del tour\",\"inLanguage\":\"es\",\"potentialAction\":[{\"@type\":\"ReadAction\",\"target\":[\"https:\/\/www.oidossucios.com\/site\/bono-se-somete-a-operacion-de-emergencia\/\"]}]},{\"@type\":[\"Person\"],\"@id\":\"https:\/\/www.oidossucios.com\/site\/#\/schema\/person\/24559eeb76bf83a63296fb072393a688\",\"name\":\"Oidossucios\",\"image\":{\"@type\":\"ImageObject\",\"@id\":\"https:\/\/www.oidossucios.com\/site\/#personlogo\",\"inLanguage\":\"es\",\"url\":\"https:\/\/secure.gravatar.com\/avatar\/74fcb480f42f1a33e50a0b6e6369a3f907be2e43dc84fa5f76c66e9c22b4a5ab?s=96&d=mm&r=g\",\"caption\":\"Oidossucios\"},\"sameAs\":[\"https:\/\/twitter.com\/oidossucios\"]}]}<\/script>\n<!-- \/ Yoast SEO plugin. -->","jetpack_sharing_enabled":true,"_links":{"self":[{"href":"https:\/\/www.oidossucios.com\/site\/wp-json\/wp\/v2\/posts\/2624","targetHints":{"allow":["GET"]}}],"collection":[{"href":"https:\/\/www.oidossucios.com\/site\/wp-json\/wp\/v2\/posts"}],"about":[{"href":"https:\/\/www.oidossucios.com\/site\/wp-json\/wp\/v2\/types\/post"}],"author":[{"embeddable":true,"href":"https:\/\/www.oidossucios.com\/site\/wp-json\/wp\/v2\/users\/4"}],"replies":[{"embeddable":true,"href":"https:\/\/www.oidossucios.com\/site\/wp-json\/wp\/v2\/comments?post=2624"}],"version-history":[{"count":0,"href":"https:\/\/www.oidossucios.com\/site\/wp-json\/wp\/v2\/posts\/2624\/revisions"}],"wp:featuredmedia":[{"embeddable":true,"href":"https:\/\/www.oidossucios.com\/site\/wp-json\/wp\/v2\/media\/100002624"}],"wp:attachment":[{"href":"https:\/\/www.oidossucios.com\/site\/wp-json\/wp\/v2\/media?parent=2624"}],"wp:term":[{"taxonomy":"category","embeddable":true,"href":"https:\/\/www.oidossucios.com\/site\/wp-json\/wp\/v2\/categories?post=2624"},{"taxonomy":"post_tag","embeddable":true,"href":"https:\/\/www.oidossucios.com\/site\/wp-json\/wp\/v2\/tags?post=2624"}],"curies":[{"name":"wp","href":"https:\/\/api.w.org\/{rel}","templated":true}]}}