{"id":2625,"date":"2010-05-22T03:37:00","date_gmt":"2010-05-22T03:37:00","guid":{"rendered":"https:\/\/www.oidossucios.com\/site\/2010\/05\/22\/este-domingo-se-realizara-el-1er-festival-musicaraza\/"},"modified":"2010-05-22T03:37:00","modified_gmt":"2010-05-22T03:37:00","slug":"este-domingo-se-realizara-el-1er-festival-musicaraza","status":"publish","type":"post","link":"https:\/\/www.oidossucios.com\/site\/este-domingo-se-realizara-el-1er-festival-musicaraza\/","title":{"rendered":"Este domingo se realizar\u00e1 el 1er Festival M\u00fasicaRaza"},"content":{"rendered":"<p>Por <\/p>\n<p>En el mes del apoyo al talento nacional HOT 94, a trav\u00e9s de su programa, &#8220;M\u00fasicaRaza&#8221;, ha organizado el Primer Festival M\u00fasicaRaza, un evento gratuito a realizarse este domingo 23 de mayo en el Centro Cultural Chacao, a las 4:00pm, donde los asistentes podr\u00e1n disfrutar de cuatro bandas nacionales reconocidas:&nbsp; <\/p>\n<p><span style=\"font-weight: bold;\">Lebronch:<\/span> Reggae-Ska-Pop-Rock-Ac\u00fastico-Punketo, conformada en el a\u00f1o 2008 por Cristopher Urbina (voz y guitarra), Eduardo Navarro (voz y guitarra), Oswaldo Suels (teclado), &#8220;Tzino&#8221; Sandoval (bater\u00eda), Jes\u00fas Quevedo (bajo) y Joaqu\u00edn Phelan (saxo). <\/p>\n<p><span style=\"font-weight: bold;\">Atkinson: <\/span>Rock, conformada en el a\u00f1o 2009 por Wincho Schaffer (bajo y voz), Rafael Cadavieco (bater\u00eda y coros) y Erik Aldrey&nbsp; (guitarra y coros). <\/p>\n<p><span style=\"font-weight: bold;\">Los Mentas:<\/span> Rockabilly, conformada en el a\u00f1o 1998, sus integrantes son H\u00e9ctor Paredes (bajo), Carlos Aray (guitarras), Juan Olmedillo (voz y guitarras) y Richard Blanco (bater\u00eda). <\/p>\n<p>Y finalmente se presentar\u00e1 una banda sorpresa venezolana que est\u00e1 radicada en Espa\u00f1a desde hace varios a\u00f1os ya.<\/p>\n<p>M\u00fasicaRaza, conducido por Roberto Leone, constituye un programa de selecci\u00f3n de canciones netamente en espa\u00f1ol y rock venezolano. Un espacio donde las bandas pueden propagar, en el medio radial, sus nuevos discos, singles y noticias.<\/p>\n","protected":false},"excerpt":{"rendered":"<p>El domingo 23 de mayo a las 4pm &#8220;M\u00fasicaRaza&#8221; y HOT 94 FM celebran el mes de apoyo al talento nacional en el Centro Cultural Chacao con Los Mentas, Le Bronch, Atkinson y una banda sorpresa.  <\/p>\n","protected":false},"author":4,"featured_media":100002625,"comment_status":"open","ping_status":"open","sticky":false,"template":"","format":"standard","meta":{"_jetpack_memberships_contains_paid_content":false,"footnotes":""},"categories":[695],"tags":[],"class_list":["post-2625","post","type-post","status-publish","format-standard","has-post-thumbnail","hentry","category-articulos"],"jetpack_featured_media_url":"https:\/\/www.oidossucios.com\/site\/wp-content\/uploads\/2010\/05\/2625.jpg","yoast_head":"<!-- This site is optimized with the Yoast SEO plugin v14.0.4 - https:\/\/yoast.com\/wordpress\/plugins\/seo\/ -->\n<title>Este domingo se realizar\u00e1 el 1er Festival M\u00fasicaRaza - OidosSucios.Com<\/title>\n<meta name=\"description\" content=\"El domingo 23 de mayo a las 4pm &quot;M\u00fasicaRaza&quot; y HOT 94 FM celebran el mes de apoyo al talento nacional en el Centro Cultural Chacao con Los Mentas, Le Bronch, Atkinson y una banda sorpresa.\" \/>\n<meta name=\"robots\" content=\"index, follow\" \/>\n<meta name=\"googlebot\" content=\"index, follow, max-snippet:-1, max-image-preview:large, max-video-preview:-1\" \/>\n<meta name=\"bingbot\" content=\"index, follow, max-snippet:-1, max-image-preview:large, max-video-preview:-1\" \/>\n<link rel=\"canonical\" href=\"https:\/\/www.oidossucios.com\/site\/este-domingo-se-realizara-el-1er-festival-musicaraza\/\" \/>\n<meta property=\"og:locale\" content=\"es_ES\" \/>\n<meta property=\"og:type\" content=\"article\" \/>\n<meta property=\"og:title\" content=\"Este domingo se realizar\u00e1 el 1er Festival M\u00fasicaRaza - OidosSucios.Com\" \/>\n<meta property=\"og:description\" content=\"El domingo 23 de mayo a las 4pm &quot;M\u00fasicaRaza&quot; y HOT 94 FM celebran el mes de apoyo al talento nacional en el Centro Cultural Chacao con Los Mentas, Le Bronch, Atkinson y una banda sorpresa.\" \/>\n<meta property=\"og:url\" content=\"https:\/\/www.oidossucios.com\/site\/este-domingo-se-realizara-el-1er-festival-musicaraza\/\" \/>\n<meta property=\"og:site_name\" content=\"OidosSucios.Com\" \/>\n<meta property=\"article:published_time\" content=\"2010-05-22T03:37:00+00:00\" \/>\n<meta property=\"og:image\" content=\"https:\/\/www.oidossucios.com\/site\/wp-content\/uploads\/2010\/05\/2625.jpg\" \/>\n\t<meta property=\"og:image:width\" content=\"350\" \/>\n\t<meta property=\"og:image:height\" content=\"250\" \/>\n<meta name=\"twitter:card\" content=\"summary_large_image\" \/>\n<meta name=\"twitter:creator\" content=\"@oidossucios\" \/>\n<script type=\"application\/ld+json\" class=\"yoast-schema-graph\">{\"@context\":\"https:\/\/schema.org\",\"@graph\":[{\"@type\":\"WebSite\",\"@id\":\"https:\/\/www.oidossucios.com\/site\/#website\",\"url\":\"https:\/\/www.oidossucios.com\/site\/\",\"name\":\"OidosSucios.Com\",\"description\":\"M\\u00fasica, conciertos, discos\",\"potentialAction\":[{\"@type\":\"SearchAction\",\"target\":\"https:\/\/www.oidossucios.com\/site\/?s={search_term_string}\",\"query-input\":\"required name=search_term_string\"}],\"inLanguage\":\"es\"},{\"@type\":\"ImageObject\",\"@id\":\"https:\/\/www.oidossucios.com\/site\/este-domingo-se-realizara-el-1er-festival-musicaraza\/#primaryimage\",\"inLanguage\":\"es\",\"url\":\"https:\/\/www.oidossucios.com\/site\/wp-content\/uploads\/2010\/05\/2625.jpg\",\"width\":350,\"height\":250},{\"@type\":\"WebPage\",\"@id\":\"https:\/\/www.oidossucios.com\/site\/este-domingo-se-realizara-el-1er-festival-musicaraza\/#webpage\",\"url\":\"https:\/\/www.oidossucios.com\/site\/este-domingo-se-realizara-el-1er-festival-musicaraza\/\",\"name\":\"Este domingo se realizar\\u00e1 el 1er Festival M\\u00fasicaRaza - OidosSucios.Com\",\"isPartOf\":{\"@id\":\"https:\/\/www.oidossucios.com\/site\/#website\"},\"primaryImageOfPage\":{\"@id\":\"https:\/\/www.oidossucios.com\/site\/este-domingo-se-realizara-el-1er-festival-musicaraza\/#primaryimage\"},\"datePublished\":\"2010-05-22T03:37:00+00:00\",\"dateModified\":\"2010-05-22T03:37:00+00:00\",\"author\":{\"@id\":\"https:\/\/www.oidossucios.com\/site\/#\/schema\/person\/24559eeb76bf83a63296fb072393a688\"},\"description\":\"El domingo 23 de mayo a las 4pm \\\"M\\u00fasicaRaza\\\" y HOT 94 FM celebran el mes de apoyo al talento nacional en el Centro Cultural Chacao con Los Mentas, Le Bronch, Atkinson y una banda sorpresa.\",\"inLanguage\":\"es\",\"potentialAction\":[{\"@type\":\"ReadAction\",\"target\":[\"https:\/\/www.oidossucios.com\/site\/este-domingo-se-realizara-el-1er-festival-musicaraza\/\"]}]},{\"@type\":[\"Person\"],\"@id\":\"https:\/\/www.oidossucios.com\/site\/#\/schema\/person\/24559eeb76bf83a63296fb072393a688\",\"name\":\"Oidossucios\",\"image\":{\"@type\":\"ImageObject\",\"@id\":\"https:\/\/www.oidossucios.com\/site\/#personlogo\",\"inLanguage\":\"es\",\"url\":\"https:\/\/secure.gravatar.com\/avatar\/74fcb480f42f1a33e50a0b6e6369a3f907be2e43dc84fa5f76c66e9c22b4a5ab?s=96&d=mm&r=g\",\"caption\":\"Oidossucios\"},\"sameAs\":[\"https:\/\/twitter.com\/oidossucios\"]}]}<\/script>\n<!-- \/ Yoast SEO plugin. -->","jetpack_sharing_enabled":true,"_links":{"self":[{"href":"https:\/\/www.oidossucios.com\/site\/wp-json\/wp\/v2\/posts\/2625","targetHints":{"allow":["GET"]}}],"collection":[{"href":"https:\/\/www.oidossucios.com\/site\/wp-json\/wp\/v2\/posts"}],"about":[{"href":"https:\/\/www.oidossucios.com\/site\/wp-json\/wp\/v2\/types\/post"}],"author":[{"embeddable":true,"href":"https:\/\/www.oidossucios.com\/site\/wp-json\/wp\/v2\/users\/4"}],"replies":[{"embeddable":true,"href":"https:\/\/www.oidossucios.com\/site\/wp-json\/wp\/v2\/comments?post=2625"}],"version-history":[{"count":0,"href":"https:\/\/www.oidossucios.com\/site\/wp-json\/wp\/v2\/posts\/2625\/revisions"}],"wp:featuredmedia":[{"embeddable":true,"href":"https:\/\/www.oidossucios.com\/site\/wp-json\/wp\/v2\/media\/100002625"}],"wp:attachment":[{"href":"https:\/\/www.oidossucios.com\/site\/wp-json\/wp\/v2\/media?parent=2625"}],"wp:term":[{"taxonomy":"category","embeddable":true,"href":"https:\/\/www.oidossucios.com\/site\/wp-json\/wp\/v2\/categories?post=2625"},{"taxonomy":"post_tag","embeddable":true,"href":"https:\/\/www.oidossucios.com\/site\/wp-json\/wp\/v2\/tags?post=2625"}],"curies":[{"name":"wp","href":"https:\/\/api.w.org\/{rel}","templated":true}]}}