{"id":2626,"date":"2010-05-22T04:51:00","date_gmt":"2010-05-22T04:51:00","guid":{"rendered":"https:\/\/www.oidossucios.com\/site\/2010\/05\/22\/cerati-experimenta-una-leve-mejoria-y-comienza-a-salir-del-coma-inducido\/"},"modified":"2010-05-22T04:51:00","modified_gmt":"2010-05-22T04:51:00","slug":"cerati-experimenta-una-leve-mejoria-y-comienza-a-salir-del-coma-inducido","status":"publish","type":"post","link":"https:\/\/www.oidossucios.com\/site\/cerati-experimenta-una-leve-mejoria-y-comienza-a-salir-del-coma-inducido\/","title":{"rendered":"Cerati experimenta una leve mejor\u00eda y comienza a salir del coma inducido"},"content":{"rendered":"<p>El cantante argentino Gustavo Cerati, internado en el Centro M\u00e9dico Docente de La Trinidad en Caracas desde el pasado s\u00e1bado cuando sufri\u00f3 un accidente isqu\u00e9mico, comienza a experimentar una leve mejor\u00eda luego de su operaci\u00f3n del pasado martes.<\/p>\n<p>Al respecto, el parte m\u00e9dico difundido este viernes indica que:<\/p>\n<p>&#8220;En la \u00faltimas 24 horas se observa una leve mejor\u00eda en la evoluci\u00f3n del cuadro cl\u00ednico del paciente. Es importante destacar que esta evoluci\u00f3n es habitualmente lenta y que su comportamiento depende de cada paciente. En la ma\u00f1ana de hoy se ha practicado una evaluaci\u00f3n integral, conjuntamente con los Profesores Mar\u00eda Fernanda D\u00edaz y Ram\u00f3n Leiguarda, m\u00e9dicos especialistas visitantes de la Rep\u00fablica Argentina. De la evaluaci\u00f3n practicada, hemos consensuado la conducta terap\u00e9utica indicada al paciente, mediante ajustes necesarios, dado lo din\u00e1mico de estos cuadros cl\u00ednicos. Se mantiene controlada la presi\u00f3n endocraneana y entramos en otra fase de la evoluci\u00f3n de estas patolog\u00edas, las cuales son lentas.&#8221;<\/p>\n<p>Durante la noche, en declaraciones al canal argentino C5N, el m\u00e9dico del centro Fleni de ese pa\u00eds, Ram\u00f3n Leiguarda, coment\u00f3 que &#8220;Hay cambios favorables, todav\u00eda est\u00e1 con sedaci\u00f3n, pero ya dej\u00f3 el coma inducido. Los sedantes interfieren en el despertar y en las reacciones que pueda tener. Pero hubo respuestas favorables al disminuir la sedaci\u00f3n&#8221;.<\/p>\n<p>El cantante contin\u00faa con un respirador asistido &#8220;para asegurar la correcta oxigenaci\u00f3n del cerebro&#8221;, pero podr\u00eda &#8220;respirar por s\u00ed mismo&#8221;, explic\u00f3 Leiguarda, quien ma\u00f1ana regresar\u00e1 a la Argentina para cumplir con tareas particulares. &#8220;Los m\u00e9dicos venezolanos trabajaron perfectamente con el paciente, y cuando yo me vaya quedar\u00e1 en las mejores manos&#8221;, complet\u00f3 el especialista argentino. <\/p>\n<p>Tambi\u00e9n durante este viernes se conoci\u00f3 que los 2 hijos del artista, 2 sobrinos, su hermana, madre y ex esposa arribaron al pa\u00eds para hacerle compa\u00f1\u00eda. Tienen planeando visitar al ex Soda Stereo 2 veces diarias.<\/p>\n<p>Al finalizar la noche, el sitio oficial del artista, cerati.com anunci\u00f3 que &#8220;En vista de la leve mejor\u00eda la instituci\u00f3n ha resuelto no emitir partes m\u00e9dicos durante el fin de semana (s\u00e1bado 22 y domingo 23 de Mayo).&#8221;<\/p>\n<p>OidosSucios.Com invita a sus lectores a no hacerse eco de rumores infundados y centrar nuestras energ\u00edas en la pronta recuperaci\u00f3n del cantante. Les recordamos que este domingo a las 2 pm habr\u00e1 una reuni\u00f3n de los fans de Gustavo Cerati en la Plaza Alfredo Sadel de Las Mercedes, en Caracas.<\/p>\n<p><object width=\"480\" height=\"385\"><param name=\"movie\" value=\"http:\/\/www.youtube.com\/v\/E-sqW_yAx7A&#038;hl=es_ES&#038;fs=1&#038;\"><\/param><param name=\"allowFullScreen\" value=\"true\"><\/param><param name=\"allowscriptaccess\" value=\"always\"><\/param><\/object>  <\/p>\n<div style=\"text-align: center;\"><object width=\"480\" height=\"385\"><\/object>  <\/div>\n","protected":false},"excerpt":{"rendered":"<p>El cantante argentino, internado en una cl\u00ednica de Caracas desde el pasado s\u00e1bado, comienza el proceso de recuperaci\u00f3n post-operatorio.<\/p>\n","protected":false},"author":4,"featured_media":100002626,"comment_status":"open","ping_status":"open","sticky":false,"template":"","format":"standard","meta":{"_jetpack_memberships_contains_paid_content":false,"footnotes":""},"categories":[250],"tags":[],"class_list":["post-2626","post","type-post","status-publish","format-standard","has-post-thumbnail","hentry","category-noticias"],"jetpack_featured_media_url":"https:\/\/www.oidossucios.com\/site\/wp-content\/uploads\/2010\/05\/2626.jpg","yoast_head":"<!-- This site is optimized with the Yoast SEO plugin v14.0.4 - https:\/\/yoast.com\/wordpress\/plugins\/seo\/ -->\n<title>Cerati experimenta una leve mejor\u00eda y comienza a salir del coma inducido - OidosSucios.Com<\/title>\n<meta name=\"description\" content=\"El cantante argentino, internado en una cl\u00ednica de Caracas desde el pasado s\u00e1bado, comienza el proceso de recuperaci\u00f3n post-operatorio.\" \/>\n<meta name=\"robots\" content=\"index, follow\" \/>\n<meta name=\"googlebot\" content=\"index, follow, max-snippet:-1, max-image-preview:large, max-video-preview:-1\" \/>\n<meta name=\"bingbot\" content=\"index, follow, max-snippet:-1, max-image-preview:large, max-video-preview:-1\" \/>\n<link rel=\"canonical\" href=\"https:\/\/www.oidossucios.com\/site\/cerati-experimenta-una-leve-mejoria-y-comienza-a-salir-del-coma-inducido\/\" \/>\n<meta property=\"og:locale\" content=\"es_ES\" \/>\n<meta property=\"og:type\" content=\"article\" \/>\n<meta property=\"og:title\" content=\"Cerati experimenta una leve mejor\u00eda y comienza a salir del coma inducido - OidosSucios.Com\" \/>\n<meta property=\"og:description\" content=\"El cantante argentino, internado en una cl\u00ednica de Caracas desde el pasado s\u00e1bado, comienza el proceso de recuperaci\u00f3n post-operatorio.\" \/>\n<meta property=\"og:url\" content=\"https:\/\/www.oidossucios.com\/site\/cerati-experimenta-una-leve-mejoria-y-comienza-a-salir-del-coma-inducido\/\" \/>\n<meta property=\"og:site_name\" content=\"OidosSucios.Com\" \/>\n<meta property=\"article:published_time\" content=\"2010-05-22T04:51:00+00:00\" \/>\n<meta property=\"og:image\" content=\"https:\/\/www.oidossucios.com\/site\/wp-content\/uploads\/2010\/05\/2626.jpg\" \/>\n\t<meta property=\"og:image:width\" content=\"350\" \/>\n\t<meta property=\"og:image:height\" content=\"250\" \/>\n<meta name=\"twitter:card\" content=\"summary_large_image\" \/>\n<meta name=\"twitter:creator\" content=\"@oidossucios\" \/>\n<script type=\"application\/ld+json\" class=\"yoast-schema-graph\">{\"@context\":\"https:\/\/schema.org\",\"@graph\":[{\"@type\":\"WebSite\",\"@id\":\"https:\/\/www.oidossucios.com\/site\/#website\",\"url\":\"https:\/\/www.oidossucios.com\/site\/\",\"name\":\"OidosSucios.Com\",\"description\":\"M\\u00fasica, conciertos, discos\",\"potentialAction\":[{\"@type\":\"SearchAction\",\"target\":\"https:\/\/www.oidossucios.com\/site\/?s={search_term_string}\",\"query-input\":\"required name=search_term_string\"}],\"inLanguage\":\"es\"},{\"@type\":\"ImageObject\",\"@id\":\"https:\/\/www.oidossucios.com\/site\/cerati-experimenta-una-leve-mejoria-y-comienza-a-salir-del-coma-inducido\/#primaryimage\",\"inLanguage\":\"es\",\"url\":\"https:\/\/www.oidossucios.com\/site\/wp-content\/uploads\/2010\/05\/2626.jpg\",\"width\":350,\"height\":250},{\"@type\":\"WebPage\",\"@id\":\"https:\/\/www.oidossucios.com\/site\/cerati-experimenta-una-leve-mejoria-y-comienza-a-salir-del-coma-inducido\/#webpage\",\"url\":\"https:\/\/www.oidossucios.com\/site\/cerati-experimenta-una-leve-mejoria-y-comienza-a-salir-del-coma-inducido\/\",\"name\":\"Cerati experimenta una leve mejor\\u00eda y comienza a salir del coma inducido - OidosSucios.Com\",\"isPartOf\":{\"@id\":\"https:\/\/www.oidossucios.com\/site\/#website\"},\"primaryImageOfPage\":{\"@id\":\"https:\/\/www.oidossucios.com\/site\/cerati-experimenta-una-leve-mejoria-y-comienza-a-salir-del-coma-inducido\/#primaryimage\"},\"datePublished\":\"2010-05-22T04:51:00+00:00\",\"dateModified\":\"2010-05-22T04:51:00+00:00\",\"author\":{\"@id\":\"https:\/\/www.oidossucios.com\/site\/#\/schema\/person\/24559eeb76bf83a63296fb072393a688\"},\"description\":\"El cantante argentino, internado en una cl\\u00ednica de Caracas desde el pasado s\\u00e1bado, comienza el proceso de recuperaci\\u00f3n post-operatorio.\",\"inLanguage\":\"es\",\"potentialAction\":[{\"@type\":\"ReadAction\",\"target\":[\"https:\/\/www.oidossucios.com\/site\/cerati-experimenta-una-leve-mejoria-y-comienza-a-salir-del-coma-inducido\/\"]}]},{\"@type\":[\"Person\"],\"@id\":\"https:\/\/www.oidossucios.com\/site\/#\/schema\/person\/24559eeb76bf83a63296fb072393a688\",\"name\":\"Oidossucios\",\"image\":{\"@type\":\"ImageObject\",\"@id\":\"https:\/\/www.oidossucios.com\/site\/#personlogo\",\"inLanguage\":\"es\",\"url\":\"https:\/\/secure.gravatar.com\/avatar\/74fcb480f42f1a33e50a0b6e6369a3f907be2e43dc84fa5f76c66e9c22b4a5ab?s=96&d=mm&r=g\",\"caption\":\"Oidossucios\"},\"sameAs\":[\"https:\/\/twitter.com\/oidossucios\"]}]}<\/script>\n<!-- \/ Yoast SEO plugin. -->","jetpack_sharing_enabled":true,"_links":{"self":[{"href":"https:\/\/www.oidossucios.com\/site\/wp-json\/wp\/v2\/posts\/2626","targetHints":{"allow":["GET"]}}],"collection":[{"href":"https:\/\/www.oidossucios.com\/site\/wp-json\/wp\/v2\/posts"}],"about":[{"href":"https:\/\/www.oidossucios.com\/site\/wp-json\/wp\/v2\/types\/post"}],"author":[{"embeddable":true,"href":"https:\/\/www.oidossucios.com\/site\/wp-json\/wp\/v2\/users\/4"}],"replies":[{"embeddable":true,"href":"https:\/\/www.oidossucios.com\/site\/wp-json\/wp\/v2\/comments?post=2626"}],"version-history":[{"count":0,"href":"https:\/\/www.oidossucios.com\/site\/wp-json\/wp\/v2\/posts\/2626\/revisions"}],"wp:featuredmedia":[{"embeddable":true,"href":"https:\/\/www.oidossucios.com\/site\/wp-json\/wp\/v2\/media\/100002626"}],"wp:attachment":[{"href":"https:\/\/www.oidossucios.com\/site\/wp-json\/wp\/v2\/media?parent=2626"}],"wp:term":[{"taxonomy":"category","embeddable":true,"href":"https:\/\/www.oidossucios.com\/site\/wp-json\/wp\/v2\/categories?post=2626"},{"taxonomy":"post_tag","embeddable":true,"href":"https:\/\/www.oidossucios.com\/site\/wp-json\/wp\/v2\/tags?post=2626"}],"curies":[{"name":"wp","href":"https:\/\/api.w.org\/{rel}","templated":true}]}}