{"id":2691,"date":"2010-07-01T11:57:00","date_gmt":"2010-07-01T11:57:00","guid":{"rendered":"https:\/\/www.oidossucios.com\/site\/2010\/07\/01\/interpol-anuncia-fecha-y-tracklisting-de-nuevo-album\/"},"modified":"2010-07-01T11:57:00","modified_gmt":"2010-07-01T11:57:00","slug":"interpol-anuncia-fecha-y-tracklisting-de-nuevo-album","status":"publish","type":"post","link":"https:\/\/www.oidossucios.com\/site\/interpol-anuncia-fecha-y-tracklisting-de-nuevo-album\/","title":{"rendered":"Interpol anuncia fecha y tracklisting de nuevo \u00e1lbum"},"content":{"rendered":"<p>Interpol revel\u00f3 el tracklisting completo, as\u00ed como el arte inicial de la portada de su nuevo \u00e1lbum, el cual saldr\u00e1 a la venta el pr\u00f3ximo 7 de septiembre del presente a\u00f1o.<\/p>\n<p>La banda de Nueva York ya public\u00f3 en su p\u00e1gina oficial InterpolNYC.com el arte de este disco, el cual le seguir\u00e1 a su trabajo de 2007 &#8220;Our Love To Admire&#8221;, y que fue grabado en los Electric Lady Studios&nbsp; y mezclado por Alan Moulder en Londres.<\/p>\n<p>Este \u00e1lbum, adem\u00e1s de ser el cuarto trabajo en estudio de la banda, ser\u00e1 el \u00faltimo con el bajista Carlos Dengler, quien anunci\u00f3 su salida de Interpol el pasado mayo.<\/p>\n<p>El tracklisting de &#8220;Interpol&#8221; ser\u00e1 el siguiente:<\/p>\n<p>Success<br \/>Memory Serves<br \/>Summer Well<br \/>Lights<br \/>Barricade<br \/>Always Malaise (The Man I Am)<br \/>Safe Without<br \/>Try It On<br \/>All Of The Ways<br \/>The Undoing<\/p>\n<p><\/p>\n","protected":false},"excerpt":{"rendered":"<p>La agrupaci\u00f3n de Nueva York anunci\u00f3 que su cuarto trabajo discogr\u00e1fico saldr\u00e1 a la venta el pr\u00f3ximo 7 de septiembre<\/p>\n","protected":false},"author":4,"featured_media":100002691,"comment_status":"open","ping_status":"open","sticky":false,"template":"","format":"standard","meta":{"_jetpack_memberships_contains_paid_content":false,"footnotes":""},"categories":[250],"tags":[],"class_list":["post-2691","post","type-post","status-publish","format-standard","has-post-thumbnail","hentry","category-noticias"],"jetpack_featured_media_url":"https:\/\/www.oidossucios.com\/site\/wp-content\/uploads\/2010\/07\/2691.jpg","yoast_head":"<!-- This site is optimized with the Yoast SEO plugin v14.0.4 - https:\/\/yoast.com\/wordpress\/plugins\/seo\/ -->\n<title>Interpol anuncia fecha y tracklisting de nuevo \u00e1lbum - OidosSucios.Com<\/title>\n<meta name=\"description\" content=\"La agrupaci\u00f3n de Nueva York anunci\u00f3 que su cuarto trabajo discogr\u00e1fico saldr\u00e1 a la venta el pr\u00f3ximo 7 de septiembre\" \/>\n<meta name=\"robots\" content=\"index, follow\" \/>\n<meta name=\"googlebot\" content=\"index, follow, max-snippet:-1, max-image-preview:large, max-video-preview:-1\" \/>\n<meta name=\"bingbot\" content=\"index, follow, max-snippet:-1, max-image-preview:large, max-video-preview:-1\" \/>\n<link rel=\"canonical\" href=\"https:\/\/www.oidossucios.com\/site\/interpol-anuncia-fecha-y-tracklisting-de-nuevo-album\/\" \/>\n<meta property=\"og:locale\" content=\"es_ES\" \/>\n<meta property=\"og:type\" content=\"article\" \/>\n<meta property=\"og:title\" content=\"Interpol anuncia fecha y tracklisting de nuevo \u00e1lbum - OidosSucios.Com\" \/>\n<meta property=\"og:description\" content=\"La agrupaci\u00f3n de Nueva York anunci\u00f3 que su cuarto trabajo discogr\u00e1fico saldr\u00e1 a la venta el pr\u00f3ximo 7 de septiembre\" \/>\n<meta property=\"og:url\" content=\"https:\/\/www.oidossucios.com\/site\/interpol-anuncia-fecha-y-tracklisting-de-nuevo-album\/\" \/>\n<meta property=\"og:site_name\" content=\"OidosSucios.Com\" \/>\n<meta property=\"article:published_time\" content=\"2010-07-01T11:57:00+00:00\" \/>\n<meta property=\"og:image\" content=\"https:\/\/www.oidossucios.com\/site\/wp-content\/uploads\/2010\/07\/2691.jpg\" \/>\n\t<meta property=\"og:image:width\" content=\"350\" \/>\n\t<meta property=\"og:image:height\" content=\"234\" \/>\n<meta name=\"twitter:card\" content=\"summary_large_image\" \/>\n<meta name=\"twitter:creator\" content=\"@oidossucios\" \/>\n<script type=\"application\/ld+json\" class=\"yoast-schema-graph\">{\"@context\":\"https:\/\/schema.org\",\"@graph\":[{\"@type\":\"WebSite\",\"@id\":\"https:\/\/www.oidossucios.com\/site\/#website\",\"url\":\"https:\/\/www.oidossucios.com\/site\/\",\"name\":\"OidosSucios.Com\",\"description\":\"M\\u00fasica, conciertos, discos\",\"potentialAction\":[{\"@type\":\"SearchAction\",\"target\":\"https:\/\/www.oidossucios.com\/site\/?s={search_term_string}\",\"query-input\":\"required name=search_term_string\"}],\"inLanguage\":\"es\"},{\"@type\":\"ImageObject\",\"@id\":\"https:\/\/www.oidossucios.com\/site\/interpol-anuncia-fecha-y-tracklisting-de-nuevo-album\/#primaryimage\",\"inLanguage\":\"es\",\"url\":\"https:\/\/www.oidossucios.com\/site\/wp-content\/uploads\/2010\/07\/2691.jpg\",\"width\":350,\"height\":234},{\"@type\":\"WebPage\",\"@id\":\"https:\/\/www.oidossucios.com\/site\/interpol-anuncia-fecha-y-tracklisting-de-nuevo-album\/#webpage\",\"url\":\"https:\/\/www.oidossucios.com\/site\/interpol-anuncia-fecha-y-tracklisting-de-nuevo-album\/\",\"name\":\"Interpol anuncia fecha y tracklisting de nuevo \\u00e1lbum - OidosSucios.Com\",\"isPartOf\":{\"@id\":\"https:\/\/www.oidossucios.com\/site\/#website\"},\"primaryImageOfPage\":{\"@id\":\"https:\/\/www.oidossucios.com\/site\/interpol-anuncia-fecha-y-tracklisting-de-nuevo-album\/#primaryimage\"},\"datePublished\":\"2010-07-01T11:57:00+00:00\",\"dateModified\":\"2010-07-01T11:57:00+00:00\",\"author\":{\"@id\":\"https:\/\/www.oidossucios.com\/site\/#\/schema\/person\/24559eeb76bf83a63296fb072393a688\"},\"description\":\"La agrupaci\\u00f3n de Nueva York anunci\\u00f3 que su cuarto trabajo discogr\\u00e1fico saldr\\u00e1 a la venta el pr\\u00f3ximo 7 de septiembre\",\"inLanguage\":\"es\",\"potentialAction\":[{\"@type\":\"ReadAction\",\"target\":[\"https:\/\/www.oidossucios.com\/site\/interpol-anuncia-fecha-y-tracklisting-de-nuevo-album\/\"]}]},{\"@type\":[\"Person\"],\"@id\":\"https:\/\/www.oidossucios.com\/site\/#\/schema\/person\/24559eeb76bf83a63296fb072393a688\",\"name\":\"Oidossucios\",\"image\":{\"@type\":\"ImageObject\",\"@id\":\"https:\/\/www.oidossucios.com\/site\/#personlogo\",\"inLanguage\":\"es\",\"url\":\"https:\/\/secure.gravatar.com\/avatar\/74fcb480f42f1a33e50a0b6e6369a3f907be2e43dc84fa5f76c66e9c22b4a5ab?s=96&d=mm&r=g\",\"caption\":\"Oidossucios\"},\"sameAs\":[\"https:\/\/twitter.com\/oidossucios\"]}]}<\/script>\n<!-- \/ Yoast SEO plugin. -->","jetpack_sharing_enabled":true,"_links":{"self":[{"href":"https:\/\/www.oidossucios.com\/site\/wp-json\/wp\/v2\/posts\/2691","targetHints":{"allow":["GET"]}}],"collection":[{"href":"https:\/\/www.oidossucios.com\/site\/wp-json\/wp\/v2\/posts"}],"about":[{"href":"https:\/\/www.oidossucios.com\/site\/wp-json\/wp\/v2\/types\/post"}],"author":[{"embeddable":true,"href":"https:\/\/www.oidossucios.com\/site\/wp-json\/wp\/v2\/users\/4"}],"replies":[{"embeddable":true,"href":"https:\/\/www.oidossucios.com\/site\/wp-json\/wp\/v2\/comments?post=2691"}],"version-history":[{"count":0,"href":"https:\/\/www.oidossucios.com\/site\/wp-json\/wp\/v2\/posts\/2691\/revisions"}],"wp:featuredmedia":[{"embeddable":true,"href":"https:\/\/www.oidossucios.com\/site\/wp-json\/wp\/v2\/media\/100002691"}],"wp:attachment":[{"href":"https:\/\/www.oidossucios.com\/site\/wp-json\/wp\/v2\/media?parent=2691"}],"wp:term":[{"taxonomy":"category","embeddable":true,"href":"https:\/\/www.oidossucios.com\/site\/wp-json\/wp\/v2\/categories?post=2691"},{"taxonomy":"post_tag","embeddable":true,"href":"https:\/\/www.oidossucios.com\/site\/wp-json\/wp\/v2\/tags?post=2691"}],"curies":[{"name":"wp","href":"https:\/\/api.w.org\/{rel}","templated":true}]}}