{"id":2694,"date":"2010-07-02T11:17:00","date_gmt":"2010-07-02T11:17:00","guid":{"rendered":"https:\/\/www.oidossucios.com\/site\/2010\/07\/02\/este-domingo-se-anuncian-los-concursantes-del-festival-nuevas-bandas-2010\/"},"modified":"2010-07-02T11:17:00","modified_gmt":"2010-07-02T11:17:00","slug":"este-domingo-se-anuncian-los-concursantes-del-festival-nuevas-bandas-2010","status":"publish","type":"post","link":"https:\/\/www.oidossucios.com\/site\/este-domingo-se-anuncian-los-concursantes-del-festival-nuevas-bandas-2010\/","title":{"rendered":"Este domingo se anuncian los concursantes del Festival Nuevas Bandas 2010"},"content":{"rendered":"<p>Este domingo 4 de julio ser\u00e1n reveladas las bandas que participar\u00e1n en el Festival Nuevas Bandas 2010 durante el programa de radio Fabricado Ac\u00e1, a partir de las 9:00 p.m por La Mega.<\/p>\n<p>Las agrupaciones seleccionadas participar\u00e1n en el evento, que este a\u00f1o celebrar\u00e1 su 20 aniversario, y se llevar\u00e1 a cabo el 24 y 25 de julio en la Plaza la Castellana. Asimismo, este domingo ser\u00e1n colocados los temas de las bandas participantes y se dar\u00e1n detalles adicionales sobre el concierto.<\/p>\n<p>&nbsp;La segunda hora de este programa estar\u00e1 dedicada a Andr\u00e9s Calamaro, haciendo un recorrido de la carrera musical de este artista que visitar\u00e1 Venezuela el pr\u00f3ximo 9 de julio para promocionar su \u00faltimo disco &#8220;On the Rocks&#8221;. <\/p>\n<p>Este cap\u00edtulo de Fabricado Ac\u00e1 puede ser sintonizado a trav\u00e9s de: www.lamegaestacion.com. Domingo entre 9:00 p.m y 11:00 p.m. por La Mega a nivel nacional.<br \/>&nbsp;<br \/>&nbsp;<\/p>\n","protected":false},"excerpt":{"rendered":"<p>Las agrupaciones seleccionadas ser\u00e1n reveladas durante el programa Fabricado Ac\u00e1, a partir de las 9:00 p.m por La Mega <\/p>\n","protected":false},"author":4,"featured_media":100002694,"comment_status":"open","ping_status":"open","sticky":false,"template":"","format":"standard","meta":{"_jetpack_memberships_contains_paid_content":false,"footnotes":""},"categories":[250],"tags":[],"class_list":["post-2694","post","type-post","status-publish","format-standard","has-post-thumbnail","hentry","category-noticias"],"jetpack_featured_media_url":"https:\/\/www.oidossucios.com\/site\/wp-content\/uploads\/2010\/07\/2694.jpg","yoast_head":"<!-- This site is optimized with the Yoast SEO plugin v14.0.4 - https:\/\/yoast.com\/wordpress\/plugins\/seo\/ -->\n<title>Este domingo se anuncian los concursantes del Festival Nuevas Bandas 2010 - OidosSucios.Com<\/title>\n<meta name=\"description\" content=\"Las agrupaciones seleccionadas ser\u00e1n reveladas durante el programa Fabricado Ac\u00e1, a partir de las 9:00 p.m por La Mega\" \/>\n<meta name=\"robots\" content=\"index, follow\" \/>\n<meta name=\"googlebot\" content=\"index, follow, max-snippet:-1, max-image-preview:large, max-video-preview:-1\" \/>\n<meta name=\"bingbot\" content=\"index, follow, max-snippet:-1, max-image-preview:large, max-video-preview:-1\" \/>\n<link rel=\"canonical\" href=\"https:\/\/www.oidossucios.com\/site\/este-domingo-se-anuncian-los-concursantes-del-festival-nuevas-bandas-2010\/\" \/>\n<meta property=\"og:locale\" content=\"es_ES\" \/>\n<meta property=\"og:type\" content=\"article\" \/>\n<meta property=\"og:title\" content=\"Este domingo se anuncian los concursantes del Festival Nuevas Bandas 2010 - OidosSucios.Com\" \/>\n<meta property=\"og:description\" content=\"Las agrupaciones seleccionadas ser\u00e1n reveladas durante el programa Fabricado Ac\u00e1, a partir de las 9:00 p.m por La Mega\" \/>\n<meta property=\"og:url\" content=\"https:\/\/www.oidossucios.com\/site\/este-domingo-se-anuncian-los-concursantes-del-festival-nuevas-bandas-2010\/\" \/>\n<meta property=\"og:site_name\" content=\"OidosSucios.Com\" \/>\n<meta property=\"article:published_time\" content=\"2010-07-02T11:17:00+00:00\" \/>\n<meta property=\"og:image\" content=\"https:\/\/www.oidossucios.com\/site\/wp-content\/uploads\/2010\/07\/2694.jpg\" \/>\n\t<meta property=\"og:image:width\" content=\"350\" \/>\n\t<meta property=\"og:image:height\" content=\"235\" \/>\n<meta name=\"twitter:card\" content=\"summary_large_image\" \/>\n<meta name=\"twitter:creator\" content=\"@oidossucios\" \/>\n<script type=\"application\/ld+json\" class=\"yoast-schema-graph\">{\"@context\":\"https:\/\/schema.org\",\"@graph\":[{\"@type\":\"WebSite\",\"@id\":\"https:\/\/www.oidossucios.com\/site\/#website\",\"url\":\"https:\/\/www.oidossucios.com\/site\/\",\"name\":\"OidosSucios.Com\",\"description\":\"M\\u00fasica, conciertos, discos\",\"potentialAction\":[{\"@type\":\"SearchAction\",\"target\":\"https:\/\/www.oidossucios.com\/site\/?s={search_term_string}\",\"query-input\":\"required name=search_term_string\"}],\"inLanguage\":\"es\"},{\"@type\":\"ImageObject\",\"@id\":\"https:\/\/www.oidossucios.com\/site\/este-domingo-se-anuncian-los-concursantes-del-festival-nuevas-bandas-2010\/#primaryimage\",\"inLanguage\":\"es\",\"url\":\"https:\/\/www.oidossucios.com\/site\/wp-content\/uploads\/2010\/07\/2694.jpg\",\"width\":350,\"height\":235},{\"@type\":\"WebPage\",\"@id\":\"https:\/\/www.oidossucios.com\/site\/este-domingo-se-anuncian-los-concursantes-del-festival-nuevas-bandas-2010\/#webpage\",\"url\":\"https:\/\/www.oidossucios.com\/site\/este-domingo-se-anuncian-los-concursantes-del-festival-nuevas-bandas-2010\/\",\"name\":\"Este domingo se anuncian los concursantes del Festival Nuevas Bandas 2010 - OidosSucios.Com\",\"isPartOf\":{\"@id\":\"https:\/\/www.oidossucios.com\/site\/#website\"},\"primaryImageOfPage\":{\"@id\":\"https:\/\/www.oidossucios.com\/site\/este-domingo-se-anuncian-los-concursantes-del-festival-nuevas-bandas-2010\/#primaryimage\"},\"datePublished\":\"2010-07-02T11:17:00+00:00\",\"dateModified\":\"2010-07-02T11:17:00+00:00\",\"author\":{\"@id\":\"https:\/\/www.oidossucios.com\/site\/#\/schema\/person\/24559eeb76bf83a63296fb072393a688\"},\"description\":\"Las agrupaciones seleccionadas ser\\u00e1n reveladas durante el programa Fabricado Ac\\u00e1, a partir de las 9:00 p.m por La Mega\",\"inLanguage\":\"es\",\"potentialAction\":[{\"@type\":\"ReadAction\",\"target\":[\"https:\/\/www.oidossucios.com\/site\/este-domingo-se-anuncian-los-concursantes-del-festival-nuevas-bandas-2010\/\"]}]},{\"@type\":[\"Person\"],\"@id\":\"https:\/\/www.oidossucios.com\/site\/#\/schema\/person\/24559eeb76bf83a63296fb072393a688\",\"name\":\"Oidossucios\",\"image\":{\"@type\":\"ImageObject\",\"@id\":\"https:\/\/www.oidossucios.com\/site\/#personlogo\",\"inLanguage\":\"es\",\"url\":\"https:\/\/secure.gravatar.com\/avatar\/74fcb480f42f1a33e50a0b6e6369a3f907be2e43dc84fa5f76c66e9c22b4a5ab?s=96&d=mm&r=g\",\"caption\":\"Oidossucios\"},\"sameAs\":[\"https:\/\/twitter.com\/oidossucios\"]}]}<\/script>\n<!-- \/ Yoast SEO plugin. -->","jetpack_sharing_enabled":true,"_links":{"self":[{"href":"https:\/\/www.oidossucios.com\/site\/wp-json\/wp\/v2\/posts\/2694","targetHints":{"allow":["GET"]}}],"collection":[{"href":"https:\/\/www.oidossucios.com\/site\/wp-json\/wp\/v2\/posts"}],"about":[{"href":"https:\/\/www.oidossucios.com\/site\/wp-json\/wp\/v2\/types\/post"}],"author":[{"embeddable":true,"href":"https:\/\/www.oidossucios.com\/site\/wp-json\/wp\/v2\/users\/4"}],"replies":[{"embeddable":true,"href":"https:\/\/www.oidossucios.com\/site\/wp-json\/wp\/v2\/comments?post=2694"}],"version-history":[{"count":0,"href":"https:\/\/www.oidossucios.com\/site\/wp-json\/wp\/v2\/posts\/2694\/revisions"}],"wp:featuredmedia":[{"embeddable":true,"href":"https:\/\/www.oidossucios.com\/site\/wp-json\/wp\/v2\/media\/100002694"}],"wp:attachment":[{"href":"https:\/\/www.oidossucios.com\/site\/wp-json\/wp\/v2\/media?parent=2694"}],"wp:term":[{"taxonomy":"category","embeddable":true,"href":"https:\/\/www.oidossucios.com\/site\/wp-json\/wp\/v2\/categories?post=2694"},{"taxonomy":"post_tag","embeddable":true,"href":"https:\/\/www.oidossucios.com\/site\/wp-json\/wp\/v2\/tags?post=2694"}],"curies":[{"name":"wp","href":"https:\/\/api.w.org\/{rel}","templated":true}]}}